{"id":53042,"date":"2025-10-05T09:00:17","date_gmt":"2025-10-05T09:00:17","guid":{"rendered":"https:\/\/www.europesays.com\/no\/53042\/"},"modified":"2025-10-05T09:00:17","modified_gmt":"2025-10-05T09:00:17","slug":"martin-odegaard-skal-undersokes-etter-skade","status":"publish","type":"post","link":"https:\/\/www.europesays.com\/no\/53042\/","title":{"rendered":"Martin \u00d8degaard skal unders\u00f8kes etter skade"},"content":{"rendered":"\n<p class=\"_lead_1994c_2 _lead_xtcu6_50 layout-component text-serif-m layout-normal text-serif-l layout-component layout-wide layout-padded _wide_17hqh_1 layout-padded\">Landslagskaptein Martin \u00d8degaard blir v\u00e6rende i London for \u00e5 gjennomg\u00e5 unders\u00f8kelser etter skaden han p\u00e5dro seg mot West Ham l\u00f8rdag.<\/p>\n<p> <img class=\"_image_qp4xg_65 layout-component layout-wide\" data-fullscreen- data-track-element-type=\"Article image fullscreen\" data-track-name=\"ImageFullscreen\" fetchpriority=\"high\" decoding=\"sync\" loading=\"eager\" height=\"102\" itemprop=\"image\"  src=\"https:\/\/www.europesays.com\/no\/wp-content\/uploads\/2025\/10\/2ee41a2202ac9e26cd94d3a0471a3662.jpg\"  style=\"object-position:50% 50%;aspect-ratio:1.75;height:auto;object-fit:cover;width:100%\" width=\"102\"\/>  <\/p>\n<ul aria-hidden=\"true\" class=\"_images_1y6fe_106\">\n<li><a class=\"_link_1y6fe_111\" href=\"https:\/\/www.vg.no\/forfatter\/yasmin-sunde-hoel\" style=\"z-index:2\" title=\"Yasmin Sunde Hoel\" rel=\"nofollow noopener\" target=\"_blank\"><img alt=\"Bilde av Yasmin Sunde Hoel\" class=\"_image_1y6fe_88\" fetchpriority=\"low\" loading=\"lazy\" decoding=\"async\" itemprop=\"image\"  src=\"https:\/\/www.europesays.com\/no\/wp-content\/uploads\/2025\/10\/1759654816_256_9b0968a4-bfc7-4456-a6f4-b0a569ad0436\"  width=\"480\"\/><\/a><\/li>\n<li><a class=\"_link_1y6fe_111\" href=\"https:\/\/www.vg.no\/forfatter\/ntb\" style=\"z-index:1\" title=\"NTB\" rel=\"nofollow noopener\" target=\"_blank\"><img alt=\"Bilde av NTB\" class=\"_image_1y6fe_88\" fetchpriority=\"low\" loading=\"lazy\" decoding=\"async\" itemprop=\"image\"  src=\"https:\/\/www.europesays.com\/no\/wp-content\/uploads\/2025\/10\/1759654816_331_c33980b0-5d07-4027-84a1-813f90a7c8d6\"  width=\"480\"\/><\/a><\/li>\n<\/ul>\n<p> Oppdatert s\u00f8ndag 5. oktober kl. 10:25    <\/p>\n<ul class=\"_list_1994c_3 _list_64s2r_85 _unordered_1994c_105 text-sans-m\">\n<li class=\"_item_1994c_30\">Martin \u00d8degaard blir i London for \u00e5 unders\u00f8kes etter kneskaden han fikk mot West Ham.<\/li>\n<li class=\"_item_1994c_30\">Usikker om han kan spille Norges kommende kamper mot Israel og New Zealand.<\/li>\n<li class=\"_item_1994c_30\">\u00d8degaard har hatt flere skadeproblemer denne sesongen.<\/li>\n<li class=\"_item_1994c_30\">Arsenal topper Premier League etter seieren mot West Ham.<\/li>\n<\/ul>\n<p>Vis mer <\/p>\n<p class=\"_paragraph_1994c_4 _paragraph_xtcu6_10 layout-component text-serif-m layout-normal text-serif-m layout-padded\">Det f\u00e5r <a href=\"https:\/\/www.dagbladet.no\/sport\/legen-bekrefter\/83681819\" class=\"_link_1994c_39\" rel=\"nofollow noopener\" target=\"_blank\">Dagbladet bekreftet <\/a> av landslagslege Ola Sand. \u00d8degaard skulle reist til Norge l\u00f8rdag kveld.<\/p>\n<p class=\"_paragraph_1994c_4 _paragraph_xtcu6_10 layout-component text-serif-m layout-normal text-serif-m layout-padded\">Sand opplyser til avisen at \u00d8degaard det p\u00e5 et senere tidspunkt blir tatt stilling til om det er hensiktsmessig at midtbanestjernen slutter seg til den norske landslagsleiren.<\/p>\n<p class=\"_paragraph_1994c_4 _paragraph_xtcu6_10 layout-component text-serif-m layout-normal text-serif-m layout-padded\">\u2013 Altfor tidlig, skriver Sand i en SMS til VG p\u00e5 sp\u00f8rsm\u00e5l om hva han kan si om situasjonen til \u00d8degaard.<\/p>\n<p class=\"_paragraph_1994c_4 _paragraph_xtcu6_10 layout-component text-serif-m layout-normal text-serif-m layout-padded\">Norge m\u00f8ter Israel til skjebnekamp i VM-kvalifiseringen p\u00e5 Ullevaal stadion kommende l\u00f8rdag. Deretter er det privatkamp mot New Zealand, ogs\u00e5 den p\u00e5 hjemmebane.<\/p>\n<p class=\"_paragraph_1994c_4 _paragraph_xtcu6_10 layout-component text-serif-m layout-normal text-serif-m layout-padded\">N\u00e5 er det h\u00f8yst usikkert om \u00d8degaard kan ta del i de to oppgj\u00f8rene.<\/p>\n<p><img alt=\"FORTVILTE: Martin \u00d8degaard ristet p\u00e5 hodet og s\u00e5 frustrert ut etter at han p\u00e5dro seg knesmellen.  Foto: Kirsty Wigglesworth \/ AP \/ NTB\" class=\"_image_qp4xg_65 layout-component layout-normal\" data-fullscreen- data-track-element-type=\"Article image fullscreen\" data-track-name=\"ImageFullscreen\" decoding=\"async\" loading=\"lazy\" height=\"3263\" itemprop=\"image\"  src=\"https:\/\/www.europesays.com\/no\/wp-content\/uploads\/2025\/10\/e09dab00-dd26-40fd-a87f-a92382b49941\"  style=\"object-position:0% 0%\" width=\"4894\"\/>FORTVILTE: Martin \u00d8degaard ristet p\u00e5 hodet og s\u00e5 frustrert ut etter at han p\u00e5dro seg knesmellen.  Foto: Kirsty Wigglesworth \/ AP \/ NTB<\/p>\n<p class=\"_paragraph_1994c_4 _paragraph_xtcu6_10 layout-component text-serif-m layout-normal text-serif-m layout-padded\">Landslagskapteinen fikk seg <a href=\"https:\/\/www.vg.no\/sport\/i\/KMO3p5\/martin-oedegaard-maatte-byttes-ut-etter-smell\" data-track-element-type=\"Link\" data-track-id=\"link:KMO3p5\" class=\"_link_1994c_39\" rel=\"nofollow noopener\" target=\"_blank\">en smell i venstre kne like f\u00f8r halvspilt f\u00f8rste omgang av l\u00f8rdagens kamp mot West Ham<\/a>. \u00d8degaard fors\u00f8kte f\u00f8rst \u00e5 fortsette, men like etter sa det likevel stopp.<\/p>\n<p class=\"_paragraph_1994c_4 _paragraph_xtcu6_10 layout-component text-serif-m layout-normal text-serif-m layout-padded\">Byttet ble gjennomf\u00f8rt etter en snau halvtime.<\/p>\n<p class=\"_paragraph_1994c_4 _paragraph_xtcu6_10 layout-component text-serif-m layout-normal text-serif-m layout-padded\">Etter kampen var Arsenal-manager Mikel Arteta ikke positiv.<\/p>\n<p class=\"_paragraph_1994c_4 _paragraph_xtcu6_10 layout-component text-serif-m layout-normal text-serif-m layout-padded\"> \u2013\u2060\u00a0Nok en gang var han uheldig. Det var kne-mot-kne, og han kjente umiddelbart at noe ikke var riktig. Vi f\u00e5r unders\u00f8ke ham og se hvor ille skaden er. Han har v\u00e6rt veldig, veldig uheldig, sa han if\u00f8lge<a href=\"https:\/\/www.bbc.com\/sport\/football\/live\/cz69g6xvg24t\" class=\"_link_1994c_39\" rel=\"nofollow noopener\" target=\"_blank\"> BB<\/a>C.<\/p>\n<p class=\"_paragraph_1994c_4 _paragraph_xtcu6_10 layout-component text-serif-m layout-normal text-serif-m layout-padded\">If\u00f8lge flere medier la Arteta ogs\u00e5 til at \u00d8degaard selv ikke skal ha v\u00e6rt spesielt positiv. Nordmannen skal ha forlatt arenaen med en st\u00f8tteskinne p\u00e5 beinet.<\/p>\n<p><img alt=\"BYTTET UT: \u00d8degaard gikk ut for egen maskin etter skaden.  Foto: John Walton \/ Pa Photos \/ NTB\" class=\"_image_qp4xg_65 layout-component layout-normal\" data-fullscreen- data-track-element-type=\"Article image fullscreen\" data-track-name=\"ImageFullscreen\" decoding=\"async\" loading=\"lazy\" height=\"1778\" itemprop=\"image\"  src=\"https:\/\/www.europesays.com\/no\/wp-content\/uploads\/2025\/10\/7bfa46cc-23e2-4a8b-8ea2-28e9aa6ab35f\"  style=\"object-position:0% 0%\" width=\"2618\"\/>BYTTET UT: \u00d8degaard gikk ut for egen maskin etter skaden.  Foto: John Walton \/ Pa Photos \/ NTB<\/p>\n<p class=\"_paragraph_1994c_4 _paragraph_xtcu6_10 layout-component text-serif-m layout-normal text-serif-m layout-padded\">\u00d8degaard har slitt med skadetr\u00f8bbel s\u00e5 langt denne sesongen. Tidligere i h\u00f8st har en vond skulder v\u00e6rt problemet.<\/p>\n<p class=\"_paragraph_1994c_4 _paragraph_xtcu6_10 layout-component text-serif-m layout-normal text-serif-m layout-padded\">L\u00f8rdagens kamp vant Arsenal komfortabelt. Declan Rice hamret inn 1-0 mot gamleklubben f\u00f8r pause, f\u00f8r Bukayo Saka \u00f8kte til 2-0 fra straffemerket etter hvilen.<\/p>\n<p class=\"_paragraph_1994c_4 _paragraph_xtcu6_10 layout-component text-serif-m layout-normal text-serif-m layout-padded\">Det s\u00f8rger for at Arsenal topper <a href=\"https:\/\/www.vg.no\/tag\/premier-league?utm_source=vg-article&amp;utm_medium=auto-tagger&amp;utm_campaign=wg7e41\" class=\"_link_1994c_39\" rel=\"nofollow noopener\" target=\"_blank\">Premier League<\/a> etter sju spilte kamper. Liverpool er poenget bak p\u00e5 2.-plass.<\/p>\n<p class=\"_paragraph_1994c_4 _paragraph_xtcu6_10 layout-component text-serif-m layout-normal text-serif-m layout-padded\">Landslagssjef St\u00e5le Solbakken har s\u00e5 langt ikke besvart VGs henvendelser om denne saken.<\/p>\n","protected":false},"excerpt":{"rendered":"Landslagskaptein Martin \u00d8degaard blir v\u00e6rende i London for \u00e5 gjennomg\u00e5 unders\u00f8kelser etter skaden han p\u00e5dro seg mot West&hellip;\n","protected":false},"author":2,"featured_media":53043,"comment_status":"","ping_status":"","sticky":false,"template":"","format":"standard","meta":{"footnotes":""},"categories":[59],"tags":[328,181,30,28,29,161,83,82],"class_list":{"0":"post-53042","1":"post","2":"type-post","3":"status-publish","4":"format-standard","5":"has-post-thumbnail","7":"category-sport","8":"tag-arsenal","9":"tag-martin-odegaard","10":"tag-no","11":"tag-norge","12":"tag-norway","13":"tag-premier-league","14":"tag-sport","15":"tag-sports"},"share_on_mastodon":{"url":"","error":""},"_links":{"self":[{"href":"https:\/\/www.europesays.com\/no\/wp-json\/wp\/v2\/posts\/53042","targetHints":{"allow":["GET"]}}],"collection":[{"href":"https:\/\/www.europesays.com\/no\/wp-json\/wp\/v2\/posts"}],"about":[{"href":"https:\/\/www.europesays.com\/no\/wp-json\/wp\/v2\/types\/post"}],"author":[{"embeddable":true,"href":"https:\/\/www.europesays.com\/no\/wp-json\/wp\/v2\/users\/2"}],"replies":[{"embeddable":true,"href":"https:\/\/www.europesays.com\/no\/wp-json\/wp\/v2\/comments?post=53042"}],"version-history":[{"count":0,"href":"https:\/\/www.europesays.com\/no\/wp-json\/wp\/v2\/posts\/53042\/revisions"}],"wp:featuredmedia":[{"embeddable":true,"href":"https:\/\/www.europesays.com\/no\/wp-json\/wp\/v2\/media\/53043"}],"wp:attachment":[{"href":"https:\/\/www.europesays.com\/no\/wp-json\/wp\/v2\/media?parent=53042"}],"wp:term":[{"taxonomy":"category","embeddable":true,"href":"https:\/\/www.europesays.com\/no\/wp-json\/wp\/v2\/categories?post=53042"},{"taxonomy":"post_tag","embeddable":true,"href":"https:\/\/www.europesays.com\/no\/wp-json\/wp\/v2\/tags?post=53042"}],"curies":[{"name":"wp","href":"https:\/\/api.w.org\/{rel}","templated":true}]}}