{"id":53051,"date":"2025-10-05T09:20:21","date_gmt":"2025-10-05T09:20:21","guid":{"rendered":"https:\/\/www.europesays.com\/no\/53051\/"},"modified":"2025-10-05T09:20:21","modified_gmt":"2025-10-05T09:20:21","slug":"skandaler-romanser-og-uforglemmelige-oyeblikk-gjennom-20-ar","status":"publish","type":"post","link":"https:\/\/www.europesays.com\/no\/53051\/","title":{"rendered":"Skandaler, romanser og uforglemmelige \u00f8yeblikk gjennom 20 \u00e5r"},"content":{"rendered":"<p>Etter ett \u00e5rs pause er \u00abSkal vi danse\u00bb n\u00e5 tilbake i ny drakt p\u00e5 TV 2. Snart 20 \u00e5r har g\u00e5tt siden premieren, og det er duket for enda mer glitter, glamour og underholdning n\u00e5r l\u00f8rdagsfavoritten er tilbake med tretten nye kjendiser p\u00e5 parketten. I anledning jubileet ser vi tilbake p\u00e5 noen av programmets mest minneverdige \u00f8yeblikk. For bak de elegante dansene skjuler det seg historier om skader, skandaler, raseri og romanser som har overrasket b\u00e5de deltakere, dommere og ikke minst seerne.<\/p>\n<p>          <img loading=\"lazy\" decoding=\"async\" src=\"https:\/\/www.europesays.com\/no\/wp-content\/uploads\/2025\/10\/83673038.webp\" width=\"686\" height=\"755\" title=\"EVIG TAKKNEMLIG: Helene&#10;Olafsen vant med&#10;J\u00f8rgen Nilsen \u2013 i dag&#10;er de gift og sm\u00e5barnsforeldre. Foto: Morten Eik\" alt=\"\" class=\"\" style=\"--aspect-ratio-image: 0.91; \"\/><\/p>\n<p>\n          EVIG TAKKNEMLIG: Helene<br \/>\nOlafsen vant med<br \/>\nJ\u00f8rgen Nilsen \u2013 i dag<br \/>\ner de gift og sm\u00e5barnsforeldre. Foto: Morten Eik\n      <\/p>\n<p>Raste etter tap\t<\/p>\n<p>En av de mest intense finalene fant sted i 2019, da sv\u00f8mmeren Aleksander Hetland (42) m\u00f8tte treningsinfluenseren J\u00f8rgine \u00abFunkygine\u00bb Vasstrand (36) i finalen. Aleksander gikk til topps, og J\u00f8rgine raste senere fra seg p\u00e5 sosiale medier, der hun sa at hun hatet \u00abSkal vi danse\u00bb, og stemplet det som et \u00abs*t*ns drittprogram\u00bb. <\/p>\n<p>          <img loading=\"lazy\" decoding=\"async\" src=\"https:\/\/www.europesays.com\/no\/wp-content\/uploads\/2025\/10\/83673051.webp\" width=\"686\" height=\"1009\" title=\"RADARPAR: Jorun Stiansen var med i&#10;konkurransen i 2017. \u00c5ret etter kom hun tilbake&#10;for en gjesteopptreden.Her sammen med Sophie Elise (t.h.). Foto: Tor Lindseth\" alt=\"\" class=\"\" style=\"--aspect-ratio-image: 0.68; \"\/><\/p>\n<p>\n          RADARPAR: Jorun Stiansen var med i<br \/>\nkonkurransen i 2017. \u00c5ret etter kom hun tilbake<br \/>\nfor en gjesteopptreden.Her sammen med Sophie Elise (t.h.). Foto: Tor Lindseth\n      <\/p>\n<p>          <img loading=\"lazy\" decoding=\"async\" src=\"https:\/\/www.europesays.com\/no\/wp-content\/uploads\/2025\/10\/83673081.webp\" width=\"686\" height=\"412\" title=\"SJOKK-KYSS:&#10;Sophie Elise og Jorun&#10;Stiansen klinte til p\u00e5&#10;parketten i 2018. Foto: TV2\" alt=\"\" class=\"\" style=\"--aspect-ratio-image: 1.67; \"\/><\/p>\n<p>\n          SJOKK-KYSS:<br \/>\nSophie Elise og Jorun<br \/>\nStiansen klinte til p\u00e5<br \/>\nparketten i 2018. Foto: TV2\n      <\/p>\n<p>Gjorde comeback\t<\/p>\n<p>\u00a0Tre \u00e5r senere lot hun seg likevel overtale til \u00e5 delta i \u00abAll stars\u00bb-sesongen. Nok en gang m\u00e5tte hun se seg sl\u00e5tt p\u00e5 m\u00e5lstreken \u2013 denne gang av skuespilleren Cengiz Al (27). Etterp\u00e5 anklaget hun dommerne for \u00e5 favorisere mennene, men understreket at hun ikke var rasende denne gangen.<\/p>\n<p>          <img loading=\"lazy\" decoding=\"async\" src=\"https:\/\/www.europesays.com\/no\/wp-content\/uploads\/2025\/10\/83673090.webp\" width=\"686\" height=\"618\" title=\"HOLDT FORHOLDET SKJULT: Proffdanserne Alexandra Kakurina og Glenn J\u00f8rgen Sandaker&#10;ble sammen i 2009, men avsl\u00f8rte ikke forholdet f\u00f8r&#10;to \u00e5r senere. Foto: Espen Solli\" alt=\"\" class=\"\" style=\"--aspect-ratio-image: 1.11; \"\/><\/p>\n<p>\n          HOLDT FORHOLDET SKJULT: Proffdanserne Alexandra Kakurina og Glenn J\u00f8rgen Sandaker<br \/>\nble sammen i 2009, men avsl\u00f8rte ikke forholdet f\u00f8r<br \/>\nto \u00e5r senere. Foto: Espen Solli\n      <\/p>\n<p>\u2013 Herregud for en opplevelse dette har v\u00e6rt! Jeg angrer virkelig ikke et sekund p\u00e5 at jeg har brukt h\u00f8sten min p\u00e5 \u00abSkal vi danse\u00bb, skrev hun p\u00e5 Instagram.<\/p>\n<p>    <a itemprop=\"url\" href=\"https:\/\/www.seher.no\/kjendis\/sendte-celina-pa-do-da-han-sa-melania\/83665001\" rel=\"nofollow noopener\" target=\"_blank\"><\/p>\n<p>      <img loading=\"lazy\" decoding=\"async\" src=\"https:\/\/www.europesays.com\/no\/wp-content\/uploads\/2025\/10\/1759656016_478_83665370.webp\" width=\"980\" height=\"441\" title=\"- Sendte Celina p\u00e5 do\" alt=\"\" class=\"lazyload\" style=\"--aspect-ratio-image: 2.22; \"\/><\/p>\n<p>        &#8211; Sendte Celina p\u00e5 do<\/p>\n<p>    <\/a><\/p>\n<p>Kritiserte dommerne\t<\/p>\n<p>Ogs\u00e5 sexolog og influenser Iselin Guttormsen (38) rettet kritikk mot programmet etter \u00abAll stars\u00bb-sesongen, og hevdet at flere av dommernes kommentarer var preget av dansernes kj\u00f8nn.<\/p>\n<p>\u2013 De mannlige kjendisene blir hyllet herfra til m\u00e5nen. Det forventes at damer klarer \u00e5 v\u00e6re mer sensuelle enn gutta, sa hun.<\/p>\n<p>          <img loading=\"lazy\" decoding=\"async\" src=\"https:\/\/www.europesays.com\/no\/wp-content\/uploads\/2025\/10\/83673107.webp\" width=\"686\" height=\"728\" title=\"ROMANTIKK: Adel\u00e9n Rusillo Steen og&#10;Benjamin Jayakoddy ble kj\u00e6rester etter et hett&#10;dansekyss. Foto: Tor Lindseth\" alt=\"\" class=\"\" style=\"--aspect-ratio-image: 0.94; \"\/><\/p>\n<p>\n          ROMANTIKK: Adel\u00e9n Rusillo Steen og<br \/>\nBenjamin Jayakoddy ble kj\u00e6rester etter et hett<br \/>\ndansekyss. Foto: Tor Lindseth\n      <\/p>\n<p>Men deltakelsen f\u00f8rte ogs\u00e5 til privat lykke for Iselin. Hun falt pladask for sin dansepartner Catalin Mihu (31), og det tok ikke lang tid f\u00f8r de bekreftet at de var sammen. De er fremdeles kj\u00e6rester, snart tre \u00e5r senere.<\/p>\n<p>          <img loading=\"lazy\" decoding=\"async\" src=\"https:\/\/www.europesays.com\/no\/wp-content\/uploads\/2025\/10\/83673112.webp\" width=\"686\" height=\"570\" title=\"SKANDALESTUNT:&#10;Frank L\u00f8ke ble kastet ut etter&#10;\u00e5 ha danset i \u00abBorat-drakt\u00bb.&#10;Dansepartner Tone Jacobsen&#10;og TV 2 ante ingenting om&#10;stuntet i forkant. Foto: TV2\" alt=\"\" class=\"\" style=\"--aspect-ratio-image: 1.20; \"\/><\/p>\n<p>\n          SKANDALESTUNT:<br \/>\nFrank L\u00f8ke ble kastet ut etter<br \/>\n\u00e5 ha danset i \u00abBorat-drakt\u00bb.<br \/>\nDansepartner Tone Jacobsen<br \/>\nog TV 2 ante ingenting om<br \/>\nstuntet i forkant. Foto: TV2\n      <\/p>\n<p>Giftet seg\t<\/p>\n<p>\u00a0Kj\u00e6rligheten blomstret ogs\u00e5 for tidligere snowboardstjerne Helene Olafsen (35), som vant \u00abSkal vi danse\u00bb i 2017 med danseren J\u00f8rgen Nilsen (34). Etter mye hemmelighold bekreftet de forholdet \u00e5ret etter, og i dag er paret gift og har f\u00e5tt to barn \u2013 Louie (5) og Lilli (3). <\/p>\n<p>\u2013 For meg er det virkelig en annen tidsregning f\u00f8r og etter \u00abSkal vi danse\u00bb. Jeg er evig takknemlig for at jeg var med, har Helene sagt til Se og H\u00f8r.<\/p>\n<p>          <img loading=\"lazy\" decoding=\"async\" src=\"https:\/\/www.europesays.com\/no\/wp-content\/uploads\/2025\/10\/83673154.webp\" width=\"980\" height=\"559\" title=\"DOMMER- DRAMA:&#10;Morten Hegseth&#10;ble knust da han&#10;mistet plassen i&#10;dommerpanelet. Foto: NTB\" alt=\"\" class=\"\" style=\"--aspect-ratio-image: 1.75; \"\/><\/p>\n<p>\n          DOMMER- DRAMA:<br \/>\nMorten Hegseth<br \/>\nble knust da han<br \/>\nmistet plassen i<br \/>\ndommerpanelet. Foto: NTB\n      <\/p>\n<p>Hemmelig\t<\/p>\n<p>\u00a0Ogs\u00e5 proffdanserne Alexandra Kakurina (42) og Glenn J\u00f8rgen Sandaker (40) fant kj\u00e6rligheten p\u00e5 parketten. De holdt forholdet sitt hemmelig i to \u00e5r, f\u00f8r de valgte \u00e5 fortelle det til omverdenen i 2011. <\/p>\n<p>De giftet seg i en romantisk seremoni i Spania i 2022, og har blitt foreldre til en gutt.<\/p>\n<p>Hete f\u00f8lelser\t<\/p>\n<p>\u00a0Det er ikke uvanlig at det oppst\u00e5r f\u00f8lelser mellom danserne og deltakerne, blant heftige rumbaer og lidenskapelige tangoer. <\/p>\n<p>          <img loading=\"lazy\" decoding=\"async\" src=\"https:\/\/www.europesays.com\/no\/wp-content\/uploads\/2025\/10\/83673180.webp\" width=\"686\" height=\"392\" title=\"STEMME- BR\u00c5K: Nate&#10;Kahungu og Helene&#10;Spilling fikk sjokkexit&#10;i 2020 \u2013 men kom&#10;tilbake dagen etter. Foto: TV2\" alt=\"\" class=\"\" style=\"--aspect-ratio-image: 1.75; \"\/><\/p>\n<p>\n          STEMME- BR\u00c5K: Nate<br \/>\nKahungu og Helene<br \/>\nSpilling fikk sjokkexit<br \/>\ni 2020 \u2013 men kom<br \/>\ntilbake dagen etter. Foto: TV2\n      <\/p>\n<p>Det skjedde ogs\u00e5 i 2015 da artisten Adel\u00e9n Rusillo Steen (28) falt for sin dansepartner Benjamin Jayakoddy (30). <\/p>\n<p>Et kyss p\u00e5 dansegulvet satte fyr p\u00e5 romanseryktene, og paret bekreftet senere forholdet, som varte frem til 2019. <\/p>\n<p>Et annet overraskende kyss fikk vi i 2018, da influenser Sophie Elise Isachsen (30) danset med artisten Jorun Stiansen (41). Jorun var gjest i en av opptredenene, og if\u00f8rt skoleuniformer sjokkerte de publikum da de to damene klinte til. Senere fortalte de at stuntet var inspirert av Britney Spears\u2019 kyss med Madonna under MTV Video Music Awards i 2003. <\/p>\n<p>          <img loading=\"lazy\" decoding=\"async\" src=\"https:\/\/www.europesays.com\/no\/wp-content\/uploads\/2025\/10\/83673192.webp\" width=\"980\" height=\"559\" title=\"BL\u00d8DDE: Blodet fosset da han fikk en albue rett i ansiktet \u2013 men Kristian \u00d8deg\u00e5rd fullf\u00f8rte dansen og gikk til slutt helt til topps. Foto: TV2\" alt=\"\" class=\"\" style=\"--aspect-ratio-image: 1.75; \"\/><\/p>\n<p>\n          BL\u00d8DDE: Blodet fosset da han fikk en albue rett i ansiktet \u2013 men Kristian \u00d8deg\u00e5rd fullf\u00f8rte dansen og gikk til slutt helt til topps. Foto: TV2\n      <\/p>\n<p>Sophie Elise valgte senere \u00e5 trekke seg fra programmet for \u00e5 fokusere p\u00e5 sin psykiske helse. <\/p>\n<p>    <a itemprop=\"url\" href=\"https:\/\/www.seher.no\/kjendis\/full-fest-med-northug\/83658978\" rel=\"nofollow noopener\" target=\"_blank\"><\/p>\n<p>      <img loading=\"lazy\" decoding=\"async\" src=\"https:\/\/www.europesays.com\/no\/wp-content\/uploads\/2025\/10\/1759656018_162_80581670.webp\" width=\"980\" height=\"441\" title=\"Full fest med Northug\" alt=\"\" class=\"lazyload\" style=\"--aspect-ratio-image: 2.22; \"\/><\/p>\n<p>        Full fest med Northug<\/p>\n<p>    <\/a><\/p>\n<p>H\u00f8sten 2013 deltok b\u00e5de Carl (81) og Eli Hagen (77) i danseprogrammet. Etter s\u00e6rdeles gode tilbakemeldinger fra Tor Fl\u00f8ysvik (76) tok Eli mot til seg og takket dommeren med et kyss! Kyssescenen ble et av de mest omtalte \u00f8yeblikkene i programmets historie, men i dag husker Eli lite av opptrinnet. <\/p>\n<p>          <img loading=\"lazy\" decoding=\"async\" src=\"https:\/\/www.europesays.com\/no\/wp-content\/uploads\/2025\/10\/83673194.webp\" width=\"686\" height=\"625\" title=\"EKSTREMT VONDT: Sigurd Sollien&#10;fikk en kraftig lyskeskade midt under dansen i&#10;2008 \u2013 og m\u00e5tte vise frem et enormt bl\u00e5merke&#10;f\u00f8r legen satte foten ned. Han danset med Ingrid&#10;Beate Thompson. Foto: AllOver\" alt=\"\" class=\"\" style=\"--aspect-ratio-image: 1.10; \"\/><\/p>\n<p>\n          EKSTREMT VONDT: Sigurd Sollien<br \/>\nfikk en kraftig lyskeskade midt under dansen i<br \/>\n2008 \u2013 og m\u00e5tte vise frem et enormt bl\u00e5merke<br \/>\nf\u00f8r legen satte foten ned. Han danset med Ingrid<br \/>\nBeate Thompson. Foto: AllOver\n      <\/p>\n<p>\u2013 Det kysset husker jeg faktisk ikke, s\u00e5 det kan ikke ha gjort s\u00e5 stort inntrykk. Fl\u00f8ysvik syntes at jeg var en h\u00e5pl\u00f8s danser, noe han selvsagt hadde rett i, s\u00e5 dette kysset m\u00e5 ha v\u00e6rt ironisk ment, sier Eli som ser tilbake p\u00e5 \u00abSkal vi danse\u00bb som en opplevelse for livet. <\/p>\n<p>        BLE FORHINDRET: N\u00e5r man vinner en pris, er det som oftest slik at hovedpersonene vil komme selv for \u00e5 ta den i mot, men det kunne ikke Jon Almaas og Ellen Heider under \u00e5rets Se og H\u00f8r Reality Awards. Video: H\u00e5vard Bj\u00f8rnerem \/ Privat<\/p>\n<p>\u2013 Jeg danset med flinke Bj\u00f8rn Wettre Holte, som n\u00e5r han ga opp \u00e5 l\u00e6re meg trinnene sa: da tar vi et l\u00f8ft! Og det gjorde vi. Det var morsomt! <\/p>\n<p>I 2018 var det mange som ble forarget da h\u00e5ndballspiller Frank L\u00f8ke (45) rev av seg dressen midt i sin cha cha cha, og danset ikledd en liten \u00abBorat-drakt\u00bb. Verken TV 2 eller dansepartner Tone Jacobsen (45) var informert p\u00e5 forh\u00e5nd, og Frank ble kastet ut av programmet \u2013 som den f\u00f8rste og eneste. Selv har han aldri angret. <\/p>\n<p>          <img loading=\"lazy\" decoding=\"async\" src=\"https:\/\/www.europesays.com\/no\/wp-content\/uploads\/2025\/10\/83673210.webp\" width=\"686\" height=\"652\" title=\"L\u00d8P UT: Foran forskrekkede seere l\u00f8p Santino&#10;Mirenna ut til en ventende ambulanse etter \u00e5 ha f\u00e5tt&#10;skulderen ute av ledd. Foto: TV2\" alt=\"\" class=\"\" style=\"--aspect-ratio-image: 1.05; \"\/><\/p>\n<p>\n          L\u00d8P UT: Foran forskrekkede seere l\u00f8p Santino<br \/>\nMirenna ut til en ventende ambulanse etter \u00e5 ha f\u00e5tt<br \/>\nskulderen ute av ledd. Foto: TV2\n      <\/p>\n<p>\u2013 Noen f\u00e5 kalte det en skandale, men mange hyllet det. Ryktene sier at jeg fikk over dobbelt s\u00e5 mange seerstemmer som nummer to den kvelden. Jeg angrer ikke p\u00e5 noen ting. De fleste elsket det, sa Frank i ettertid overfor Se og H\u00f8r. <\/p>\n<p>Seerstemmer var ogs\u00e5 et viktig tema etter en sjokksending i 2020, da \u00abLove Island\u00bb-deltaker Nathan Kahungu (28) og danseren Helene Spilling (29) ble stemt ut. <\/p>\n<p>    <a itemprop=\"url\" href=\"https:\/\/www.seher.no\/kjendis\/ikke-bra-nar-jeg-er-best\/83667772\" rel=\"nofollow noopener\" target=\"_blank\"><\/p>\n<p>      <img loading=\"lazy\" decoding=\"async\" src=\"https:\/\/www.europesays.com\/no\/wp-content\/uploads\/2025\/10\/1759656021_819_83667283.webp\" width=\"980\" height=\"441\" title=\"- Ikke bra n\u00e5r jeg er best\" alt=\"\" class=\"lazyload\" style=\"--aspect-ratio-image: 2.22; \"\/><\/p>\n<p>        &#8211; Ikke bra n\u00e5r jeg er best<\/p>\n<p>    <\/a><\/p>\n<p>Paret var favoritter hos b\u00e5de dommere og seere, og reaksjonene var sterke da de m\u00e5tte dra. Det viste seg at en teknisk feil hadde rammet stemmesystemet p\u00e5 TV 2s nettsider, og Nate og Helene fikk derfor komme tilbake i konkurransen dagen etter.<\/p>\n<p>M\u00e5tte trekke seg\t<\/p>\n<p>\u00c5 v\u00e6re deltager i \u00abSkal vi danse\u00bb er langt fra ufarlig. Gjennom 18 sesonger har flere b\u00e5de kjendiser og proffdansere opplevd dramatiske skader som har satt dem p\u00e5 sidelinjen. Sist m\u00e5tte proffdanser Egor Filipenko (37) trekke seg etter et kort comeback med Katrine Moholt, da et nakkeprolaps satte en br\u00e5stopp for dansen. <\/p>\n<p>\u2013 Dette var det siste jeg ville, men n\u00e5 gikk det dessverre ikke lenger, uttalte han i en pressemelding.<\/p>\n<p>          <img loading=\"lazy\" decoding=\"async\" src=\"https:\/\/www.europesays.com\/no\/wp-content\/uploads\/2025\/10\/83673215.webp\" width=\"686\" height=\"1029\" title=\"S\u00d8T MUSIKK: Iselin Guttormsen og dansepartner Catalin Mihu ble kj\u00e6rester etter \u00abAll stars\u00bb. Foto: Tor Lindseth\" alt=\"\" class=\"\" style=\"--aspect-ratio-image: 0.67; \"\/><\/p>\n<p>\n          S\u00d8T MUSIKK: Iselin Guttormsen og dansepartner Catalin Mihu ble kj\u00e6rester etter \u00abAll stars\u00bb. Foto: Tor Lindseth\n      <\/p>\n<p>Flere har f\u00e5tt skader sine midt under sending. I 2008 fikk programleder Sigurd Sollien (59) en voldsom muskelskade i lysken under en quickstep, og viste senere frem et enormt bl\u00e5merke f\u00f8r legene satte foten ned. <\/p>\n<p>To \u00e5r tidligere fikk Kristian \u00d8deg\u00e5rd (51) albuen til dansepartner Alexandra Kakurina rett i ansiktet, noe som resulterte i et kraftig kutt i leppen. Til tross for et heftig blodbad, kom han tilbake samme kveld \u2013 og endte til slutt med \u00e5 vinne hele konkurransen.<\/p>\n<p>        FERDIG: Se og H\u00f8r erfarer at den sprudlende TV-profilen ikke blir \u00e5 se i den kommende sesongen av \u00abSkal vi danse\u00bb.<\/p>\n<p>Foto: TV2\/NTB \/\/ Reporter: H\u00e5vard Bj\u00f8rnerem<\/p>\n<p>Artisten Adel\u00e9n gikk i bakken under et l\u00f8ft i 2015 og p\u00e5dro seg smerter i ribbeina, mens eventyrer Cecilie Skog (51) m\u00e5tte trekke seg \u00e5ret hun var med, etter \u00e5 ha brukket to ribbein. <\/p>\n<p>Proffdanseren Santino Mirenna (30) fikk skulderen ut av ledd under en dans med Emilie Nereng (29), og m\u00e5tte hentes av ambulanse under sending! <\/p>\n<p>          <img loading=\"lazy\" decoding=\"async\" src=\"https:\/\/www.europesays.com\/no\/wp-content\/uploads\/2025\/10\/83673105.webp\" width=\"686\" height=\"392\" title=\"OVERRASKET ALLE:&#10;Eli Hagen kysset dommer Tor&#10;Fl\u00f8ysvik p\u00e5 direkten \u2013 til stor&#10;latter fra ektemannen Carl I.&#10;Hagen. Foto. TV2\" alt=\"\" class=\"\" style=\"--aspect-ratio-image: 1.75; \"\/><\/p>\n<p>\n          OVERRASKET ALLE:<br \/>\nEli Hagen kysset dommer Tor<br \/>\nFl\u00f8ysvik p\u00e5 direkten \u2013 til stor<br \/>\nlatter fra ektemannen Carl I.<br \/>\nHagen. Foto. TV2\n      <\/p>\n<p>Det vakte ogs\u00e5 sjokk da Katrine Moholt (51) takket for seg i 2022, etter ti \u00e5r som programleder. Hun hadde v\u00e6rt en folkekj\u00e6r frontfigur siden 2011, og nyheten markerte slutten p\u00e5 en \u00e6ra. Katrine var likevel ikke helt ute av bildet \u2013 hun stilte nemlig opp som deltaker i \u00abAll stars\u00bb-sesongen, og endte p\u00e5 femteplass. S\u00e5 var det slutt.<\/p>\n<p>        \u00abSKAL VI DANSE\u00bb: Vi har tatt en titt p\u00e5 noen av de villeste \u00f8yeblikkene fra inn- og utland. Video: \u00abDancing with the Stars\u00bb\/ABC, \u00abSkal vi danse\u00bb\/TV 2, \u00abLet&#8217;s Dance\u00bb &#8211; TV 4, \u00abBailando por un Sue\u00f1o\u00bb &#8211; El Trece.<\/p>\n<p>\u2013 Jeg trenger \u00e5 ha litt fri etter mange \u00e5r med jobbing, men \u00abSkal vi danse\u00bb vil alltid f\u00f8les som en familie, sa hun etter siste sending. <\/p>\n<p>Varslet boikott\t<\/p>\n<p>Vanskelig \u00e5 gi slipp var det ogs\u00e5 for journalisten Morten Hegseth (39). Etter selv \u00e5 ha v\u00e6rt deltaker, fikk han v\u00e6re dommer, og i tre sesonger markerte han seg med sine skarpe replikker og fargerike antrekk. <\/p>\n<p>Selv om han visste at kontrakten var over, ble han knust da det ble klart at han ikke fikk v\u00e6re med videre i \u00e5r.<\/p>\n<p>        AVSL\u00d8RER: \u00abA-laget\u00bb f\u00e5r den ellers s\u00e5 private Erling Braut Haaland til \u00e5 lette p\u00e5 sl\u00f8ret om han og kj\u00e6resten Isabel Haugseng Johansen. Video: NRK TV\/ Thea Hope\/ R\u00f8d L\u00f8per<\/p>\n<p>\u2013 Da ble jeg s\u00e5 lei meg at jeg knakk sammen og gr\u00e5t. Jeg tok det ikke lett, sier han til Se og H\u00f8r. <\/p>\n<p>Faktisk er det s\u00e5 vondt at Morten vil boikotte programmet. <\/p>\n<p>\u2013 Det blir grusomt \u00e5 ikke v\u00e6re med der (\u2026). Jeg kommer ikke til \u00e5 se p\u00e5 det, sl\u00e5r han fast.<\/p>\n","protected":false},"excerpt":{"rendered":"Etter ett \u00e5rs pause er \u00abSkal vi danse\u00bb n\u00e5 tilbake i ny drakt p\u00e5 TV 2. Snart 20&hellip;\n","protected":false},"author":2,"featured_media":53052,"comment_status":"","ping_status":"","sticky":false,"template":"","format":"standard","meta":{"footnotes":""},"categories":[5],"tags":[20,21,4104,24,25,15,19,479,22,23,17,18,13,30,28,29,14,16,2280,26,27],"class_list":{"0":"post-53051","1":"post","2":"type-post","3":"status-publish","4":"format-standard","5":"has-post-thumbnail","7":"category-overskrifter","8":"tag-breaking-news","9":"tag-breakingnews","10":"tag-eksklusivt","11":"tag-featured-news","12":"tag-featurednews","13":"tag-headlines","14":"tag-hovedoppslag","15":"tag-kjendis","16":"tag-latest-news","17":"tag-latestnews","18":"tag-main-news","19":"tag-mainnews","20":"tag-news","21":"tag-no","22":"tag-norge","23":"tag-norway","24":"tag-nyheter","25":"tag-overskrifter","26":"tag-skal-vi-danse","27":"tag-top-stories","28":"tag-topstories"},"share_on_mastodon":{"url":"","error":""},"_links":{"self":[{"href":"https:\/\/www.europesays.com\/no\/wp-json\/wp\/v2\/posts\/53051","targetHints":{"allow":["GET"]}}],"collection":[{"href":"https:\/\/www.europesays.com\/no\/wp-json\/wp\/v2\/posts"}],"about":[{"href":"https:\/\/www.europesays.com\/no\/wp-json\/wp\/v2\/types\/post"}],"author":[{"embeddable":true,"href":"https:\/\/www.europesays.com\/no\/wp-json\/wp\/v2\/users\/2"}],"replies":[{"embeddable":true,"href":"https:\/\/www.europesays.com\/no\/wp-json\/wp\/v2\/comments?post=53051"}],"version-history":[{"count":0,"href":"https:\/\/www.europesays.com\/no\/wp-json\/wp\/v2\/posts\/53051\/revisions"}],"wp:featuredmedia":[{"embeddable":true,"href":"https:\/\/www.europesays.com\/no\/wp-json\/wp\/v2\/media\/53052"}],"wp:attachment":[{"href":"https:\/\/www.europesays.com\/no\/wp-json\/wp\/v2\/media?parent=53051"}],"wp:term":[{"taxonomy":"category","embeddable":true,"href":"https:\/\/www.europesays.com\/no\/wp-json\/wp\/v2\/categories?post=53051"},{"taxonomy":"post_tag","embeddable":true,"href":"https:\/\/www.europesays.com\/no\/wp-json\/wp\/v2\/tags?post=53051"}],"curies":[{"name":"wp","href":"https:\/\/api.w.org\/{rel}","templated":true}]}}