{"id":53057,"date":"2025-10-05T09:27:13","date_gmt":"2025-10-05T09:27:13","guid":{"rendered":"https:\/\/www.europesays.com\/no\/53057\/"},"modified":"2025-10-05T09:27:13","modified_gmt":"2025-10-05T09:27:13","slug":"vil-du-vaere-tradwife-kjor-pa","status":"publish","type":"post","link":"https:\/\/www.europesays.com\/no\/53057\/","title":{"rendered":"Vil du v\u00e6re tradwife? Kj\u00f8r p\u00e5!"},"content":{"rendered":"\n<p class=\"_lead_1994c_2 _lead_xtcu6_50 layout-component text-serif-m layout-normal text-serif-l layout-component layout-wide layout-padded _wide_17hqh_1 layout-padded\">Hvis man sitter med et brennende \u00f8nske om \u00e5 v\u00e6re tradwife, om \u00e5 ikke jobbe men heller<br \/>romantisere 50-talls huskonen. S\u00e5 kj\u00f8r p\u00e5, det er ingen som tvinger noen til \u00e5 jobbe. <\/p>\n<p><img alt=\"KRITISK: \u00abJeg er lei av \u00e5 h\u00f8re at likestillingen er \u00abferdig\u00bb eller at den \u00abskader menn\u00bb, skriver Nimrah Ramzan i AUF. Foto: Foto: Privat \" class=\"_image_qp4xg_65 layout-component layout-wide\" data-fullscreen- data-track-element-type=\"Article image fullscreen\" data-track-name=\"ImageFullscreen\" fetchpriority=\"high\" decoding=\"sync\" loading=\"eager\" height=\"3878\" itemprop=\"image\"  src=\"https:\/\/www.europesays.com\/no\/wp-content\/uploads\/2025\/10\/2d457e3f-2b72-415f-ab01-9c565e1fd10b\"  style=\"object-position:56.11533586818758% 48.25941206807633%\" width=\"4734\"\/>KRITISK: \u00abJeg er lei av \u00e5 h\u00f8re at likestillingen er \u00abferdig\u00bb eller at den \u00abskader menn\u00bb, skriver Nimrah Ramzan i AUF. Foto: Foto: Privat S\u00f8ndag 5. oktober kl. 07:15     <strong class=\"_name_ygndg_51 title-serif-xs\">Av: Nimrah Ramzan<\/strong><\/p>\n<p class=\"_paragraph_1994c_4 text-sans-m _description_ygndg_56\">Fungerende AUF-leder<\/p>\n<p class=\"_paragraph_1994c_4 _paragraph_xtcu6_10 layout-component text-serif-m layout-normal text-serif-m layout-padded\">Men ikke ta til orde for \u00e5 fjerne likestillingspolitikken som gj\u00f8r det mulig for det store flertallet av kvinner som faktisk har lyst til \u00e5 jobbe, v\u00e6re \u00f8konomisk uavhengig og bidra til velferdsstaten.<\/p>\n<p class=\"_paragraph_1994c_4 _paragraph_xtcu6_10 layout-component text-serif-m layout-normal text-serif-m layout-padded\">Den siste uka har vi f\u00e5tt h\u00f8re at likestillingen har g\u00e5tt for langt.<\/p>\n<p class=\"_paragraph_1994c_4 _paragraph_xtcu6_10 layout-component text-serif-m layout-normal text-serif-m layout-padded\">P\u00e5 onsdag skriver styremedlem i foreningen for konservative studenter at AUF bruker tiden<br \/>p\u00e5 \u00e5 \u00abkjempe\u00bb mot tradwife-b\u00f8lgen.<\/p>\n<p class=\"_paragraph_1994c_4 _paragraph_xtcu6_10 layout-component text-serif-m layout-normal text-serif-m layout-padded\">Det er ingen som tvinger noen til \u00e5 jobbe.<\/p>\n<p class=\"_paragraph_1994c_4 _paragraph_xtcu6_10 layout-component text-serif-m layout-normal text-serif-m layout-padded\">Men ikke ta til orde for \u00e5 fjerne likestillingspolitikken som gj\u00f8r det mulig for det store flertallet av kvinner som faktisk har lyst til \u00e5 jobbe, v\u00e6re \u00f8konomisk uavhengig og bidra til velferdsstaten.<\/p>\n<p class=\"_paragraph_1994c_4 _paragraph_xtcu6_10 layout-component text-serif-m layout-normal text-serif-m layout-padded\">De siste ukene har vi f\u00e5tt h\u00f8re at likestillingen har g\u00e5tt for langt.<\/p>\n<p class=\"_paragraph_1994c_4 _paragraph_xtcu6_10 layout-component text-serif-m layout-normal text-serif-m layout-padded\">Generalsekret\u00e6ren i KrFU hevder at norsk likestilling er totalt feilsl\u00e5tt og utdatert.<\/p>\n<p class=\"_paragraph_1994c_4 _paragraph_xtcu6_10 layout-component text-serif-m layout-normal text-serif-m layout-padded\">Flere p\u00e5 Stortinget vil fjerne kvinner fra form\u00e5lsparagrafen i likestillingsloven.<\/p>\n<p class=\"_paragraph_1994c_4 _paragraph_xtcu6_10 layout-component text-serif-m layout-normal text-serif-m layout-padded\"><strong class=\"_strong_1994c_25\">Det vitner om en enorm blindhet for hvordan samfunnet faktisk ser ut i 2025.<\/strong><\/p>\n<p class=\"_paragraph_1994c_4 _paragraph_xtcu6_10 layout-component text-serif-m layout-normal text-serif-m layout-padded\"><strong class=\"_strong_1994c_25\">Jeg er lei av \u00e5 h\u00f8re at likestillingen er \u00abferdig\u00bb eller at den \u00abskader menn\u00bb.<\/strong><\/p>\n<p class=\"_paragraph_1994c_4 _paragraph_xtcu6_10 layout-component text-serif-m layout-normal text-serif-m layout-padded\">Det er b\u00e5de feil og farlig, for det tilsl\u00f8rer de reelle utfordringene kvinner m\u00f8ter i Norge i dag:<\/p>\n<ul class=\"_list_1994c_3 _list_xtcu6_9 _unordered_1994c_105 layout-component text-serif-m layout-normal text-serif-m layout-padded\">\n<li class=\"_item_1994c_30\">Kvinner tjener fortsatt mindre enn menn med samme utdanning, erfaring og stilling.<\/li>\n<li class=\"_item_1994c_30\">Mange kvinner blir vurdert som mindre attraktive for forfremmelser fordi de kan bli<br \/>gravide.<\/li>\n<li class=\"_item_1994c_30\">Kvinnehelse har i ti\u00e5r v\u00e6rt nedprioritert i forskningen, noe som gj\u00f8r at vi mangler<br \/>kunnskap og l\u00f8sninger p\u00e5 helseproblemer som rammer halvparten av befolkningen.<\/li>\n<li class=\"_item_1994c_30\">Kvinner er langt mer utsatt for partnervold, partnerdrap, overgrep og voldtekt.<\/li>\n<\/ul>\n<p><img alt=\"STILTE  I FORKLE: Husmoraktivist Linn Therese Solheim snakket om morsrollen som et biologisk \u00f8nske p\u00e5 NRKs \u00abDebatten\u00bb. Solheim kjemper for at det skal v\u00e6re greit \u00e5 v\u00e6re hjemme med barn lenge.  Foto: Skjermdump, NRK TV\" class=\"_image_qp4xg_65 layout-component layout-normal\" data-fullscreen- data-track-element-type=\"Article image fullscreen\" data-track-name=\"ImageFullscreen\" decoding=\"async\" loading=\"lazy\" height=\"776\" itemprop=\"image\"  src=\"https:\/\/www.europesays.com\/no\/wp-content\/uploads\/2025\/10\/d4c8917d-fed8-442c-a160-e6074804e873\"  style=\"object-position:0% 0%\" width=\"1396\"\/>STILTE  I FORKLE: Husmoraktivist Linn Therese Solheim snakket om morsrollen som et biologisk \u00f8nske p\u00e5 NRKs \u00abDebatten\u00bb. Solheim kjemper for at det skal v\u00e6re greit \u00e5 v\u00e6re hjemme med barn lenge.  Foto: Skjermdump, NRK TV<\/p>\n<p class=\"_paragraph_1994c_4 _paragraph_xtcu6_10 layout-component text-serif-m layout-normal text-serif-m layout-padded\">Det er alts\u00e5 ikke slik at kvinner sitter med all makt og innflytelse, mens menn st\u00e5r igjen som<br \/>taperne, selv om man kan f\u00e5 det inntrykket n\u00e5r man h\u00f8rer h\u00f8yresiden snakke.<\/p>\n<p class=\"_paragraph_1994c_4 _paragraph_xtcu6_10 layout-component text-serif-m layout-normal text-serif-m layout-padded\">Ja, gutter og unge menn m\u00f8ter ogs\u00e5 alvorlige utfordringer.<\/p>\n<p class=\"_paragraph_1994c_4 _paragraph_xtcu6_10 layout-component text-serif-m layout-normal text-serif-m layout-padded\">Mange sliter i skolen. Mange f\u00e5r ikke den psykiske helsehjelpen de trenger.<\/p>\n<p class=\"_paragraph_1994c_4 _paragraph_xtcu6_10 layout-component text-serif-m layout-normal text-serif-m layout-padded\">Men \u00e5 skylde p\u00e5 feminisme og likestilling hjelper ingen av dem.<\/p>\n<p class=\"_paragraph_1994c_4 _paragraph_xtcu6_10 layout-component text-serif-m layout-normal text-serif-m layout-padded\"><strong class=\"_strong_1994c_25\">Ingen menn f\u00e5r det bedre av at kvinner mister rettigheter.<\/strong><\/p>\n<p class=\"_paragraph_1994c_4 _paragraph_xtcu6_10 layout-component text-serif-m layout-normal text-serif-m layout-padded\">Det skaper bare et kunstig skille mellom gutter og jenter, en splittelse ytre h\u00f8yre i Europa har v\u00e6rt veldig flinke til \u00e5 n\u00f8re opp under.<\/p>\n<p class=\"_paragraph_1994c_4 _paragraph_xtcu6_10 layout-component text-serif-m layout-normal text-serif-m layout-padded\">De siste \u00e5rene har de spredd fortellingen om at unge menn har det vanskelig p\u00e5 grunn av kvinners rettigheter, eller at skeive og transpersoner er en trussel mot samfunnet.<\/p>\n<p class=\"_paragraph_1994c_4 _paragraph_xtcu6_10 layout-component text-serif-m layout-normal text-serif-m layout-padded\">Og dette skjer samtidig som vi st\u00e5r overfor kriser som faktisk truer oss: klimakrise, krig og<br \/>folkemord.<\/p>\n<p class=\"_paragraph_1994c_4 _paragraph_xtcu6_10 layout-component text-serif-m layout-normal text-serif-m layout-padded\">Da er det mildt sagt naivt av KrFU \u00e5 importere dette narrativet til Norge, i stedet for \u00e5 forholde seg til hvordan samfunnet faktisk ser ut.<\/p>\n<p class=\"_paragraph_1994c_4 _paragraph_xtcu6_10 layout-component text-serif-m layout-normal text-serif-m layout-padded\"><strong class=\"_strong_1994c_25\">De guttene som sliter fortjener politikere som tar problemene deres p\u00e5 alvor, ikke retorikk<br \/>som peker p\u00e5 jenter og kvinner som syndebukker.<\/strong><\/p>\n<p class=\"_paragraph_1994c_4 _paragraph_xtcu6_10 layout-component text-serif-m layout-normal text-serif-m layout-padded\">For sannheten er at alle f\u00e5r det bedre av likestilling.<\/p>\n<p class=\"_paragraph_1994c_4 _paragraph_xtcu6_10 layout-component text-serif-m layout-normal text-serif-m layout-padded\">Ta pappapermisjonen, som KrFU nylig ville svekke.<\/p>\n<p class=\"_paragraph_1994c_4 _paragraph_xtcu6_10 layout-component text-serif-m layout-normal text-serif-m layout-padded\">Den gir menn mulighet til \u00e5 v\u00e6re sammen med barna sine, samtidig som det gj\u00f8r det mulig for kvinner \u00e5 jobbe og bidra, b\u00e5de til husholdningen og til fellesskapet.<\/p>\n<p class=\"_paragraph_1994c_4 _paragraph_xtcu6_10 layout-component text-serif-m layout-normal text-serif-m layout-padded\"><strong class=\"_strong_1994c_25\">Det at halve befolkningen er i arbeid er avgj\u00f8rende for \u00e5 l\u00f8se kritiske samfunnsfunksjoner og for \u00e5 bevare velferdsstaten.<\/strong><\/p>\n<p><img alt=\"Foto: Roar Hagen \/ VG\" class=\"_image_qp4xg_65 layout-component layout-normal\" data-fullscreen- data-track-element-type=\"Article image fullscreen\" data-track-name=\"ImageFullscreen\" decoding=\"async\" loading=\"lazy\" height=\"2048\" itemprop=\"image\"  src=\"https:\/\/www.europesays.com\/no\/wp-content\/uploads\/2025\/10\/a969d907-282e-4333-8444-525452eaccc1\"  style=\"object-position:0% 0%\" width=\"2732\"\/>Foto: Roar Hagen \/ VG<\/p>\n<p class=\"_paragraph_1994c_4 _paragraph_xtcu6_10 layout-component text-serif-m layout-normal text-serif-m layout-padded\">Jeg skylder de kvinnene som gikk foran oss \u00e5 si det tydelig:<\/p>\n<p class=\"_paragraph_1994c_4 _paragraph_xtcu6_10 layout-component text-serif-m layout-normal text-serif-m layout-padded\">Vi unge kvinner hadde aldri hatt de mulighetene vi har i dag uten generasjoner med likestillingskamp.<\/p>\n<p class=\"_paragraph_1994c_4 _paragraph_xtcu6_10 layout-component text-serif-m layout-normal text-serif-m layout-padded\">Og vi skylder de som kommer etter oss \u00e5 fortsette den kampen.<\/p>\n<p class=\"_paragraph_1994c_4 _paragraph_xtcu6_10 layout-component text-serif-m layout-normal text-serif-m layout-padded\"><strong class=\"_strong_1994c_25\">Ikke bare for at jenter skal f\u00e5 det bedre, men fordi hele samfunnet vinner p\u00e5 likestilling.<\/strong><\/p>\n<p>      Dette er en kronikk. Kronikken gir uttrykk for skribentens holdning. Du kan sende inn kronikker og debattinnlegg til <a class=\"_link_jv5ak_10\" href=\"https:\/\/www.vg.no\/nyheter\/i\/4By68g\/mailto:debatt@vg.no\" rel=\"nofollow noopener\" target=\"_blank\">debatt@vg.no<\/a>. Unge meninger-prosjektet er finansiert med st\u00f8tte av Stiftelsen Tinius. <a class=\"_link_jv5ak_10\" href=\"https:\/\/www.vg.no\/informasjon\/redaksjonelle-avgjorelser\/240\" rel=\"nofollow noopener\" target=\"_blank\">Les mer<\/a>. <\/p>\n","protected":false},"excerpt":{"rendered":"Hvis man sitter med et brennende \u00f8nske om \u00e5 v\u00e6re tradwife, om \u00e5 ikke jobbe men hellerromantisere 50-talls&hellip;\n","protected":false},"author":2,"featured_media":53058,"comment_status":"","ping_status":"","sticky":false,"template":"","format":"standard","meta":{"footnotes":""},"categories":[5],"tags":[20,21,24,25,15,19,4776,2796,7474,22,23,539,17,18,13,30,28,29,14,16,3440,3377,26,27,6855,103],"class_list":{"0":"post-53057","1":"post","2":"type-post","3":"status-publish","4":"format-standard","5":"has-post-thumbnail","7":"category-overskrifter","8":"tag-breaking-news","9":"tag-breakingnews","10":"tag-featured-news","11":"tag-featurednews","12":"tag-headlines","13":"tag-hovedoppslag","14":"tag-kjonn","15":"tag-kvinnehelse","16":"tag-kvinnekamp","17":"tag-latest-news","18":"tag-latestnews","19":"tag-likestilling","20":"tag-main-news","21":"tag-mainnews","22":"tag-news","23":"tag-no","24":"tag-norge","25":"tag-norway","26":"tag-nyheter","27":"tag-overskrifter","28":"tag-rettigheter","29":"tag-samfunn","30":"tag-top-stories","31":"tag-topstories","32":"tag-tradwife","33":"tag-vgmeninger"},"share_on_mastodon":{"url":"","error":""},"_links":{"self":[{"href":"https:\/\/www.europesays.com\/no\/wp-json\/wp\/v2\/posts\/53057","targetHints":{"allow":["GET"]}}],"collection":[{"href":"https:\/\/www.europesays.com\/no\/wp-json\/wp\/v2\/posts"}],"about":[{"href":"https:\/\/www.europesays.com\/no\/wp-json\/wp\/v2\/types\/post"}],"author":[{"embeddable":true,"href":"https:\/\/www.europesays.com\/no\/wp-json\/wp\/v2\/users\/2"}],"replies":[{"embeddable":true,"href":"https:\/\/www.europesays.com\/no\/wp-json\/wp\/v2\/comments?post=53057"}],"version-history":[{"count":0,"href":"https:\/\/www.europesays.com\/no\/wp-json\/wp\/v2\/posts\/53057\/revisions"}],"wp:featuredmedia":[{"embeddable":true,"href":"https:\/\/www.europesays.com\/no\/wp-json\/wp\/v2\/media\/53058"}],"wp:attachment":[{"href":"https:\/\/www.europesays.com\/no\/wp-json\/wp\/v2\/media?parent=53057"}],"wp:term":[{"taxonomy":"category","embeddable":true,"href":"https:\/\/www.europesays.com\/no\/wp-json\/wp\/v2\/categories?post=53057"},{"taxonomy":"post_tag","embeddable":true,"href":"https:\/\/www.europesays.com\/no\/wp-json\/wp\/v2\/tags?post=53057"}],"curies":[{"name":"wp","href":"https:\/\/api.w.org\/{rel}","templated":true}]}}