{"id":53063,"date":"2025-10-05T09:31:17","date_gmt":"2025-10-05T09:31:17","guid":{"rendered":"https:\/\/www.europesays.com\/no\/53063\/"},"modified":"2025-10-05T09:31:17","modified_gmt":"2025-10-05T09:31:17","slug":"huaweis-ki-system-har-ulovlige-brikker-fra-taiwan-og-sor-korea","status":"publish","type":"post","link":"https:\/\/www.europesays.com\/no\/53063\/","title":{"rendered":"Huaweis KI-system har \u00abulovlige\u00bb brikker fra Taiwan og S\u00f8r-Korea"},"content":{"rendered":"<p>Nyheten fra Techinsights kommer bare f\u00e5 dager etter at det ble kjent at Huawei har <a href=\"https:\/\/www.huaweicentral.com\/huawei-plans-600000-ascend-910c-chips-by-2026-to-block-nvidia-in-china\/\" rel=\"nofollow noopener\" target=\"_blank\">planlagt \u00e5 produsere <\/a>600.000 av denne type brikker i l\u00f8pet av 2025.<\/p>\n<p><a href=\"https:\/\/www.techinasia.com\/news\/huawei-ai-chips-contain-tsmc-samsung-parts-despite-us-curbs\" rel=\"nofollow noopener\" target=\"_blank\">Tech in Asia <\/a>skriver at Techinsights har funnet at Ascend 910C inneholder komponenter fra Taiwan Semiconductor Manufacturing Co (TSMC), Samsung Electronics og SK Hynix. Det skal v\u00e6re hukommelsesbrikker fra b\u00e5de Samsung og SK Hynix i eksemplarene Techinsigts har sett p\u00e5. Dette skal v\u00e6re eldre komponenter, kj\u00f8pt f\u00f8r eksportforbudet fra USA tr\u00e5dte i kraft.<\/p>\n<p>Eldre komponenter<\/p>\n<p>If\u00f8lge <a href=\"https:\/\/www.finansavisen.no\/teknologi\/2025\/10\/03\/8297355\/huawei-avslort-bygger-ai-med-tsmc-og-samsung-brikker?zephr_sso_ott=rBX56J\" rel=\"nofollow noopener\" target=\"_blank\">Finansavisen<\/a>, som siterer Bloomberg, viser unders\u00f8kelsene at TSMC har produsert selve brikkene som driver Huaweis akselleratorer.<\/p>\n<p>Techinsights mener funnene tyder p\u00e5 at Kina fortsatt er tungt avhengig av utenlandsk teknologi i utviklingen av en egen halvlederindustri.<\/p>\n<p>Amerikanske myndigheter fors\u00f8ker \u00e5 hindre kinesiske produsenter \u00e5 f\u00e5 tilgang til avanserte komponenter, blant annet til systemer for maskinl\u00e6ring og kunstig intelligens. At Huawei likevel kan produsere brikkene, skyldes blant annet lagre som er bygd opp.<\/p>\n<p>TSMC sier brikkene er eldre produksjoner og at de ikke har levert til Huawei siden september 2020.<\/p>\n<p>B\u00e5de Samsung og SK Hynix sier de ikke har handlet med Huawei etter 2020, og at de f\u00f8lger USAs eksportregler.<\/p>\n<p><a class=\"group clear-both w-full !no-underline my-8 sm:my-12 bg-stone-50 dark:bg-brandStone-700 dark:text-brandNeutral-100 flex items-stretch flex-nowrap\" href=\"https:\/\/www.digi.no\/artikler\/ft-open-ai-vil-produsere-egne-ki-brikker\/562082\" rel=\"nofollow noopener\" target=\"_blank\"><img decoding=\"async\" class=\" object-cover h-full w-full transition-transform duration-700 ease-in-out group-hover:scale-[1.05] will-change-transform\" src=\"https:\/\/www.europesays.com\/no\/wp-content\/uploads\/2025\/10\/NTB_2MCtsp36qE0.jpg\"  alt=\"OpenAI-sjef Sam Altman avbildet under World Economic Forum i Davos i Sveits.\" loading=\"lazy\"\/><\/p>\n<p>Les ogs\u00e5:<\/p>\n<p class=\"group-hover:underline text-brandNeutral-900 dark:text-brandNeutral-100 mt-2 text-base sm:text-xl leading-5 sm:leading-6 font-bold\">Financial Times: Open AI vil produsere egne KI-brikker<\/p>\n<p><\/a><\/p>\n","protected":false},"excerpt":{"rendered":"Nyheten fra Techinsights kommer bare f\u00e5 dager etter at det ble kjent at Huawei har planlagt \u00e5 produsere&hellip;\n","protected":false},"author":2,"featured_media":53064,"comment_status":"","ping_status":"","sticky":false,"template":"","format":"standard","meta":{"footnotes":""},"categories":[56],"tags":[60,61,62,30,28,29,1376],"class_list":{"0":"post-53063","1":"post","2":"type-post","3":"status-publish","4":"format-standard","5":"has-post-thumbnail","7":"category-naeringsliv","8":"tag-business","9":"tag-economy","10":"tag-naeringsliv","11":"tag-no","12":"tag-norge","13":"tag-norway","14":"tag-telekom"},"share_on_mastodon":{"url":"","error":""},"_links":{"self":[{"href":"https:\/\/www.europesays.com\/no\/wp-json\/wp\/v2\/posts\/53063","targetHints":{"allow":["GET"]}}],"collection":[{"href":"https:\/\/www.europesays.com\/no\/wp-json\/wp\/v2\/posts"}],"about":[{"href":"https:\/\/www.europesays.com\/no\/wp-json\/wp\/v2\/types\/post"}],"author":[{"embeddable":true,"href":"https:\/\/www.europesays.com\/no\/wp-json\/wp\/v2\/users\/2"}],"replies":[{"embeddable":true,"href":"https:\/\/www.europesays.com\/no\/wp-json\/wp\/v2\/comments?post=53063"}],"version-history":[{"count":0,"href":"https:\/\/www.europesays.com\/no\/wp-json\/wp\/v2\/posts\/53063\/revisions"}],"wp:featuredmedia":[{"embeddable":true,"href":"https:\/\/www.europesays.com\/no\/wp-json\/wp\/v2\/media\/53064"}],"wp:attachment":[{"href":"https:\/\/www.europesays.com\/no\/wp-json\/wp\/v2\/media?parent=53063"}],"wp:term":[{"taxonomy":"category","embeddable":true,"href":"https:\/\/www.europesays.com\/no\/wp-json\/wp\/v2\/categories?post=53063"},{"taxonomy":"post_tag","embeddable":true,"href":"https:\/\/www.europesays.com\/no\/wp-json\/wp\/v2\/tags?post=53063"}],"curies":[{"name":"wp","href":"https:\/\/api.w.org\/{rel}","templated":true}]}}