{"id":53074,"date":"2025-10-05T09:42:13","date_gmt":"2025-10-05T09:42:13","guid":{"rendered":"https:\/\/www.europesays.com\/no\/53074\/"},"modified":"2025-10-05T09:42:13","modified_gmt":"2025-10-05T09:42:13","slug":"sa-helt-forferdelige-ut","status":"publish","type":"post","link":"https:\/\/www.europesays.com\/no\/53074\/","title":{"rendered":"&#8211; S\u00e5 helt forferdelige ut"},"content":{"rendered":"<p>TORSBY (Dagbladet): &#8211;\u00a0Hadde det v\u00e6rt meg, ville jeg virkelig forberedt meg i hvert fall, sier langrennsstjerne Harald \u00d8stberg Amundsen.<\/p>\n<p>Temaet er ikke det olympiske vintermesterskapet som venter i februar, men fotball-VM fire m\u00e5neder seinere.<\/p>\n<p class=\"font-weight-bold m-font-weight-bold\" data-lab-font_weight=\"font-weight-bold\">Det har ikke v\u00e6rt s\u00e5 mye omtalt til n\u00e5, men det vil det bli, spesielt om Norge kvalifiserer seg og dersom de m\u00e5 til Mexico.<\/p>\n<p>De aller fleste kampene spilles i lavlandet i USA, men Canada og Mexico er ogs\u00e5 med p\u00e5 \u00e5 arrangere VM.<\/p>\n<p>I de tre meksikanske arrang\u00f8rbyene skal det spilles fotball p\u00e5 en h\u00f8yde, som ikke er vanlig i sporten. Spesielt i Mexico City:<\/p>\n<ul>\n<li class=\"lab-bodytext-line\">Estadio Azteca, Mexico City. Meter over havet: 2200 meter<\/li>\n<li class=\"lab-bodytext-line\">Estadio Akron, Zapopan. Meter over havet: ca. 1600 meter<\/li>\n<li class=\"lab-bodytext-line\">Estadio BBVA, Guadalupe. Meter over havet: ca. 500 meter<\/li>\n<\/ul>\n<p>    Kamper i h\u00f8yden<\/p>\n<p class=\"font-weight-bold m-font-weight-bold\" data-lab-font_weight=\"font-weight-bold\">Fem kamper skal spilles i Mexico City, 2200 meter over havet:<\/p>\n<ul>\n<li class=\"lab-bodytext-line\">\u00c5pningskampen, 11. juni (gruppe A): Mexico &#8211; ukjent<\/li>\n<li class=\"lab-bodytext-line\"> Runde 1 i gruppe K, 17. juni: ukjent &#8211; ukjent <\/li>\n<li class=\"lab-bodytext-line\">Runde 3 i gruppe A, 24. juni: ukjent &#8211; Mexico<\/li>\n<li class=\"lab-bodytext-line\">16. delsfinale, 30. juni: Vinneren av gruppe A &#8211; mot en gruppetreer<\/li>\n<li class=\"lab-bodytext-line\">\u00c5ttedelsfinale, 5. juli<\/li>\n<\/ul>\n<p>Fordelen er at hvis man vinner gruppe A, vil man forbli i h\u00f8yden, b\u00e5de i 16. delsfinalen og en eventuell \u00e5ttedelsfinale. S\u00e5 er det interessante hva som skjer n\u00e5r man skal ned til lavlandet og Miami i kvartfinalen i s\u00e5 fall.<\/p>\n<p class=\"font-weight-bold m-font-weight-bold\" data-lab-font_weight=\"font-weight-bold\">Fire kamper skal spilles i Zapopan, 1600 meter over havet:<\/p>\n<ul>\n<li class=\"lab-bodytext-line\">Runde 1 i gruppe A, 11. juni: ukjent &#8211; ukjent<\/li>\n<li class=\"lab-bodytext-line\">Runde 2 i gruppe A, 18. juni: Mexico &#8211; ukjent<\/li>\n<li class=\"lab-bodytext-line\">Runde 2 i gruppe K, 23. juni: ukjent &#8211; ukjent<\/li>\n<li class=\"lab-bodytext-line\">Runde 3 i gruppe H, 26. juni: ukjent &#8211; ukjent<\/li>\n<\/ul>\n<p>I gruppe H vil alts\u00e5 bare to av fire lag spille i h\u00f8yden &#8211; og det bare \u00e9n gang. Dermed skal de spille f\u00f8rst to kamper i lavlandet i Miami og Atlanta f\u00f8r de skal til Mexico og opp p\u00e5 1600 meters h\u00f8yde i 3. gruppespillskamp.<\/p>\n<p>B\u00e5de gruppevinner og gruppetoer i gruppe H skal spille i lavlandet i en 16. delsfinale &#8211; henholdsvis Santa Clara eller Miami.<\/p>\n<p>Dermed er det realistisk at et oppsett vil se f\u00f8lgende ut for minst ett gruppe H-lag:<\/p>\n<ul>\n<li class=\"lab-bodytext-line\">1. runde &#8211; Miami\/Atlanta (USA) &#8211; lavlandet (15. juni)<\/li>\n<li class=\"lab-bodytext-line\">2. runde &#8211; Atlanta\/Miami (USA) &#8211; lavlandet (21. juni)<\/li>\n<li class=\"lab-bodytext-line\">3. runde &#8211; Zazopan (Mexico) &#8211; i h\u00f8yden, 1 600 moh. (26. juni)<\/li>\n<li class=\"lab-bodytext-line\">16. delsfinale &#8211; Los Angeles eller Miami (USA) &#8211; lavlandet (2\/3. juli)<\/li>\n<\/ul>\n<p>      Vis mer<br \/>\n      Vis mindre<\/p>\n<p>Norge har rundt 90 prosent sannsynlighet for \u00e5 kvalifisere seg til VM. Skulle de f\u00e5 Mexico i gruppa, vil Norge spille minst en kamp p\u00e5 minimum 1600 meters h\u00f8yde (Estadio Akron).<\/p>\n<p>Det er noe annet enn Norges nasjonalarena Ullevaal stadion som er dr\u00f8yt 100 meter over havniv\u00e5.\u00a0<\/p>\n<p>    <a itemprop=\"url\" href=\"https:\/\/www.dagbladet.no\/sport\/han-er-for-kat\/83642241\" rel=\"nofollow noopener\" target=\"_blank\"><\/p>\n<p>      <img loading=\"lazy\" decoding=\"async\" src=\"https:\/\/www.europesays.com\/no\/wp-content\/uploads\/2025\/10\/83642489.webp\" width=\"980\" height=\"441\" title=\"- Han er for k\u00e5t\" alt=\"\" class=\"lazyload\" style=\"--aspect-ratio-image: 2.22; \"\/><\/p>\n<p>        &#8211; Han er for k\u00e5t<\/p>\n<p>    <\/a><\/p>\n<p>Dette sier langrennsgutta: &#8211; Kan v\u00e6re urettferdig<\/p>\n<p>Dagbladet var i Torsby p\u00e5 samling med langrennsstjernene nylig &#8211; en gjeng som ofte trener og konkurrerer i h\u00f8yden. Flere er klare p\u00e5 at det vil ha en p\u00e5virkning i fotball-VM.<\/p>\n<p>&#8211; Det der kan bli et lite element i VM, som kan v\u00e6re urettferdig. S\u00e5 det blir litt spennende, sier sprinter Erik Valnes.<\/p>\n<p>&#8211; Vi har ikke sett s\u00e5 mye fotball i h\u00f8yde f\u00f8r. Det er vanskelig \u00e5 \u00e5pne rolig i en fotballkamp. Det kan jo hende at man f\u00e5r se et tempo som daler i en fotballkamp. S\u00e5 man m\u00e5 ha spillere p\u00e5 et lag som t\u00e5ler h\u00f8y intensitet lenge. <\/p>\n<p>          <img loading=\"lazy\" decoding=\"async\" src=\"https:\/\/www.europesays.com\/no\/wp-content\/uploads\/2025\/10\/83667040.webp\" width=\"980\" height=\"559\" title=\"STJERNE: Erik Valnes i sola p\u00e5 langrennssamling i Sverige i september. Foto: B\u00e5rd S\u00f8r\u00f8 Olsen \/ Dagbladet\" alt=\"\" class=\"\" style=\"--aspect-ratio-image: 1.75; \"\/><\/p>\n<p>\n          STJERNE: Erik Valnes i sola p\u00e5 langrennssamling i Sverige i september. Foto: B\u00e5rd S\u00f8r\u00f8 Olsen \/ Dagbladet\n      <\/p>\n<p>Valnes sier det bare er \u00e5 komme seg s\u00e5 fort ned som overhodet mulig underveis i mesterskapet om man skal spille kamper i lavlandet etter man har v\u00e6rt i h\u00f8yden.<\/p>\n<p>Harald \u00d8stberg Amundsen kom akkurat fra en h\u00f8ydesamling p\u00e5 1800 meter i Frankrike f\u00f8r samlingen i Torsby.<\/p>\n<p>        <img loading=\"lazy\" decoding=\"async\" itemprop=\"image\" src=\"https:\/\/www.europesays.com\/no\/wp-content\/uploads\/2025\/10\/83667118.webp\" width=\"180\" height=\"180\" alt=\"Harald \u00d8stberg Amundsen\"\/><\/p>\n<p>            Harald \u00d8stberg Amundsen<br \/>\n            Harald<br \/>\n            \u00d8stberg Amundsen        <\/p>\n<p>Langrennsl\u00f8per<\/p>\n<p>&#8211; S\u00e5 jeg vet hvordan det f\u00f8les hvis du skal pushe hardt p\u00e5 2000 meter. Hadde det v\u00e6rt meg, ville jeg hatt precamp og &#8230; Man kan dra til Frankrike eller \u00d8sterrike med baner 1800 meter over havet &#8211; eller steder i USA og Mexico. Hadde det v\u00e6rt meg, ville jeg virkelig forberedt meg i hvert fall i ti dager p\u00e5 den h\u00f8yden. <\/p>\n<p>Det vil v\u00e6re tilfeller i mesterskapet der noen nasjoner spiller kamp i normale omstendigheter f\u00f8r de skal opp i h\u00f8yden i Mexico.<\/p>\n<p>&#8211; \u00c5 dra ned igjen er mye mindre ille enn \u00e5 dra opp, sier \u00d8stberg Amundsen.<\/p>\n<p>          <img loading=\"lazy\" decoding=\"async\" src=\"https:\/\/www.europesays.com\/no\/wp-content\/uploads\/2025\/10\/83671890.webp\" width=\"686\" height=\"392\" title=\"BLIR ADVART: Erling Braut Haaland og Martin \u00d8degaard m\u00e5 kanskje legge VM-campen til h\u00f8yden dersom Norge kommer seg til mesterskapet neste sommer. Foto: Bj\u00f8rn Langsem \/ Dagbladet\" alt=\"\" class=\"\" style=\"--aspect-ratio-image: 1.75; \"\/><\/p>\n<p>\n          BLIR ADVART: Erling Braut Haaland og Martin \u00d8degaard m\u00e5 kanskje legge VM-campen til h\u00f8yden dersom Norge kommer seg til mesterskapet neste sommer. Foto: Bj\u00f8rn Langsem \/ Dagbladet\n      <\/p>\n<p> &#8211; Du er d\u00e5rligere trent fordi du er akklimatisert, s\u00e5 jeg mener jo at hvis Norge kommer til VM, som vil v\u00e6re helt r\u00e5tt, s\u00e5 h\u00e5per jeg at de er n\u00f8ye p\u00e5 forberedelsene, og hvis de skal spille p\u00e5 den h\u00f8yden, m\u00e5 nok (Aron) D\u00f8nnum &amp; co. dra p\u00e5 h\u00f8ydesamling, advarer 27-\u00e5ringen.<\/p>\n<p>&#8211; H\u00f8res veldig kritisk ut<\/p>\n<p>Trekningen av gruppene i VM er 5. desember.\u00a0<\/p>\n<p>Da vil man f\u00e5 kontroll over kampprogrammet.<\/p>\n<p> &#8211; Det h\u00f8res veldig kritisk ut, sp\u00f8r du meg. Over 2000 meter, det er t\u00f8ft. I fotball ser du det handler om ferdigheter, men vel s\u00e5 mye om \u00e5 st\u00e5 kampen ut. Mye skjer mot slutten som regel. S\u00e5 med den h\u00f8yden skal de gj\u00f8re gode forberedelser for \u00e5 ikke f\u00e5 det etter hvert, sier kapasitetsl\u00f8per Iver Tildheim Andersen.<\/p>\n<p>        HERRELANSDLAGET: Sist gang Norge m\u00f8tte Israel til kvalifiseringskamp for VM i 2026, var landslagssjef St\u00e5le Solbakken sv\u00e6rt snakkesalig om politikken rundt kampen. Denne gangen blir det annerledes. Reporter: Edward Stenlund. Video: NTB<\/p>\n<p>Landslagstrener Eirik Myhr Nossum ser en del fotball &#8211; dog ikke like mye som han kanskje skulle \u00f8nsket. Han sier at han har sett p\u00e5 datoer for neste \u00e5r.<\/p>\n<p>&#8211; Kanskje jeg\u00a0skal selge inn at vi m\u00e5 til USA neste \u00e5r og forberede oss til Falun (VM 2027). Kanskje til Mexico der p\u00e5 2200 meter og ha langrennssamling. <\/p>\n<p>        <img loading=\"lazy\" decoding=\"async\" itemprop=\"image\" src=\"https:\/\/www.europesays.com\/no\/wp-content\/uploads\/2025\/10\/83642275.webp\" width=\"180\" height=\"180\" alt=\"Eirik Myhr Nossum\"\/><\/p>\n<p>            Eirik Myhr Nossum<br \/>\n            Eirik<br \/>\n            Myhr Nossum        <\/p>\n<p>Landslagssjef, herrer<\/p>\n<p class=\"italic m-italic\" data-lab-italic=\"italic\">&#8211; Treffer p\u00e5 <a href=\"https:\/\/www.dagbladet.no\/sport\/aldri-i-verden\/83257957\" rel=\"nofollow noopener\" target=\"_blank\">Petter Northug da?<\/a><\/p>\n<p class=\"font-weight-bold m-font-weight-bold\" data-lab-font_weight=\"font-weight-bold\">&#8211; Han trenger \u00e5 komme enda h\u00f8yere enn 2200 for \u00e5 komme tilbake, tror jeg, sier han og smiler.<\/p>\n<p>    Fotball-VM 2026<\/p>\n<p class=\"font-weight-bold m-font-weight-bold\" data-lab-font_weight=\"font-weight-bold\">Canada:\u00a0<\/p>\n<ul>\n<li class=\"lab-bodytext-line\">Vancouver, BC Place<\/li>\n<li class=\"lab-bodytext-line\">Toronto, BMO Field<\/li>\n<\/ul>\n<p class=\"font-weight-bold m-font-weight-bold\" data-lab-font_weight=\"font-weight-bold\">Mexico:<\/p>\n<ul>\n<li class=\"lab-bodytext-line\">Guadalupe, Estadio BBVA<\/li>\n<li class=\"lab-bodytext-line\">Mexico City, Estadio Azteca<\/li>\n<li class=\"lab-bodytext-line\">Zazpopan, Estadio Akron<\/li>\n<\/ul>\n<p class=\"font-weight-bold m-font-weight-bold\" data-lab-font_weight=\"font-weight-bold\">USA:\u00a0<\/p>\n<ul>\n<li class=\"lab-bodytext-line\">Atlanta, Mercedes-Benz Stadium<\/li>\n<li class=\"lab-bodytext-line\">Dallas, AT&amp;T Stadium<\/li>\n<li class=\"lab-bodytext-line\">Foxborough (Massachusetts), Gillette Stadium<\/li>\n<li class=\"lab-bodytext-line\">Houston, NRG Stadium<\/li>\n<li class=\"lab-bodytext-line\">Los Angeles, SoFi Stadium<\/li>\n<li class=\"lab-bodytext-line\">Miami, Hard Rock Stadium<\/li>\n<li class=\"lab-bodytext-line\">Kansas City, Arrowhead Stadium<\/li>\n<li class=\"lab-bodytext-line\">New Jersey, MetLife Stadium<\/li>\n<li class=\"lab-bodytext-line\">Philadelphia, Lincoln Financial Field<\/li>\n<li class=\"lab-bodytext-line\">Santa Clara, Levi&#8217;s Stadium<\/li>\n<li class=\"lab-bodytext-line\">Seattle, Lumen Field<\/li>\n<\/ul>\n<p>Finalen spilles i New Jersey (USA).<\/p>\n<p>      Vis mer<br \/>\n      Vis mindre<\/p>\n<p>Nossum: Den st\u00f8rste ulempen  <\/p>\n<p>Fra noe sp\u00f8k til alvor. Den tungt erfarne treneren kommer med sin faglige mening:<\/p>\n<p>&#8211;\u00a0Rent fysiologisk er det en utfordring. N\u00e5 tenker man kanskje ikke p\u00e5 fotball som den mest utholdenhetsdrevne idretten, men de springer jo tross alt 10-12 kilometer, og det er h\u00f8y intensitet. Din maskinkapasitet utholdenhetsmessig, den synker jo ganske mange prosent p\u00e5 2000 meter kontra p\u00e5 havniv\u00e5. S\u00e5 h\u00e5per jeg virkelig at Norge kommer dit, jeg skal ikke selge noe skinn her, men det ser lovende ut. Og kommer de seg dit og ender opp med \u00e5 sjonglere h\u00f8yde og lavland, er det klart de kommer til \u00e5 kjenne p\u00e5 det. I hvert fall hvis de spiller mot lag som er h\u00f8ydeakklimatisert n\u00e5r du selv ikke er det. <\/p>\n<p>          <img loading=\"lazy\" decoding=\"async\" src=\"https:\/\/www.europesays.com\/no\/wp-content\/uploads\/2025\/10\/83667363.webp\" width=\"980\" height=\"559\" title=\"H\u00d8YDETILPASSET: Pel\u00e9 etter at Brasil vant VM i 1970 mot Italia p\u00e5 Estadio Azteca i Mexico. Foto: AP \/ NTB\" alt=\"\" class=\"\" style=\"--aspect-ratio-image: 1.75; \"\/><\/p>\n<p>\n          H\u00d8YDETILPASSET: Pel\u00e9 etter at Brasil vant VM i 1970 mot Italia p\u00e5 Estadio Azteca i Mexico. Foto: AP \/ NTB\n      <\/p>\n<p> &#8211; La oss si at et lag m\u00e5 opp og ned i l\u00f8pet av et mesterskap, mens et land har spilt bare p\u00e5 havniv\u00e5. Hvor stor fordel er det? <\/p>\n<p>Han sier f\u00f8rst at det blir veldig hypotetisk, men spekulasjoner i tabloidene foran et stort mesterskap t\u00e5ler vi. Nossum tar oss gjennom:<\/p>\n<p> &#8211; Den st\u00f8rste ulempen vil v\u00e6re hvis du begynner i lavland og ikke har tid til h\u00f8yden. Har du en kamp i h\u00f8yden og spiller mot et lag som da har forberedt seg i h\u00f8yden og har v\u00e6rt der over tid: Da st\u00e5r du der litt med lua i h\u00e5nda rent fysiologisk sammenliknet med dem, sier han og fortsetter:<\/p>\n<p>        BODYBUILDER: Harald \u00d8stberg Amundsen f\u00f8ler seg nok mer hjemme i skisporet enn p\u00e5 gymmen. Video: @haraldamundsen1, Schjesvold\/S\u00f8r\u00f8 Olsen\/Dagbladet TV-sporten<\/p>\n<p>&#8211; Det vi som TV-tittere kan se p\u00e5, er at det ser ut som folk er d\u00e5rlig trent. Den repeterte sprintbiten som ligger i fotball &#8230; Du blir d\u00e5rligere p\u00e5 \u00e5 ta returl\u00f8pene og ta de mulighetene du har, fordi du rett og slett blir for sliten. Siden makskapasiteten har g\u00e5tt ned 10-15 prosent.<\/p>\n<p>Norge kan ta et nytt stort steg mot VM med seier over Israel l\u00f8rdag 11. oktober.\u00a0<\/p>\n<p>14. oktober venter New Zealand i en treningskamp.<\/p>\n","protected":false},"excerpt":{"rendered":"TORSBY (Dagbladet): &#8211;\u00a0Hadde det v\u00e6rt meg, ville jeg virkelig forberedt meg i hvert fall, sier langrennsstjerne Harald \u00d8stberg&hellip;\n","protected":false},"author":2,"featured_media":53075,"comment_status":"","ping_status":"","sticky":false,"template":"","format":"standard","meta":{"footnotes":""},"categories":[59],"tags":[7689,711,398,30,28,29,83,82,5669],"class_list":{"0":"post-53074","1":"post","2":"type-post","3":"status-publish","4":"format-standard","5":"has-post-thumbnail","7":"category-sport","8":"tag-frida-karlsson","9":"tag-johannes-hosflot-klaebo","10":"tag-langrenn","11":"tag-no","12":"tag-norge","13":"tag-norway","14":"tag-sport","15":"tag-sports","16":"tag-vintersport2025"},"share_on_mastodon":{"url":"","error":""},"_links":{"self":[{"href":"https:\/\/www.europesays.com\/no\/wp-json\/wp\/v2\/posts\/53074","targetHints":{"allow":["GET"]}}],"collection":[{"href":"https:\/\/www.europesays.com\/no\/wp-json\/wp\/v2\/posts"}],"about":[{"href":"https:\/\/www.europesays.com\/no\/wp-json\/wp\/v2\/types\/post"}],"author":[{"embeddable":true,"href":"https:\/\/www.europesays.com\/no\/wp-json\/wp\/v2\/users\/2"}],"replies":[{"embeddable":true,"href":"https:\/\/www.europesays.com\/no\/wp-json\/wp\/v2\/comments?post=53074"}],"version-history":[{"count":0,"href":"https:\/\/www.europesays.com\/no\/wp-json\/wp\/v2\/posts\/53074\/revisions"}],"wp:featuredmedia":[{"embeddable":true,"href":"https:\/\/www.europesays.com\/no\/wp-json\/wp\/v2\/media\/53075"}],"wp:attachment":[{"href":"https:\/\/www.europesays.com\/no\/wp-json\/wp\/v2\/media?parent=53074"}],"wp:term":[{"taxonomy":"category","embeddable":true,"href":"https:\/\/www.europesays.com\/no\/wp-json\/wp\/v2\/categories?post=53074"},{"taxonomy":"post_tag","embeddable":true,"href":"https:\/\/www.europesays.com\/no\/wp-json\/wp\/v2\/tags?post=53074"}],"curies":[{"name":"wp","href":"https:\/\/api.w.org\/{rel}","templated":true}]}}