{"id":53087,"date":"2025-10-05T10:01:22","date_gmt":"2025-10-05T10:01:22","guid":{"rendered":"https:\/\/www.europesays.com\/no\/53087\/"},"modified":"2025-10-05T10:01:22","modified_gmt":"2025-10-05T10:01:22","slug":"frimerkets-dag-kanebogen-rolf-var-50-ar-da-han-startet-jeg-trengte-en-rolig-hobby","status":"publish","type":"post","link":"https:\/\/www.europesays.com\/no\/53087\/","title":{"rendered":"Frimerkets dag, Kanebogen | Rolf var 50 \u00e5r da han startet: \u2013 Jeg trengte en rolig hobby"},"content":{"rendered":"\n<p>L\u00f8rdag, p\u00e5 Frimerkets dag er samlerne samlet p\u00e5 Amfi Kanebogen for \u00e5 dele en dyp, men rolig lidenskap. For mannen som heter Rolf, er frimerkesamlingen blitt pusterommet i en verden som snurrer stadig raskere.<\/p>\n<p>\u2013 Hva er det som foreg\u00e5r her i dag?<\/p>\n<p>Rolf smiler og forklarer at det er den \u00e5rlig markeringen av Frimerkets dag som frimerkesamlerne i Harstad arrangerer. De har vise i dag frem samlinger som spenner fra jubileumsfrimerker for Svalbardtraktaten til konvolutter som er spesiallaget med kullst\u00f8v fra Gruve 7 p\u00e5 Svalbard.<\/p>\n<p>Disse er ikke bare papirbiter; de er h\u00e5ndfaste minner om norsk historie.<\/p>\n<p>            Hva er Frimerkets dag<\/p>\n<p>Frimerkets dag er en \u00e5rlig feiring av frimerkesamling, som arrangeres den f\u00f8rste l\u00f8rdagen i oktober hvert \u00e5r. <\/p>\n<p>Dagen inneb\u00e6rer arrangementer og utstillinger, og gir samlere muligheten til \u00e5 kj\u00f8pe dagens utgivelser, spesialstemplede konvolutter, og sl\u00e5 av en prat med likesinnede. <\/p>\n<p>  Kilde til ro<\/p>\n<p>I disse digitale tider kan det kanskje virke paradoksalt og samle p\u00e5 frimerker \u2013 som stadig sjeldnere brukes, men Rolf understreker at frimerker er en veldig artig hobby, og en viktig kilde til ro.<\/p>\n<p>\u2013 Selv om en kanskje ikke har en s\u00e5 verdifull samling, s\u00e5 har vi samlinger som gir mye n\u00e5r du f\u00e5r sitte i ro og tenke p\u00e5 landet og l\u00e6re litt om historien.<\/p>\n<p>\u2013 Det er veldig koselig \u00e5 holde p\u00e5 med frimerker i den stunden du skal ha fred og ro, forklarer han.<\/p>\n<p>Som en mann med bakgrunn fra idrett, sammenligner han det med restitusjon: \u00c5 sette seg ned og konsentrere seg om frimerkenes verden er like viktig som s\u00f8vn og mat for \u00e5 slappe av. Da han selv startet med frimerkesamling i en alder av 50, trengte han nettopp dette: et rolig, konsentrert avbrekk.<\/p>\n<p>\u2013 Da ble det frimerker.<\/p>\n<p>Lokal tradisjon i snart 50 \u00e5r<\/p>\n<p>\u2013 Hvordan blir dere tatt imot n\u00e5r dere sitter her p\u00e5 Amfi Kanebogen?<\/p>\n<p>\u2013 Folk er interesserte. Veldig mange vet jo knapt hva et frimerke er n\u00e5 om dagen, sier Rolf.<\/p>\n<p>Jarl Aspaker, som deler Rolfs engasjement, trer inn i samtalen. Han forteller at deres lokale tradisjon for Frimerkets dag g\u00e5r helt tilbake til 1976. Det er en tradisjon de streber etter \u00e5 f\u00f8lge opp, for selv om mange i dag knapt vet hva et frimerke er, representerer samlingen et viktig stykke historie.<\/p>\n<p>Det er likevel en bekymring: \u00abVi merker jo at frimerkesamlerne blir eldre og eldre,\u00bb sier Jarl. \u00d8nsket er derfor \u00e5 se en ny generasjon finne den samme interessen.<\/p>\n<p>Til syvende og sist er Frimerkets dag, slik Rolf og Jarl opplever det, en p\u00e5minnelse om at verdien av et frimerke ligger i fortellingen det b\u00e6rer, og den verdifulle roen det gir samleren. De st\u00e5r der og holder historien, bokstavelig talt, i sine hender.<\/p>\n","protected":false},"excerpt":{"rendered":"L\u00f8rdag, p\u00e5 Frimerkets dag er samlerne samlet p\u00e5 Amfi Kanebogen for \u00e5 dele en dyp, men rolig lidenskap.&hellip;\n","protected":false},"author":2,"featured_media":53088,"comment_status":"","ping_status":"","sticky":false,"template":"","format":"standard","meta":{"footnotes":""},"categories":[12],"tags":[36,20,21,24,25,8066,15,8068,8067,22,23,13,30,28,29,14,16,1510,26,27,42,43,44,45],"class_list":{"0":"post-53087","1":"post","2":"type-post","3":"status-publish","4":"format-standard","5":"has-post-thumbnail","7":"category-verden","8":"tag-art","9":"tag-breaking-news","10":"tag-breakingnews","11":"tag-featured-news","12":"tag-featurednews","13":"tag-frimerkets-dag","14":"tag-headlines","15":"tag-hobby","16":"tag-kanebogen","17":"tag-latest-news","18":"tag-latestnews","19":"tag-news","20":"tag-no","21":"tag-norge","22":"tag-norway","23":"tag-nyheter","24":"tag-overskrifter","25":"tag-story","26":"tag-top-stories","27":"tag-topstories","28":"tag-verden","29":"tag-world","30":"tag-world-news","31":"tag-worldnews"},"share_on_mastodon":{"url":"","error":""},"_links":{"self":[{"href":"https:\/\/www.europesays.com\/no\/wp-json\/wp\/v2\/posts\/53087","targetHints":{"allow":["GET"]}}],"collection":[{"href":"https:\/\/www.europesays.com\/no\/wp-json\/wp\/v2\/posts"}],"about":[{"href":"https:\/\/www.europesays.com\/no\/wp-json\/wp\/v2\/types\/post"}],"author":[{"embeddable":true,"href":"https:\/\/www.europesays.com\/no\/wp-json\/wp\/v2\/users\/2"}],"replies":[{"embeddable":true,"href":"https:\/\/www.europesays.com\/no\/wp-json\/wp\/v2\/comments?post=53087"}],"version-history":[{"count":0,"href":"https:\/\/www.europesays.com\/no\/wp-json\/wp\/v2\/posts\/53087\/revisions"}],"wp:featuredmedia":[{"embeddable":true,"href":"https:\/\/www.europesays.com\/no\/wp-json\/wp\/v2\/media\/53088"}],"wp:attachment":[{"href":"https:\/\/www.europesays.com\/no\/wp-json\/wp\/v2\/media?parent=53087"}],"wp:term":[{"taxonomy":"category","embeddable":true,"href":"https:\/\/www.europesays.com\/no\/wp-json\/wp\/v2\/categories?post=53087"},{"taxonomy":"post_tag","embeddable":true,"href":"https:\/\/www.europesays.com\/no\/wp-json\/wp\/v2\/tags?post=53087"}],"curies":[{"name":"wp","href":"https:\/\/api.w.org\/{rel}","templated":true}]}}