{"id":53097,"date":"2025-10-05T10:15:10","date_gmt":"2025-10-05T10:15:10","guid":{"rendered":"https:\/\/www.europesays.com\/no\/53097\/"},"modified":"2025-10-05T10:15:10","modified_gmt":"2025-10-05T10:15:10","slug":"rundt-900-000-skal-vaere-fordrevet-fra-gaza-by","status":"publish","type":"post","link":"https:\/\/www.europesays.com\/no\/53097\/","title":{"rendered":"Rundt 900.000 skal v\u00e6re fordrevet fra Gaza by"},"content":{"rendered":"\n<p class=\"_lead_1994c_2 _lead_xtcu6_50 layout-component text-serif-m layout-normal text-serif-l layout-component layout-wide layout-padded _wide_17hqh_1 layout-padded\">Omtrent 900.000 palestinere har den siste m\u00e5neden dratt fra Gaza by og s\u00f8rover, sier Israels forsvarsminister Israel Katz.<\/p>\n<p><img alt=\"R\u00f8yk stiger fra Gazastripen etter et israelsk angrep s\u00f8ndag.  Foto: Mahmoud Issa \/ Reuters \/ NTB\" class=\"_image_qp4xg_65 layout-component layout-wide\" data-fullscreen- data-track-element-type=\"Article image fullscreen\" data-track-name=\"ImageFullscreen\" fetchpriority=\"high\" decoding=\"sync\" loading=\"eager\" height=\"3657\" itemprop=\"image\"  src=\"https:\/\/www.europesays.com\/no\/wp-content\/uploads\/2025\/10\/21df34f7-97b0-4465-bd13-5359f9db4bb4\"  style=\"object-position:0% 0%\" width=\"5500\"\/>R\u00f8yk stiger fra Gazastripen etter et israelsk angrep s\u00f8ndag.  Foto: Mahmoud Issa \/ Reuters \/ NTB<\/p>\n<ul aria-hidden=\"true\" class=\"_images_1y6fe_106\">\n<li><a class=\"_link_1y6fe_111\" href=\"https:\/\/www.vg.no\/forfatter\/harpreet-kaur-nijjer\" style=\"z-index:2\" title=\"Harpreet Kaur Nijjer\" rel=\"nofollow noopener\" target=\"_blank\"><img alt=\"Bilde av Harpreet Kaur Nijjer\" class=\"_image_1y6fe_88\" fetchpriority=\"low\" loading=\"lazy\" decoding=\"async\" itemprop=\"image\"  src=\"https:\/\/www.europesays.com\/no\/wp-content\/uploads\/2025\/10\/1759659309_505_9915841b-33cb-470f-8ab4-1d1650cff10e\"  width=\"480\"\/><\/a><\/li>\n<li><a class=\"_link_1y6fe_111\" href=\"https:\/\/www.vg.no\/forfatter\/ntb\" style=\"z-index:1\" title=\"NTB\" rel=\"nofollow noopener\" target=\"_blank\"><img alt=\"Bilde av NTB\" class=\"_image_1y6fe_88\" fetchpriority=\"low\" loading=\"lazy\" decoding=\"async\" itemprop=\"image\"  src=\"https:\/\/www.europesays.com\/no\/wp-content\/uploads\/2025\/10\/1759659309_888_c33980b0-5d07-4027-84a1-813f90a7c8d6\"  width=\"480\"\/><\/a><\/li>\n<\/ul>\n<p> Oppdatert s\u00f8ndag 5. oktober kl. 12:04     <\/p>\n<p class=\"_paragraph_1994c_4 _paragraph_xtcu6_10 layout-component text-serif-m layout-normal text-serif-m layout-padded\">\u2013 Beslutningen om \u00e5 okkupere <a href=\"https:\/\/www.vg.no\/tag\/gaza?utm_source=vg-article&amp;utm_medium=auto-tagger&amp;utm_campaign=JbVJw7\" class=\"_link_1994c_39\" rel=\"nofollow noopener\" target=\"_blank\">Gaza<\/a> by, kollapsen av h\u00f8yhus og intensiteten i IDF-operasjoner har f\u00f8rt til evakueringen av omtrent 900.000 innbyggere til s\u00f8r, noe som legger et enormt press p\u00e5 Hamas og landene som st\u00f8tter dem<\/p>\n<p class=\"_paragraph_1994c_4 _paragraph_xtcu6_10 layout-component text-serif-m layout-normal text-serif-m layout-padded\">Det sa Katz i en tale i Jerusalem s\u00f8ndag. <\/p>\n<p class=\"_paragraph_1994c_4 _paragraph_xtcu6_10 layout-component text-serif-m layout-normal text-serif-m layout-padded\">Han hevdet at det israelske milit\u00e6rets (IDF) overtagelse av Gaza by, har lagt grunnarbeidet for den mye omtalte <a href=\"https:\/\/www.vg.no\/nyheter\/i\/4ByA7o\/trump-og-netanyahu-moetes-i-det-hvite-hus-diskuterer-21-punktsplan-for-gaza\" data-track-element-type=\"Link\" data-track-id=\"link:4ByA7o\" class=\"_link_1994c_39\" rel=\"nofollow noopener\" target=\"_blank\">fredsplanen til USAs president Donald Trump<\/a>. <\/p>\n<p class=\"_paragraph_1994c_4 _paragraph_xtcu6_10 layout-component text-serif-m layout-normal text-serif-m layout-padded\">Hamas har g\u00e5tt med p\u00e5 \u00e5 forhandle om enkelte detaljer i planen.<\/p>\n<p>Nye angrep <\/p>\n<p class=\"_paragraph_1994c_4 _paragraph_xtcu6_10 layout-component text-serif-m layout-normal text-serif-m layout-padded\">Natt til s\u00f8ndag har israelske krigsfly og stridsvogner angrepet omr\u00e5der p\u00e5 Gazastripen, og flere boligbygninger har blitt \u00f8delagt, if\u00f8lge \u00f8yenvitner.<\/p>\n<p class=\"_paragraph_1994c_4 _paragraph_xtcu6_10 layout-component text-serif-m layout-normal text-serif-m layout-padded\">USAs president Donald Trump, som har oppfordret til en slutt p\u00e5 bombingen, sa l\u00f8rdag at Israel har g\u00e5tt med p\u00e5 en innledende grense for tilbaketrekking inne i Gaza.<\/p>\n<p><img alt=\"Folk g\u00e5r s\u00f8ndag gjennom ruinene i Gaza by etter helgens angrep.   Foto: Ebrahim Hajjaj \/ Reuters \/ NTB\" class=\"_image_qp4xg_65 layout-component layout-normal\" data-fullscreen- data-track-element-type=\"Article image fullscreen\" data-track-name=\"ImageFullscreen\" decoding=\"async\" loading=\"lazy\" height=\"3667\" itemprop=\"image\"  src=\"https:\/\/www.europesays.com\/no\/wp-content\/uploads\/2025\/10\/625b26df-1f3e-468f-933f-fe7c8fdd0a74\"  style=\"object-position:0% 0%\" width=\"5500\"\/>Folk g\u00e5r s\u00f8ndag gjennom ruinene i Gaza by etter helgens angrep.   Foto: Ebrahim Hajjaj \/ Reuters \/ NTB<\/p>\n<p class=\"_paragraph_1994c_4 _paragraph_xtcu6_10 layout-component text-serif-m layout-normal text-serif-m layout-padded\">Trump har ogs\u00e5 sagt at s\u00e5 fort Hamas har akseptert fredsplanen, s\u00e5 skal en v\u00e5penhvile tre i kraft. <\/p>\n<p class=\"_paragraph_1994c_4 _paragraph_xtcu6_10 layout-component text-serif-m layout-normal text-serif-m layout-padded\">Samtidig forbereder Egypt seg p\u00e5 \u00e5 v\u00e6re vertskap for delegater fra Hamas, Israel, USA og Qatar, for \u00e5 starte samtaler om implementeringen av den mest fremskredne innsatsen hittil for \u00e5 stoppe konflikten.<\/p>\n<p>Sa at gjenv\u00e6rende i byen vil anses som terrorister<\/p>\n<p class=\"_paragraph_1994c_4 _paragraph_xtcu6_10 layout-component text-serif-m layout-normal text-serif-m layout-padded\">Katz sa tidligere denne uken at de som velger \u00e5 bli igjen i Gaza by, kommer til \u00e5 bli ansett som terrorister eller st\u00f8ttespillere av terrorister. <\/p>\n<p class=\"_paragraph_1994c_4 _paragraph_xtcu6_10 layout-component text-serif-m layout-normal text-serif-m layout-padded\"><strong class=\"_strong_1994c_25\">For om lag en m\u00e5ned siden bodde over \u00e9n million mennesker i og rundt Gaza by, anslo FN. <\/strong><\/p>\n<p><img alt=\"Folk i ruiner etter et israelsk angrep s\u00f8ndag.   Foto: Ebrahim Hajjaj \/ Reuters \/ NTB\" class=\"_image_qp4xg_65 layout-component layout-normal\" data-fullscreen- data-track-element-type=\"Article image fullscreen\" data-track-name=\"ImageFullscreen\" decoding=\"async\" loading=\"lazy\" height=\"3667\" itemprop=\"image\"  src=\"https:\/\/www.europesays.com\/no\/wp-content\/uploads\/2025\/10\/613c950b-dcc3-481b-ac70-e9c4b64819ee\"  style=\"object-position:0% 0%\" width=\"5500\"\/>Folk i ruiner etter et israelsk angrep s\u00f8ndag.   Foto: Ebrahim Hajjaj \/ Reuters \/ NTB<\/p>\n<p class=\"_paragraph_1994c_4 _paragraph_xtcu6_10 layout-component text-serif-m layout-normal text-serif-m layout-padded\">I midten av september anslo det israelske milit\u00e6ret at 480.000 innbyggere hadde forlatt byen. Israel har gjentatte ganger beordret folk om \u00e5 forlate byen i forbindelse med bakkeinvasjonen deres der. <\/p>\n<p class=\"_paragraph_1994c_4 _paragraph_xtcu6_10 layout-component text-serif-m layout-normal text-serif-m layout-padded\">FN oppga et lavere tall og anslo da at over 250.000 mennesker hadde reist fra Gaza by.<\/p>\n<p>Les ogs\u00e5<\/p>\n","protected":false},"excerpt":{"rendered":"Omtrent 900.000 palestinere har den siste m\u00e5neden dratt fra Gaza by og s\u00f8rover, sier Israels forsvarsminister Israel Katz.&hellip;\n","protected":false},"author":2,"featured_media":53098,"comment_status":"","ping_status":"","sticky":false,"template":"","format":"standard","meta":{"footnotes":""},"categories":[12],"tags":[20,21,24,25,53,566,15,3545,52,22,23,13,30,28,29,14,16,261,26,27,42,43,44,45],"class_list":{"0":"post-53097","1":"post","2":"type-post","3":"status-publish","4":"format-standard","5":"has-post-thumbnail","7":"category-verden","8":"tag-breaking-news","9":"tag-breakingnews","10":"tag-featured-news","11":"tag-featurednews","12":"tag-gaza","13":"tag-hamas","14":"tag-headlines","15":"tag-idf","16":"tag-israel","17":"tag-latest-news","18":"tag-latestnews","19":"tag-news","20":"tag-no","21":"tag-norge","22":"tag-norway","23":"tag-nyheter","24":"tag-overskrifter","25":"tag-palestina","26":"tag-top-stories","27":"tag-topstories","28":"tag-verden","29":"tag-world","30":"tag-world-news","31":"tag-worldnews"},"share_on_mastodon":{"url":"","error":""},"_links":{"self":[{"href":"https:\/\/www.europesays.com\/no\/wp-json\/wp\/v2\/posts\/53097","targetHints":{"allow":["GET"]}}],"collection":[{"href":"https:\/\/www.europesays.com\/no\/wp-json\/wp\/v2\/posts"}],"about":[{"href":"https:\/\/www.europesays.com\/no\/wp-json\/wp\/v2\/types\/post"}],"author":[{"embeddable":true,"href":"https:\/\/www.europesays.com\/no\/wp-json\/wp\/v2\/users\/2"}],"replies":[{"embeddable":true,"href":"https:\/\/www.europesays.com\/no\/wp-json\/wp\/v2\/comments?post=53097"}],"version-history":[{"count":0,"href":"https:\/\/www.europesays.com\/no\/wp-json\/wp\/v2\/posts\/53097\/revisions"}],"wp:featuredmedia":[{"embeddable":true,"href":"https:\/\/www.europesays.com\/no\/wp-json\/wp\/v2\/media\/53098"}],"wp:attachment":[{"href":"https:\/\/www.europesays.com\/no\/wp-json\/wp\/v2\/media?parent=53097"}],"wp:term":[{"taxonomy":"category","embeddable":true,"href":"https:\/\/www.europesays.com\/no\/wp-json\/wp\/v2\/categories?post=53097"},{"taxonomy":"post_tag","embeddable":true,"href":"https:\/\/www.europesays.com\/no\/wp-json\/wp\/v2\/tags?post=53097"}],"curies":[{"name":"wp","href":"https:\/\/api.w.org\/{rel}","templated":true}]}}