{"id":53109,"date":"2025-10-05T10:51:08","date_gmt":"2025-10-05T10:51:08","guid":{"rendered":"https:\/\/www.europesays.com\/no\/53109\/"},"modified":"2025-10-05T10:51:08","modified_gmt":"2025-10-05T10:51:08","slug":"her-herjet-amy-som-verst-dagbladet","status":"publish","type":"post","link":"https:\/\/www.europesays.com\/no\/53109\/","title":{"rendered":"Her herjet \u00abAmy\u00bb som verst &#8211; Dagbladet"},"content":{"rendered":"<ol>\n<li><a href=\"https:\/\/news.google.com\/rss\/articles\/CBMidEFVX3lxTE5GOF9DTURhTURHZGFaMm0yYkQ5NVZJc3R5dXBYMkptR2lJVHR4NXBsMG9rdWpkSHcxZy1VNzh0TG9HTUM1MEo1bEM5dVE2b2RTVy12OUJqbF8wVHA2czFzdk5LdzQyOG5zbVdLRXZOTzlKWlRI?oc=5\" target=\"_blank\" rel=\"nofollow noopener\">Her herjet \u00abAmy\u00bb som verst<\/a>&nbsp;&nbsp;Dagbladet<\/li>\n<li><a href=\"https:\/\/news.google.com\/rss\/articles\/CBMiqwFBVV95cUxNdEozRGdCT2tZSTJ6YWVwajBxbmUyeUxJay1Majhhdlo1Wm85NjZ5VU90Z0xWQmpLUGpsd0laQ3lENlJQWkd4M1BMUVYwSmt3U01Sajg5RjhXNWNkYjJ4YWZCR09WLTktVlpGLVdKaloxSlJNTDlwdzNTVzBHaFlNTVUydy0tYi1XMVR0aDZrVUZ4SkdDdUdfSHlBQWJGcUhPdllqd0dkSlBVaDA?oc=5\" target=\"_blank\" rel=\"nofollow noopener\">Karm\u00f8y, Nedb\u00f8r | Her ble det satt rekord: \u2013 Vi fulgte med, og hadde en intern feiring i g\u00e5r<\/a>&nbsp;&nbsp;Haugesunds Avis<\/li>\n<li><a href=\"https:\/\/news.google.com\/rss\/articles\/CBMiogFBVV95cUxPSGFnUzZfWFJybjFlN2JJSVpCc29PLTExbGFqb1Jjek51RUlMZFZPSXFHSFpOaW5zUTdwN25HeE5pSzRpUzVZVU9lRTlMajY0UFZzNjZJdWtoOVhUMkl0YUlFUG10dDFSMUZzX19PbV9rdW5QalRESTcxcFpTLXF2M2wxc2M0amppQzV6MndKWlJQS3VyTVBwSUVQa3dzcnlLMVE?oc=5\" target=\"_blank\" rel=\"nofollow noopener\">Ikkje sidan september i fjor har det kome meir nedb\u00f8r<\/a>&nbsp;&nbsp;hallingdolen.no<\/li>\n<li><a href=\"https:\/\/news.google.com\/rss\/articles\/CBMidEFVX3lxTE1XZTAxLVRSV3JmNGFEVXNScFJHSnUzVERiTTVRMlRXOVUzeHhzRXRfMjRtM3ZKMGMyOTB5ek4wZnM1ak9NcmlsVy1HNUNQcDlybFlqSDM1QXhJWjQxQ3JoN3FMQ3JsN0o3QkVaTnljVGJqakh0?oc=5\" target=\"_blank\" rel=\"nofollow noopener\">(+) Fikk over 200 mm nedb\u00f8r p\u00e5 noen f\u00e5 timer<\/a>&nbsp;&nbsp;Spaniaavisen<\/li>\n<li><a href=\"https:\/\/news.google.com\/rss\/articles\/CBMiqAFBVV95cUxPcF8zYlVqTTlQOEdFSlFsc1l6eVZWM05rR3BKbG5KNzB6Tm5oZ1dLS3ViblJWaWJWUHE2clBlOE5VbnNvM2JXU0cxQUJ3UUwyYUVDWm56MmZTUHZEcnFUbWszWURZTTBicXpENXhlX0dwVWVYamxVV2tIX3Rpa3JQYXRna0ZnLVlRRHRkUGpyMmRTQ2g4WUFfTTJwUk9JQzFOWENnODlzZjg?oc=5\" target=\"_blank\" rel=\"nofollow noopener\">(+) Ny nedb\u00f8rsrekord p\u00e5 Karm\u00f8y! \u2013 Det har v\u00e6rt en ekstremt v\u00e5t september<\/a>&nbsp;&nbsp;Karm\u00f8ynytt<\/li>\n<\/ol>\n","protected":false},"excerpt":{"rendered":"Her herjet \u00abAmy\u00bb som verst&nbsp;&nbsp;Dagbladet Karm\u00f8y, Nedb\u00f8r | Her ble det satt rekord: \u2013 Vi fulgte med, og&hellip;\n","protected":false},"author":2,"featured_media":53110,"comment_status":"","ping_status":"","sticky":false,"template":"","format":"standard","meta":{"footnotes":""},"categories":[10],"tags":[20,21,7931,24,25,15,2539,22,23,13,30,28,29,14,16,26,27,387],"class_list":{"0":"post-53109","1":"post","2":"type-post","3":"status-publish","4":"format-standard","5":"has-post-thumbnail","7":"category-norge","8":"tag-breaking-news","9":"tag-breakingnews","10":"tag-ekstremvaeret-amy","11":"tag-featured-news","12":"tag-featurednews","13":"tag-headlines","14":"tag-innenriks","15":"tag-latest-news","16":"tag-latestnews","17":"tag-news","18":"tag-no","19":"tag-norge","20":"tag-norway","21":"tag-nyheter","22":"tag-overskrifter","23":"tag-top-stories","24":"tag-topstories","25":"tag-vaeret"},"share_on_mastodon":{"url":"","error":""},"_links":{"self":[{"href":"https:\/\/www.europesays.com\/no\/wp-json\/wp\/v2\/posts\/53109","targetHints":{"allow":["GET"]}}],"collection":[{"href":"https:\/\/www.europesays.com\/no\/wp-json\/wp\/v2\/posts"}],"about":[{"href":"https:\/\/www.europesays.com\/no\/wp-json\/wp\/v2\/types\/post"}],"author":[{"embeddable":true,"href":"https:\/\/www.europesays.com\/no\/wp-json\/wp\/v2\/users\/2"}],"replies":[{"embeddable":true,"href":"https:\/\/www.europesays.com\/no\/wp-json\/wp\/v2\/comments?post=53109"}],"version-history":[{"count":0,"href":"https:\/\/www.europesays.com\/no\/wp-json\/wp\/v2\/posts\/53109\/revisions"}],"wp:featuredmedia":[{"embeddable":true,"href":"https:\/\/www.europesays.com\/no\/wp-json\/wp\/v2\/media\/53110"}],"wp:attachment":[{"href":"https:\/\/www.europesays.com\/no\/wp-json\/wp\/v2\/media?parent=53109"}],"wp:term":[{"taxonomy":"category","embeddable":true,"href":"https:\/\/www.europesays.com\/no\/wp-json\/wp\/v2\/categories?post=53109"},{"taxonomy":"post_tag","embeddable":true,"href":"https:\/\/www.europesays.com\/no\/wp-json\/wp\/v2\/tags?post=53109"}],"curies":[{"name":"wp","href":"https:\/\/api.w.org\/{rel}","templated":true}]}}