{"id":53186,"date":"2025-10-05T13:52:11","date_gmt":"2025-10-05T13:52:11","guid":{"rendered":"https:\/\/www.europesays.com\/no\/53186\/"},"modified":"2025-10-05T13:52:11","modified_gmt":"2025-10-05T13:52:11","slug":"charlies-utrolige-reise-fra-ryggmargsskade-til-kreftfri","status":"publish","type":"post","link":"https:\/\/www.europesays.com\/no\/53186\/","title":{"rendered":"Charlies Utrolige Reise: Fra ryggmargsskade til kreftfri"},"content":{"rendered":"<p class=\"kicker \" style=\"\">Ni\u00e5ringen er t\u00f8ffere<br \/>\nenn de fleste<\/p>\n<p>  F\u00f8rst ble Charlies ryggmarg skadet \u2013 og s\u00e5<br \/>\nfikk gutten kreft. Men han har bevart<br \/>\nsmilet sitt hele tiden.<\/p>\n<p>\n    FRIHET: Charlie i rullestolsykkelen sin, Mens andre ville<br \/>\nmislikt \u00e5 sitte i en slik, betyr<br \/>\nden frihet for Charlie. Med den<br \/>\nkan han komme seg dit han vil! FOTO: Privat\n  <\/p>\n<p>Becky Fielding (45) kommer aldri til \u00e5 glemme synet av de nyf\u00f8dte tvillingene sine for ni \u00e5r siden. Poppy veide 1360 gram, mens Charlie veide 1710 \u2013 og de skulle egentlig ikke bli f\u00f8dt f\u00f8r to m\u00e5neder senere. <\/p>\n<p>&#8211; N\u00e5 var det en virvelvind av kuv\u00f8ser, slanger og bekymringer. Poppy l\u00e5 p\u00e5 sykehuset i \u00e5tte uker, og Charlie i ti \u2013 men til slutt kunne vi ta de sm\u00e5 skj\u00f8re barna v\u00e5re med hjem, forteller den stolte moren fra West Sussex i Storbritannia.<\/p>\n<p>        MAMMAS HELT: Kreftsyke Martin er f\u00f8dt med Downs syndrom, og ble seernes yndling i TV-serien \u00abS\u00f8sken\u00bb. Mamma Monica Hennum Steen hadde h\u00e5pet at de skulle f\u00e5 en kreftfri sommer &#8211; men slik ble det dessverre ikke. Video: Svend Aage Madsen \/ Emilie Rydning.<\/p>\n<p>Livet med tvillinger var krevende \u2013 og fint. Becky og Jamie (47) hadde datteren Lola (13) fra f\u00f8r, og hun var stolt og hjelpsomstores\u00f8ster.<\/p>\n<p>Men det tok ikke lang tid f\u00f8r de fant ut at Charlie hadde litt mer fysiske utfordringer enn tvillings\u00f8steren sin. Han var inn og ut av sykehuset med luftveisinfeksjoner og bronkiolitt.<\/p>\n<p>&#8211; Det f\u00f8ltes n\u00e6rmest som om vi hadde klippekort p\u00e5 barneavdelingen, sier Becky.<\/p>\n<p>          <img loading=\"lazy\" decoding=\"async\" src=\"https:\/\/www.europesays.com\/no\/wp-content\/uploads\/2025\/10\/83641141.webp\" width=\"686\" height=\"686\" title=\"TVILLINGER:&#10;Charlie og Poppy&#10;etter at de begge&#10;fikk komme hjem fra&#10;sykehuset. FOTO: Privat\" alt=\"\" class=\"\" style=\"--aspect-ratio-image: 1.00; \"\/><\/p>\n<p>\n          TVILLINGER:<br \/>\nCharlie og Poppy<br \/>\netter at de begge<br \/>\nfikk komme hjem fra<br \/>\nsykehuset. FOTO: Privat\n      <\/p>\n<p>Charlie n\u00e5dde likevel de viktige milep\u00e6lene samtidig med Poppy, og familien begynte \u00e5 tenke at det verste l\u00e5 bak dem.<\/p>\n<p>S\u00e5 kom morgenen da Charlie v\u00e5knet i smerte. Han var ute av stand til \u00e5 bevege bena sine, og foreldrene hastet til sykehuset.<\/p>\n<p>Legene trodde det var ettervirkninger av en infeksjon, men s\u00e5 ble han enda d\u00e5rligere.<\/p>\n<p>    <a itemprop=\"url\" href=\"https:\/\/www.seher.no\/sterke-historier\/viktor-1-er-dodssyk-foreldrenes-budskap\/83593939\" rel=\"nofollow noopener\" target=\"_blank\"><\/p>\n<p>      <img loading=\"lazy\" decoding=\"async\" src=\"https:\/\/www.europesays.com\/no\/wp-content\/uploads\/2025\/10\/1759672331_217_83548073.webp\" width=\"980\" height=\"441\" title=\"Viktor (1) er d\u00f8dssyk: Foreldrenes budskap\" alt=\"\" class=\"lazyload\" style=\"--aspect-ratio-image: 2.22; \"\/><\/p>\n<p>        Viktor (1) er d\u00f8dssyk: Foreldrenes budskap<\/p>\n<p>    <\/a><\/p>\n<p>En MR-unders\u00f8kelse avsl\u00f8rte at Charlies ryggrad hadde et virvar av blod\u00e5rer som hadde sprukket og skadet ryggmargen hans. Han ble sendt med bl\u00e5lys til Great Ormond Street Hospital i London, hvor legene fikk stoppet bl\u00f8dningen.<\/p>\n<p>&#8211; Vi fikk en mild, men tydelig beskjed: Det kunne hende at han aldri kom til \u00e5 klare \u00e5 g\u00e5, sier Becky.<\/p>\n<p>        SJELDENT: Tvillingene har en sv\u00e6rt sjelden genfeil. <\/p>\n<p>Hun beskriver hvordan ektemannen knakk fullstendig sammen, mens hun fors\u00f8kte \u00e5 v\u00e6re sterk for alle.<\/p>\n<p>Charlie ble sendt p\u00e5 opptrening gjennom helsevesenet, men det ble ikke bedre. Da tilbudet fra det offentlige var ferdig, begynte familien \u00e5 jakte p\u00e5 privat hjelp. De fant et senter som heter Neurokinex, som ligger n\u00e6rme familiens hjem.<\/p>\n<p>&#8211; Vi tok sjansen, og pr\u00f8vde. Og fra det \u00f8yeblikket vi gikk inn d\u00f8rene den f\u00f8rste gangen, skj\u00f8nte jeg at dette var noe spesielt, forteller Becky. <\/p>\n<p>          <img loading=\"lazy\" decoding=\"async\" src=\"https:\/\/www.europesays.com\/no\/wp-content\/uploads\/2025\/10\/83641142.webp\" width=\"686\" height=\"913\" title=\"HEIAGJENG: Charlie&#10;sammen med pappa&#10;Jamie og mamma Becky,&#10;tvillings\u00f8ster Poppy og&#10;stores\u00f8ster Lola. FOTO: Privat\" alt=\"\" class=\"\" style=\"--aspect-ratio-image: 0.75; \"\/><\/p>\n<p>\n          HEIAGJENG: Charlie<br \/>\nsammen med pappa<br \/>\nJamie og mamma Becky,<br \/>\ntvillings\u00f8ster Poppy og<br \/>\nstores\u00f8ster Lola. FOTO: Privat\n      <\/p>\n<p>Her jobbet de med \u00e5 bygge guttens styrke, selvtillit og selvstendighet. Og endelig gjorde han store fremskritt.<\/p>\n<p>&#8211; Men s\u00e5 ga livet oss nok en kilevink. Like f\u00f8r han fylte fire, ble han alvorlig d\u00e5rlig med h\u00f8y feber. Etter mange unders\u00f8kelser, viste det seg at han hadde f\u00e5tt leukemi. Vi var helt satt ut. Det f\u00f8ltes direkte ondskapsfullt, sier trebarnsmoren.<\/p>\n<p>        R\u00f8d L\u00f8per-praktikant Selene Fjellvang Lie og s\u00f8stera Angelika smelter hjerter p\u00e5 Tiktok. I anledning 21. mars &#8211; verdensdagen for down syndrom, fikk vi bes\u00f8k av Angelika. Video: Selene Fjellvang Lie\/R\u00f8d L\u00f8per<\/p>\n<p>N\u00e5 fulgte tre \u00e5r med endel\u00f8se cellegiftkurer, sykehusopphold og blodpr\u00f8ver. Gutten kunne ikke g\u00e5 i barnehagen, fordi han ikke kunne risikere infeksjoner.<\/p>\n<p>&#8211; Han gikk glipp av s\u00e5 mye, men han tok det hele med et smil, sier Becky.<\/p>\n<p>        SKREKKBESKJED: Da Marte var to \u00e5r merket foreldrene at noe var galt, hos legen fikk de skrekkbeskjeden, hun hadde leukemi. Video: Se og H\u00f8r<\/p>\n<p>N\u00e5 er han kreftfri, men har ettervirkninger etter den t\u00f8ffe behandlingene. Bena hans er skj\u00f8re, og han har allerede v\u00e6rt igjennom et benbrudd. Han har ogs\u00e5 f\u00e5tt skoliose, som han skal opereres for n\u00e5r han blir litt sterkere.<\/p>\n<p>Og s\u00e5 har han nettopp blitt diagnostisert med ADHD.<\/p>\n<p>&#8211; P\u00e5 tross av alt dette, er Charlie den gladeste og sterkeste gutten du kan tenke deg, sier mamma Becky.<\/p>\n<p>        Sterk historie der to familier m\u00f8tes etter at Marcus ga sitt hjerte til hjertesyke Celine.<\/p>\n<p>&#8211; Han v\u00e5kner opp med et smil, og ser p\u00e5 rullestolen som sin mulighet til \u00e5 v\u00e6re fri, forteller hun.<\/p>\n<p>Gutten har l\u00e6rt foreldrene \u00e5 se gleden i de sm\u00e5 ting, le n\u00e5r livet f\u00f8les t\u00f8ft \u2013 og tro p\u00e5 at ting kan bli bedre. <\/p>\n<p>N\u00e5 er han med p\u00e5 #TopBinsSmallWins-utfordringen i sosiale medier, for \u00e5 skape oppmerksomhet til de som lever med ryggmargsskader. <\/p>\n<p>Les mer om det p\u00e5 neurokinex.org\/top-bins-small-wins\/<\/p>\n<p class=\"font-weight-bold m-font-weight-bold\" data-lab-font_weight=\"font-weight-bold\"><a href=\"https:\/\/www.seher.no\/kongelig\/tatt-pa-fersken\/83638887\" rel=\"nofollow noopener\" target=\"_blank\">LES OGS\u00c5:\u00a0Tatt p\u00e5\u00a0fersken<\/a><\/p>\n","protected":false},"excerpt":{"rendered":"Ni\u00e5ringen er t\u00f8ffere enn de fleste F\u00f8rst ble Charlies ryggmarg skadet \u2013 og s\u00e5 fikk gutten kreft. Men&hellip;\n","protected":false},"author":2,"featured_media":53187,"comment_status":"","ping_status":"","sticky":false,"template":"","format":"standard","meta":{"footnotes":""},"categories":[12],"tags":[6689,20,21,4104,24,25,15,1401,704,22,23,8090,13,30,28,29,14,16,8089,4291,26,27,42,43,44,45],"class_list":{"0":"post-53186","1":"post","2":"type-post","3":"status-publish","4":"format-standard","5":"has-post-thumbnail","7":"category-verden","8":"tag-adhd","9":"tag-breaking-news","10":"tag-breakingnews","11":"tag-eksklusivt","12":"tag-featured-news","13":"tag-featurednews","14":"tag-headlines","15":"tag-kreft","16":"tag-kreftbehandling","17":"tag-latest-news","18":"tag-latestnews","19":"tag-leukemi","20":"tag-news","21":"tag-no","22":"tag-norge","23":"tag-norway","24":"tag-nyheter","25":"tag-overskrifter","26":"tag-ryggmargsskader","27":"tag-sterke-historier","28":"tag-top-stories","29":"tag-topstories","30":"tag-verden","31":"tag-world","32":"tag-world-news","33":"tag-worldnews"},"share_on_mastodon":{"url":"","error":""},"_links":{"self":[{"href":"https:\/\/www.europesays.com\/no\/wp-json\/wp\/v2\/posts\/53186","targetHints":{"allow":["GET"]}}],"collection":[{"href":"https:\/\/www.europesays.com\/no\/wp-json\/wp\/v2\/posts"}],"about":[{"href":"https:\/\/www.europesays.com\/no\/wp-json\/wp\/v2\/types\/post"}],"author":[{"embeddable":true,"href":"https:\/\/www.europesays.com\/no\/wp-json\/wp\/v2\/users\/2"}],"replies":[{"embeddable":true,"href":"https:\/\/www.europesays.com\/no\/wp-json\/wp\/v2\/comments?post=53186"}],"version-history":[{"count":0,"href":"https:\/\/www.europesays.com\/no\/wp-json\/wp\/v2\/posts\/53186\/revisions"}],"wp:featuredmedia":[{"embeddable":true,"href":"https:\/\/www.europesays.com\/no\/wp-json\/wp\/v2\/media\/53187"}],"wp:attachment":[{"href":"https:\/\/www.europesays.com\/no\/wp-json\/wp\/v2\/media?parent=53186"}],"wp:term":[{"taxonomy":"category","embeddable":true,"href":"https:\/\/www.europesays.com\/no\/wp-json\/wp\/v2\/categories?post=53186"},{"taxonomy":"post_tag","embeddable":true,"href":"https:\/\/www.europesays.com\/no\/wp-json\/wp\/v2\/tags?post=53186"}],"curies":[{"name":"wp","href":"https:\/\/api.w.org\/{rel}","templated":true}]}}