{"id":53204,"date":"2025-10-05T14:50:13","date_gmt":"2025-10-05T14:50:13","guid":{"rendered":"https:\/\/www.europesays.com\/no\/53204\/"},"modified":"2025-10-05T14:50:13","modified_gmt":"2025-10-05T14:50:13","slug":"bane-nor-far-erstatningskrav-fra-vy","status":"publish","type":"post","link":"https:\/\/www.europesays.com\/no\/53204\/","title":{"rendered":"Bane Nor f\u00e5r erstatningskrav fra Vy"},"content":{"rendered":"\n<p class=\"_lead_1994c_2 _lead_xtcu6_50 layout-component text-serif-m layout-normal text-serif-l layout-component layout-wide layout-padded _wide_17hqh_1 layout-padded\">I over et halvt d\u00f8gn sto togene stille f\u00f8rste juledag 2024. Det ble dyrt.<\/p>\n<p><img alt=\" Foto: Beate Oma Dahle \/ NTB\" class=\"_image_qp4xg_65 layout-component layout-wide\" data-fullscreen- data-track-element-type=\"Article image fullscreen\" data-track-name=\"ImageFullscreen\" fetchpriority=\"high\" decoding=\"sync\" loading=\"eager\" height=\"5760\" itemprop=\"image\"  src=\"https:\/\/www.europesays.com\/no\/wp-content\/uploads\/2025\/10\/e706ec30-231b-4425-bdc4-7bff40faeec3\"  style=\"object-position:0% 0%\" width=\"8640\"\/> Foto: Beate Oma Dahle \/ NTB<\/p>\n<ul aria-hidden=\"true\" class=\"_images_1y6fe_106\">\n<li><a class=\"_link_1y6fe_111\" href=\"https:\/\/www.vg.no\/forfatter\/vilde-elgaaen\" style=\"z-index:1\" title=\"Vilde Elgaaen\" rel=\"nofollow noopener\" target=\"_blank\"><img alt=\"Bilde av Vilde Elgaaen\" class=\"_image_1y6fe_88\" fetchpriority=\"low\" loading=\"lazy\" decoding=\"async\" itemprop=\"image\"  src=\"https:\/\/www.europesays.com\/no\/wp-content\/uploads\/2025\/10\/d7abc11e-e453-4b15-b473-933209ff5fea\"  width=\"480\"\/><\/a><\/li>\n<\/ul>\n<p> Oppdatert s\u00f8ndag 5. oktober kl. 15:38    <\/p>\n<ul class=\"_list_1994c_3 _list_64s2r_85 _unordered_1994c_105 text-sans-m\">\n<li class=\"_item_1994c_30\">Vy varsler erstatningskrav mot Bane Nor etter togstansen 1. juledag, som kostet selskapet i underkant av 20 millioner kroner.<\/li>\n<li class=\"_item_1994c_30\">650 tog sto stille i 13 timer, og rundt 60.000 reisende ble rammet.<\/li>\n<li class=\"_item_1994c_30\">SJT fant ingen direkte regelbrudd, men forbedringsbehov, og Bane Nor unders\u00f8ker videre.<\/li>\n<\/ul>\n<p>Vis mer <\/p>\n<p class=\"_paragraph_1994c_4 _paragraph_xtcu6_10 layout-component text-serif-m layout-normal text-serif-m layout-padded\">\u2013 Vi har varslet Bane Nor om at vi retter krav om erstatning for v\u00e5re tap for 1. juledag. <\/p>\n<p class=\"_paragraph_1994c_4 _paragraph_xtcu6_10 layout-component text-serif-m layout-normal text-serif-m layout-padded\">Det skriver Marius Holm, konserndirekt\u00f8r for kommunikasjon og samfunns\u00adkontakt i <a href=\"https:\/\/www.vg.no\/tag\/vy-tidligere-nsb?utm_source=vg-article&amp;utm_medium=auto-tagger&amp;utm_campaign=lwGmE9\" class=\"_link_1994c_39\" rel=\"nofollow noopener\" target=\"_blank\">Vy<\/a> til VG gjennom kommunikasjons\u00adavdelingen.<\/p>\n<p><img decoding=\"async\" alt=\"Bilde av Marius Holm\" class=\"_image_ygndg_42\" height=\"27\" itemprop=\"image\" loading=\"lazy\"  src=\"https:\/\/www.europesays.com\/no\/wp-content\/uploads\/2025\/10\/ceea1962-cec0-4708-80e6-3e63def8c093\"  width=\"40\"\/><strong class=\"_name_ygndg_51 title-serif-xs\">Marius Holm<\/strong><\/p>\n<p class=\"_paragraph_1994c_4 text-sans-m _description_ygndg_56\">Vy<\/p>\n<p class=\"_paragraph_1994c_4 _paragraph_xtcu6_10 layout-component text-serif-m layout-normal text-serif-m layout-padded\">Klokken 07.54 f\u00f8rste juledag stanset all togtrafikk i Norge. En <a href=\"https:\/\/www.vg.no\/nyheter\/i\/lwbL69\/bane-nor-sjefen-om-julekaoset-en-hardwarefeil-foerte-til-kommunikasjonssvikten\" data-track-element-type=\"Link\" data-track-id=\"link:lwbL69\" class=\"_link_1994c_39\" rel=\"nofollow noopener\" target=\"_blank\">maskinvarefeil<\/a> hos Bane Nor f\u00f8rte til at ingen tog fikk kj\u00f8re i over et halvt d\u00f8gn. <\/p>\n<p class=\"_paragraph_1994c_4 _paragraph_xtcu6_10 layout-component text-serif-m layout-normal text-serif-m layout-padded\"><strong class=\"_strong_1994c_25\">Les ogs\u00e5<\/strong>: <a href=\"https:\/\/www.vg.no\/nyheter\/i\/gw5RMk\/bane-nor-sluttet-aa-dele-trafikkmeldinger-ville-redusere-stoey\" data-track-element-type=\"Link\" data-track-id=\"link:gw5RMk\" class=\"_link_1994c_39\" rel=\"nofollow noopener\" target=\"_blank\">Banenors nye \u00abhysj-plan\u00bb<\/a><\/p>\n<p class=\"_paragraph_1994c_4 _paragraph_xtcu6_10 layout-component text-serif-m layout-normal text-serif-m layout-padded\">I 13 timer sto 650 tog stille, og rundt 60.000 reisende ble rammet av det som skulle bli en av de mest omfattende togstansene i norsk jernbanehistorie.<\/p>\n<p class=\"_paragraph_1994c_4 _paragraph_xtcu6_10 layout-component text-serif-m layout-normal layout-padded\"><strong class=\"_strong_1994c_25\">Les ogs\u00e5:<\/strong> <a href=\"https:\/\/www.vg.no\/i\/lwbL69\" data-track-element-type=\"Link\" data-track-id=\"link:lwbL69\" class=\"_link_1994c_39\" rel=\"nofollow noopener\" target=\"_blank\">Bane Nor-sjefen om julekaoset: En hardwarefeil f\u00f8rte til kommunikasjonssvikten<\/a><\/p>\n<p class=\"_paragraph_1994c_4 _paragraph_xtcu6_10 layout-component text-serif-m layout-normal text-serif-m layout-padded\">P\u00e5 en <a href=\"https:\/\/www.sjt.no\/globalassets\/02_jernbane\/pdf-jernbane\/tilsyn\/tilsynsrapporter\/rapport-tilsyn-samfunnssikkerhet-saarbarhet-beredskap-offentlig.pdf\" class=\"_link_1994c_39\" rel=\"nofollow noopener\" target=\"_blank\">hvilken som helst dag<\/a> skulle 1950 tog ha kj\u00f8rt. Det er tre ganger flere enn de som ble st\u00e5ende stille den dagen, da godstrafikken hadde julefri og persontogtilbudet var redusert.<\/p>\n<p>Fly for tog<\/p>\n<p class=\"_paragraph_1994c_4 _paragraph_xtcu6_10 layout-component text-serif-m layout-normal text-serif-m layout-padded\">For Vys del betydde stansen at de m\u00e5tte sette inn buss for tog og ekstra kundeveiledere, og gi refusjoner for mat, taxi, fly, hotell og billetter. I tillegg fikk de jo ikke solgt billetter for tog som ikke gikk.<\/p>\n<p class=\"_paragraph_1994c_4 _paragraph_xtcu6_10 layout-component text-serif-m layout-normal text-serif-m layout-padded\">Totalt kostet de timene med stillstand Vy i underkant av 20 millioner kroner, opplyser selskapet til VG. <\/p>\n<p class=\"_paragraph_1994c_4 _paragraph_xtcu6_10 layout-component text-serif-m layout-normal text-serif-m layout-padded\">Hva som til slutt blir erstatningskravet rettet mot Bane Nor har de ikke landet enn\u00e5.<\/p>\n<p class=\"_paragraph_1994c_4 _paragraph_xtcu6_10 layout-component text-serif-m layout-normal text-serif-m layout-padded\">\u2013 Vy har varslet erstatningskrav etter togstansen. Saken er til behandling i Bane Nor, herunder avventes blant annet en n\u00e6rmere konkretisering av kravet fra Vy, skriver presseansvarlig i Bane Nor Anne Kirkhusmo i en e-post til VG.<\/p>\n<p><img decoding=\"async\" alt=\"Bilde av Anne Kirkhusmo\" class=\"_image_ygndg_42\" height=\"27\" itemprop=\"image\" loading=\"lazy\"  src=\"https:\/\/www.europesays.com\/no\/wp-content\/uploads\/2025\/10\/0f11a2e8-678b-4577-b192-a49838194cb3\"  width=\"40\"\/><strong class=\"_name_ygndg_51 title-serif-xs\">Anne Kirkhusmo<\/strong><\/p>\n<p class=\"_paragraph_1994c_4 text-sans-m _description_ygndg_56\">Bane Nor<\/p>\n<p>Millioner<\/p>\n<p class=\"_paragraph_1994c_4 _paragraph_xtcu6_10 layout-component text-serif-m layout-normal text-serif-m layout-padded\">\u2013 Kundene v\u00e5re rammes ved at de ikke kom seg dit de skulle, og fikk dagen sin \u00f8delagt, skriver Holm i Vy.<\/p>\n<p class=\"_paragraph_1994c_4 _paragraph_xtcu6_10 layout-component text-serif-m layout-normal text-serif-m layout-padded\">Han opplyser at prisene for billettene er regulert gjennom avtaler med Jernbane\u00addirektoratet og Ruter. Kostnadene blir s\u00e5ledes ikke f\u00f8rt over p\u00e5 kundene, men: <\/p>\n<p class=\"_paragraph_1994c_4 _paragraph_xtcu6_10 layout-component text-serif-m layout-normal text-serif-m layout-padded\">\u2013 Slike hendelser gj\u00f8r at vi f\u00e5r mindre tog for pengene, og det g\u00e5r til syvende og sist ut over oss alle, skriver han.<\/p>\n<p class=\"_paragraph_1994c_4 _paragraph_xtcu6_10 layout-component text-serif-m layout-normal text-serif-m layout-padded\">Entur, som er kundesenter for alle persontogselskapene, mottok i snitt 200\u2013300 henvendelser i timen mens de holdt \u00e5pent. <\/p>\n<p><img alt=\"Foto: Amanda Pedersen Giske \/ NTB\" class=\"_image_qp4xg_65 layout-component layout-normal\" data-fullscreen- data-track-element-type=\"Article image fullscreen\" data-track-name=\"ImageFullscreen\" decoding=\"async\" loading=\"lazy\" height=\"3741\" itemprop=\"image\"  src=\"https:\/\/www.europesays.com\/no\/wp-content\/uploads\/2025\/10\/cde49d65-e7bf-46f3-a2a4-54338d78119a\"  style=\"object-position:0% 0%\" width=\"5612\"\/>Foto: Amanda Pedersen Giske \/ NTB<\/p>\n<p class=\"_paragraph_1994c_4 _paragraph_xtcu6_10 layout-component text-serif-m layout-normal text-serif-m layout-padded\">Statens jernbanetilsyn (SJT) <a href=\"https:\/\/www.vg.no\/nyheter\/i\/3Mw8d0\/statens-jernbanetilsyn-ingen-direkte-regelbrudd-som-foerte-til-togstansen-1-juledag\" data-track-element-type=\"Link\" data-track-id=\"link:3Mw8d0\" class=\"_link_1994c_39\" rel=\"nofollow noopener\" target=\"_blank\">gjennomf\u00f8rte i januar et omfattende tilsyn<\/a> som f\u00f8lge av den 13 timer lange stansen.<\/p>\n<p class=\"_paragraph_1994c_4 _paragraph_xtcu6_10 layout-component text-serif-m layout-normal text-serif-m layout-padded\">I den endelige rapporten fra SJT st\u00e5r det at de ikke avdekket direkte brudd p\u00e5 regelverket, men de fant flere ting de mener ga rom for betydelige forbedringer.<\/p>\n<p class=\"_paragraph_1994c_4 _paragraph_xtcu6_10 layout-component text-serif-m layout-normal layout-padded\"><strong class=\"_strong_1994c_25\">Les ogs\u00e5:<\/strong> <a href=\"https:\/\/www.vg.no\/i\/KMeJrX\" data-track-element-type=\"Link\" data-track-id=\"link:KMeJrX\" class=\"_link_1994c_39\" rel=\"nofollow noopener\" target=\"_blank\">Frustrerte passasjerer p\u00e5 Oslo S etter togkaoset: \u2013 Skjerp dere! <\/a><\/p>\n<p class=\"_paragraph_1994c_4 _paragraph_xtcu6_10 layout-component text-serif-m layout-normal text-serif-m layout-padded\">I rapporten st\u00e5r det at Bane Nor ogs\u00e5 skal se p\u00e5 hva som gikk galt. <\/p>\n<p class=\"_paragraph_1994c_4 _paragraph_xtcu6_10 layout-component text-serif-m layout-normal text-serif-m layout-padded\">\u2013 V\u00e5r interne Unders\u00f8kelses- og analyseenhet jobber fortsatt med denne unders\u00f8kelsen, skriver Kirkhusmo til VG.<\/p>\n","protected":false},"excerpt":{"rendered":"I over et halvt d\u00f8gn sto togene stille f\u00f8rste juledag 2024. Det ble dyrt. Foto: Beate Oma Dahle&hellip;\n","protected":false},"author":2,"featured_media":53205,"comment_status":"","ping_status":"","sticky":false,"template":"","format":"standard","meta":{"footnotes":""},"categories":[5],"tags":[2532,20,21,24,25,15,19,22,23,17,18,13,30,28,29,14,16,1923,26,27,2396],"class_list":{"0":"post-53204","1":"post","2":"type-post","3":"status-publish","4":"format-standard","5":"has-post-thumbnail","7":"category-overskrifter","8":"tag-bane-nor","9":"tag-breaking-news","10":"tag-breakingnews","11":"tag-featured-news","12":"tag-featurednews","13":"tag-headlines","14":"tag-hovedoppslag","15":"tag-latest-news","16":"tag-latestnews","17":"tag-main-news","18":"tag-mainnews","19":"tag-news","20":"tag-no","21":"tag-norge","22":"tag-norway","23":"tag-nyheter","24":"tag-overskrifter","25":"tag-tog","26":"tag-top-stories","27":"tag-topstories","28":"tag-vy"},"share_on_mastodon":{"url":"","error":""},"_links":{"self":[{"href":"https:\/\/www.europesays.com\/no\/wp-json\/wp\/v2\/posts\/53204","targetHints":{"allow":["GET"]}}],"collection":[{"href":"https:\/\/www.europesays.com\/no\/wp-json\/wp\/v2\/posts"}],"about":[{"href":"https:\/\/www.europesays.com\/no\/wp-json\/wp\/v2\/types\/post"}],"author":[{"embeddable":true,"href":"https:\/\/www.europesays.com\/no\/wp-json\/wp\/v2\/users\/2"}],"replies":[{"embeddable":true,"href":"https:\/\/www.europesays.com\/no\/wp-json\/wp\/v2\/comments?post=53204"}],"version-history":[{"count":0,"href":"https:\/\/www.europesays.com\/no\/wp-json\/wp\/v2\/posts\/53204\/revisions"}],"wp:featuredmedia":[{"embeddable":true,"href":"https:\/\/www.europesays.com\/no\/wp-json\/wp\/v2\/media\/53205"}],"wp:attachment":[{"href":"https:\/\/www.europesays.com\/no\/wp-json\/wp\/v2\/media?parent=53204"}],"wp:term":[{"taxonomy":"category","embeddable":true,"href":"https:\/\/www.europesays.com\/no\/wp-json\/wp\/v2\/categories?post=53204"},{"taxonomy":"post_tag","embeddable":true,"href":"https:\/\/www.europesays.com\/no\/wp-json\/wp\/v2\/tags?post=53204"}],"curies":[{"name":"wp","href":"https:\/\/api.w.org\/{rel}","templated":true}]}}