{"id":53210,"date":"2025-10-05T14:58:10","date_gmt":"2025-10-05T14:58:10","guid":{"rendered":"https:\/\/www.europesays.com\/no\/53210\/"},"modified":"2025-10-05T14:58:10","modified_gmt":"2025-10-05T14:58:10","slug":"viking-herjet-og-ydmyket-tannlose-brann-i-nokkelkamp-i-gullstriden","status":"publish","type":"post","link":"https:\/\/www.europesays.com\/no\/53210\/","title":{"rendered":"Viking herjet og ydmyket tannl\u00f8se Brann i n\u00f8kkelkamp i gullstriden"},"content":{"rendered":"\n<p class=\"_lead_1994c_2 _lead_xtcu6_50 layout-component text-serif-m layout-normal text-serif-l layout-component layout-wide layout-padded _wide_17hqh_1 layout-padded\">Brann skapte knapt sjanser, r\u00f8k p\u00e5 sitt f\u00f8rste ligatap siden juli og tapte viktig terreng i gullkampen.<\/p>\n<ul class=\"_gallery_1qa3s_23\" tabindex=\"0\">\n<li class=\"_item_1qa3s_37\" data-index=\"0\"><img fetchpriority=\"high\" decoding=\"async\" class=\"_image_foru8_23 _introGallery_foru8_43\" data-fullscreen- width=\"2378\" height=\"1586\" itemprop=\"image\" loading=\"eager\"  src=\"https:\/\/www.europesays.com\/no\/wp-content\/uploads\/2025\/10\/0106e7d0-3503-475b-b6da-eff8ad8cb8bd\"  style=\"object-position:50% 50%;aspect-ratio:var(--gallery-aspect-ratio, 16 \/ 9)\"\/>Viking-spillerne jubler for Edvin Austb\u00f8s scoring mot Brann s\u00f8ndag ettermiddag. Foto: Carina Johansen \/ NTB<\/li>\n<li class=\"_item_1qa3s_37\" data-index=\"1\"><img decoding=\"async\" class=\"_image_foru8_23 _introGallery_foru8_43\" data-fullscreen- width=\"6192\" height=\"4128\" itemprop=\"image\" loading=\"lazy\"  src=\"https:\/\/www.europesays.com\/no\/wp-content\/uploads\/2025\/10\/b97ddeb9-45dc-4c4d-9ce2-719afcde3f8d\"  style=\"object-position:50% 50%;aspect-ratio:var(--gallery-aspect-ratio, 16 \/ 9)\"\/>Viking-spillerne jubler etter scoring mot Brann s\u00f8ndag ettermiddag. Foto: Carina Johansen \/ NTB<\/li>\n<li class=\"_item_1qa3s_37\" data-index=\"2\"><img decoding=\"async\" class=\"_image_foru8_23 _introGallery_foru8_43\" data-fullscreen- width=\"6192\" height=\"4128\" itemprop=\"image\" loading=\"lazy\"  src=\"https:\/\/www.europesays.com\/no\/wp-content\/uploads\/2025\/10\/be3b8472-4333-4f3f-9a8f-17d71222db41\"  style=\"object-position:50% 50%;aspect-ratio:var(--gallery-aspect-ratio, 16 \/ 9)\"\/>Foto: Carina Johansen \/ NTB<\/li>\n<\/ul>\n<p>Viking-spillerne jubler for Edvin Austb\u00f8s scoring mot Brann s\u00f8ndag ettermiddag. Foto: Carina Johansen \/ NTB<\/p>\n<ul aria-hidden=\"true\" class=\"_images_1y6fe_106\">\n<li><a class=\"_link_1y6fe_111\" href=\"https:\/\/www.vg.no\/forfatter\/mikal-aaserud\" style=\"z-index:1\" title=\"Mikal Emil Aaserud\" rel=\"nofollow noopener\" target=\"_blank\"><img alt=\"Bilde av Mikal Emil Aaserud\" class=\"_image_1y6fe_88\" fetchpriority=\"low\" loading=\"lazy\" decoding=\"async\" itemprop=\"image\"  src=\"https:\/\/www.europesays.com\/no\/wp-content\/uploads\/2025\/10\/1759676289_959_1f4bb18c-b7b1-46ba-9b49-79ae6afd7bbd\"  width=\"480\"\/><\/a><\/li>\n<\/ul>\n<p>Stavanger Oppdatert s\u00f8ndag 5. oktober kl. 16:55     <\/p>\n<p class=\"_paragraph_1994c_4 _paragraph_xtcu6_10 layout-component text-serif-m layout-normal text-serif-m layout-padded\">Bergenserne hadde nesten ingen sjanse mot Viking i Stavanger s\u00f8ndag og siddisene ga seg ikke f\u00f8r de hadde satt ballen tre ganger i m\u00e5l bak Brann-keeper Mathias Dyngeland.<\/p>\n<p class=\"_paragraph_1994c_4 _paragraph_xtcu6_10 layout-component text-serif-m layout-normal text-serif-m layout-padded\">For Viking er det naturligvis et dr\u00f8mmeresultat. Laget kommer fra et blytungt poengtap mot Sarpsborg 08 sist helg.<\/p>\n<p class=\"_paragraph_1994c_4 _paragraph_xtcu6_10 layout-component text-serif-m layout-normal text-serif-m layout-padded\">N\u00e5 rykker de fra Brann i gullstriden og er syv poeng foran med \u00e9n kamp mer spilt.<\/p>\n<p class=\"_paragraph_1994c_4 _paragraph_xtcu6_10 layout-component text-serif-m layout-normal text-serif-m layout-padded\">\u2013 Det var mye \u00abg\u00e5-fotball\u00bb fra Brann der de tr\u00e5kket p\u00e5 ball og spilte st\u00f8ttepasninger, s\u00e5 vi hadde egentlig full kontroll i dag og vant fullt fortjent 3-0, sier Zlatko Tripic til VG. <\/p>\n<p><img alt=\"Brann-kaptein Fredrik Pallesen Knudsen er frustrert underveis i kampen mot Viking s\u00f8ndag.  Foto: Carina Johansen \/ NTB\" class=\"_image_qp4xg_65 layout-component layout-normal\" data-fullscreen- data-track-element-type=\"Article image fullscreen\" data-track-name=\"ImageFullscreen\" decoding=\"async\" loading=\"lazy\" height=\"4128\" itemprop=\"image\"  src=\"https:\/\/www.europesays.com\/no\/wp-content\/uploads\/2025\/10\/40789651-a5be-4714-bb0b-510d1b56d0df\"  style=\"object-position:0% 0%\" width=\"6192\"\/>Brann-kaptein Fredrik Pallesen Knudsen er frustrert underveis i kampen mot Viking s\u00f8ndag.  Foto: Carina Johansen \/ NTB <\/p>\n<p class=\"_paragraph_1994c_4 _paragraph_xtcu6_10 layout-component text-serif-m layout-normal text-serif-m layout-padded\">Brann er p\u00e5 sin side trygt plassert nede p\u00e5 jorden igjen.<\/p>\n<p class=\"_paragraph_1994c_4 _paragraph_xtcu6_10 layout-component text-serif-m layout-normal text-serif-m layout-padded\">Det var en blytung kamp, sier Noah Holm til VG. <\/p>\n<p class=\"_paragraph_1994c_4 _paragraph_xtcu6_10 layout-component text-serif-m layout-normal text-serif-m layout-padded\">\u2013 Kan du si noe om stemningen i garderoben?<\/p>\n<p class=\"_paragraph_1994c_4 _paragraph_xtcu6_10 layout-component text-serif-m layout-normal text-serif-m layout-padded\">\u2013 Veldig trykket, det er mange som er skuffet og kanskje litt sjokka, den er ikke tipp topp, svarer Brann-spissen. <\/p>\n<p class=\"_paragraph_1994c_4 _paragraph_xtcu6_10 layout-component text-serif-m layout-normal text-serif-m layout-padded\"><a href=\"https:\/\/www.vg.no\/sport\/i\/bmRR7B\/brann-utrecht-10-saevar-atli-magnusson-sikret-seier\" data-track-element-type=\"Link\" data-track-id=\"link:bmRR7B\" class=\"_link_1994c_39\" rel=\"nofollow noopener\" target=\"_blank\">De kommer fra Europa League-eufori p\u00e5 torsdag<\/a>, men s\u00f8ndag r\u00f8k de p\u00e5 sitt f\u00f8rste tap i ligaen siden 19. juli i det som m\u00e5 kunne sies var en helsvart forestilling fra de r\u00f8de.<\/p>\n<p class=\"_paragraph_1994c_4 _paragraph_xtcu6_10 layout-component text-serif-m layout-normal text-serif-m layout-padded\">\u2013 Jeg kan finne noen unnskyldninger, men jeg har ikke lyst til det. De hadde mer lyst til \u00e5 vinne denne fotballkampen, og det er uakseptabelt. For oss, er jeg veldig skuffet, n\u00e5 m\u00e5 vi samle oss og komme oss opp p\u00e5 hesten igjen, sier Freyr Alexandersson til TV 2 etter kampslutt. <\/p>\n<p>Gjenst\u00e5ende kamper i gullstriden:Viking:<\/p>\n<p class=\"_paragraph_1994c_4 _paragraph_xtcu6_10 _paragraph_16v91_10 layout-component text-serif-m layout-normal text-sans-m layout-padded\" itemprop=\"text\">19.10: Troms\u00f8 &#8211; Viking<\/p>\n<p class=\"_paragraph_1994c_4 _paragraph_xtcu6_10 _paragraph_16v91_10 layout-component text-serif-m layout-normal text-sans-m layout-padded\" itemprop=\"text\">25.10: Viking &#8211; Bryne<\/p>\n<p class=\"_paragraph_1994c_4 _paragraph_xtcu6_10 _paragraph_16v91_10 layout-component text-serif-m layout-normal text-sans-m layout-padded\" itemprop=\"text\">2.11: Str\u00f8msgodset &#8211; Viking<\/p>\n<p class=\"_paragraph_1994c_4 _paragraph_xtcu6_10 _paragraph_16v91_10 layout-component text-serif-m layout-normal text-sans-m layout-padded\" itemprop=\"text\">8.11: Viking &#8211; HamKam<\/p>\n<p class=\"_paragraph_1994c_4 _paragraph_xtcu6_10 _paragraph_16v91_10 layout-component text-serif-m layout-normal text-sans-m layout-padded\" itemprop=\"text\">23.11: Fredrikstad &#8211; Viking<\/p>\n<p class=\"_paragraph_1994c_4 _paragraph_xtcu6_10 _paragraph_16v91_10 layout-component text-serif-m layout-normal text-sans-m layout-padded\" itemprop=\"text\">30.11: Viking &#8211; V\u00e5lerenga<\/p>\n<p>Bod\u00f8\/Glimt:<\/p>\n<p class=\"_paragraph_1994c_4 _paragraph_xtcu6_10 _paragraph_16v91_10 layout-component text-serif-m layout-normal text-sans-m layout-padded\" itemprop=\"text\">5.10: Bod\u00f8\/Glimt &#8211; Haugesund<\/p>\n<p class=\"_paragraph_1994c_4 _paragraph_xtcu6_10 _paragraph_16v91_10 layout-component text-serif-m layout-normal text-sans-m layout-padded\" itemprop=\"text\">18.10: Sarpsborg 08 &#8211; Bod\u00f8\/Glimt<\/p>\n<p class=\"_paragraph_1994c_4 _paragraph_xtcu6_10 _paragraph_16v91_10 layout-component text-serif-m layout-normal text-sans-m layout-padded\" itemprop=\"text\">22.10: Galatasaray &#8211; Bod\u00f8\/Glimt (Champions League)<\/p>\n<p class=\"_paragraph_1994c_4 _paragraph_xtcu6_10 _paragraph_16v91_10 layout-component text-serif-m layout-normal text-sans-m layout-padded\" itemprop=\"text\">26.10: Bod\u00f8\/Glimt &#8211; Molde<\/p>\n<p class=\"_paragraph_1994c_4 _paragraph_xtcu6_10 _paragraph_16v91_10 layout-component text-serif-m layout-normal text-sans-m layout-padded\" itemprop=\"text\">29.10: Brann &#8211; Bod\u00f8\/Glimt<\/p>\n<p class=\"_paragraph_1994c_4 _paragraph_xtcu6_10 _paragraph_16v91_10 layout-component text-serif-m layout-normal text-sans-m layout-padded\" itemprop=\"text\">2.11: V\u00e5lerenga &#8211; Bod\u00f8\/Glimt<\/p>\n<p class=\"_paragraph_1994c_4 _paragraph_xtcu6_10 _paragraph_16v91_10 layout-component text-serif-m layout-normal text-sans-m layout-padded\" itemprop=\"text\">4.11: Bod\u00f8\/Glimt &#8211; Monaco (Champions League)<\/p>\n<p class=\"_paragraph_1994c_4 _paragraph_xtcu6_10 _paragraph_16v91_10 layout-component text-serif-m layout-normal text-sans-m layout-padded\" itemprop=\"text\">9.11: Bod\u00f8\/Glimt &#8211; Bryne<\/p>\n<p class=\"_paragraph_1994c_4 _paragraph_xtcu6_10 _paragraph_16v91_10 layout-component text-serif-m layout-normal text-sans-m layout-padded\" itemprop=\"text\">22.11: KFUM &#8211; Bod\u00f8\/Glimt<\/p>\n<p class=\"_paragraph_1994c_4 _paragraph_xtcu6_10 _paragraph_16v91_10 layout-component text-serif-m layout-normal text-sans-m layout-padded\" itemprop=\"text\">25.11: Bod\u00f8\/Glimt &#8211; Juventus<\/p>\n<p class=\"_paragraph_1994c_4 _paragraph_xtcu6_10 _paragraph_16v91_10 layout-component text-serif-m layout-normal text-sans-m layout-padded\" itemprop=\"text\">30.11: Bod\u00f8\/Glimt &#8211; Fredrikstad<\/p>\n<p class=\"_paragraph_1994c_4 _paragraph_xtcu6_10 _paragraph_16v91_10 layout-component text-serif-m layout-normal text-sans-m layout-padded\" itemprop=\"text\">** Bod\u00f8\/Glimt spiller ytterligere tre kamper i Champions League godt ut i januar.<\/p>\n<p>Brann:<\/p>\n<p class=\"_paragraph_1994c_4 _paragraph_xtcu6_10 _paragraph_16v91_10 layout-component text-serif-m layout-normal text-sans-m layout-padded\" itemprop=\"text\">18.10: Brann &#8211; Haugesund<\/p>\n<p class=\"_paragraph_1994c_4 _paragraph_xtcu6_10 _paragraph_16v91_10 layout-component text-serif-m layout-normal text-sans-m layout-padded\" itemprop=\"text\">23.10: Brann &#8211; Rangers (Europa League)<\/p>\n<p class=\"_paragraph_1994c_4 _paragraph_xtcu6_10 _paragraph_16v91_10 layout-component text-serif-m layout-normal text-sans-m layout-padded\" itemprop=\"text\">26.10: Rosenborg &#8211; Brann<\/p>\n<p class=\"_paragraph_1994c_4 _paragraph_xtcu6_10 _paragraph_16v91_10 layout-component text-serif-m layout-normal text-sans-m layout-padded\" itemprop=\"text\">29.10: Brann &#8211; Bod\u00f8\/Glimt<\/p>\n<p class=\"_paragraph_1994c_4 _paragraph_xtcu6_10 _paragraph_16v91_10 layout-component text-serif-m layout-normal text-sans-m layout-padded\" itemprop=\"text\">2.11: Bryne &#8211; Brann<\/p>\n<p class=\"_paragraph_1994c_4 _paragraph_xtcu6_10 _paragraph_16v91_10 layout-component text-serif-m layout-normal text-sans-m layout-padded\" itemprop=\"text\">6.11: Bologna &#8211; Brann (Europa League)<\/p>\n<p class=\"_paragraph_1994c_4 _paragraph_xtcu6_10 _paragraph_16v91_10 layout-component text-serif-m layout-normal text-sans-m layout-padded\" itemprop=\"text\">9.11: Brann &#8211; KFUM<\/p>\n<p class=\"_paragraph_1994c_4 _paragraph_xtcu6_10 _paragraph_16v91_10 layout-component text-serif-m layout-normal text-sans-m layout-padded\" itemprop=\"text\">22.11: Molde &#8211; Brann<\/p>\n<p class=\"_paragraph_1994c_4 _paragraph_xtcu6_10 _paragraph_16v91_10 layout-component text-serif-m layout-normal text-sans-m layout-padded\" itemprop=\"text\">27.11: PAOK &#8211; Brann (Europa League)<\/p>\n<p class=\"_paragraph_1994c_4 _paragraph_xtcu6_10 _paragraph_16v91_10 layout-component text-serif-m layout-normal text-sans-m layout-padded\" itemprop=\"text\">30.11: Brann &#8211; HamKam<\/p>\n<p class=\"_paragraph_1994c_4 _paragraph_xtcu6_10 _paragraph_16v91_10 layout-component text-serif-m layout-normal text-sans-m layout-padded\" itemprop=\"text\">** Brann spiller ytterligere tre kamper i Europa League godt ut i januar.<\/p>\n<p class=\"_paragraph_1994c_4 _paragraph_xtcu6_10 layout-component text-serif-m layout-normal text-serif-m layout-padded\">TV 2-kommentator \u00d8yvind Alsaker oppsummerte de f\u00f8rste 45 Brann-minuttene som \u00abdyster\u00bb.<\/p>\n<p class=\"_paragraph_1994c_4 _paragraph_xtcu6_10 layout-component text-serif-m layout-normal text-serif-m layout-padded\">For det var kun en meget god Mathias Dyngeland i Brann-buret hindret at det ikke sto mer enn 2\u20130 til Viking til pause.<\/p>\n<p class=\"_paragraph_1994c_4 _paragraph_xtcu6_10 layout-component text-serif-m layout-normal text-serif-m layout-padded\">Det f\u00f8rste m\u00e5let kom allerede etter syv minutter. Peter Christiansen sendte hjemmepublikummet til himmels med et kontant skudd fra venstre.<\/p>\n<p class=\"_paragraph_1994c_4 _paragraph_xtcu6_10 layout-component text-serif-m layout-normal text-serif-m layout-padded\">To minutter f\u00f8r pause avsluttet Edvin Austb\u00f8, mannen som f\u00f8r s\u00f8ndagens oppgj\u00f8r uttalte i et <a href=\"https:\/\/www.tv2.no\/sport\/fotball\/eliteserien\/viking-komet-om-brann-spillere-mislikte-dem-sterkt\/18160028\/\" class=\"_link_1994c_39\" rel=\"nofollow noopener\" target=\"_blank\">TV 2<\/a>-intervju at han tenkte p\u00e5 \u00abhat\u00bb n\u00e5r han h\u00f8rer Brannhan tenkte p\u00e5 \u00abhat\u00bb n\u00e5r han h\u00f8rer BrannAustb\u00f8 ble spurt om hva han tenker n\u00e5r han h\u00f8rer Brann. \u2013 Hat, svarte Austb\u00f8.  Han utdypet litt senere: \u2013 Det er et \u00e6rlig fotballhat. Jeg misliker den klubben og den byen, svarer 20-\u00e5ringen., et nydelig Viking-angrep med \u00e5 hamre ballen i lengste hj\u00f8rne.<\/p>\n<p class=\"_paragraph_1994c_4 _paragraph_xtcu6_10 layout-component text-serif-m layout-normal text-serif-m layout-padded\">\u2013 Hadde ikke de hatt Dyngeland i m\u00e5l i f\u00f8rste omgang hadde vi ledet fire-null, fortsetter Tripic til kanalen.<\/p>\n<p><img alt=\"Edvin Austb\u00f8, her underveis i kampen mot Brann s\u00f8ndag.  Foto: Carina Johansen \/ NTB\" class=\"_image_qp4xg_65 layout-component layout-normal\" data-fullscreen- data-track-element-type=\"Article image fullscreen\" data-track-name=\"ImageFullscreen\" decoding=\"async\" loading=\"lazy\" height=\"4128\" itemprop=\"image\"  src=\"https:\/\/www.europesays.com\/no\/wp-content\/uploads\/2025\/10\/d2063877-eaf1-436b-b097-54bcfe986fb6\"  style=\"object-position:0% 0%\" width=\"6192\"\/>Edvin Austb\u00f8, her underveis i kampen mot Brann s\u00f8ndag.  Foto: Carina Johansen \/ NTB<\/p>\n<p class=\"_paragraph_1994c_4 _paragraph_xtcu6_10 layout-component text-serif-m layout-normal text-serif-m layout-padded\">Den andre omgangen ble noe helt annet enn den f\u00f8rste og langt tammere.<\/p>\n<p class=\"_paragraph_1994c_4 _paragraph_xtcu6_10 layout-component text-serif-m layout-normal text-serif-m layout-padded\">Brann skapte riktignok en stor sjanse, men derfra og ut stanget de mot et t\u00e5lmodig Viking-forsvar.<\/p>\n<p class=\"_paragraph_1994c_4 _paragraph_xtcu6_10 layout-component text-serif-m layout-normal text-serif-m layout-padded\">Hjemmelaget fikk til slutt en etterlengtet kontring. Den muligheten tok de godt vare p\u00e5.<\/p>\n<p class=\"_paragraph_1994c_4 _paragraph_xtcu6_10 layout-component text-serif-m layout-normal text-serif-m layout-padded\">Det gikk nemlig fryktelig fort i lengderetningen idet nesten 70 minutter var spilt.<\/p>\n<p class=\"_paragraph_1994c_4 _paragraph_xtcu6_10 layout-component text-serif-m layout-normal text-serif-m layout-padded\">M\u00e5lscorer Peter Christiansen inntok servit\u00f8rrollen, slo gjennom innbytter Sander Svendsen, som fikk \u00e6ren av \u00e5 plassere inn 3-0 bak Dyngeland.<\/p>\n","protected":false},"excerpt":{"rendered":"Brann skapte knapt sjanser, r\u00f8k p\u00e5 sitt f\u00f8rste ligatap siden juli og tapte viktig terreng i gullkampen. Viking-spillerne&hellip;\n","protected":false},"author":2,"featured_media":53211,"comment_status":"","ping_status":"","sticky":false,"template":"","format":"standard","meta":{"footnotes":""},"categories":[59],"tags":[134,30,28,29,418,83,82,109],"class_list":{"0":"post-53210","1":"post","2":"type-post","3":"status-publish","4":"format-standard","5":"has-post-thumbnail","7":"category-sport","8":"tag-eliteserien","9":"tag-no","10":"tag-norge","11":"tag-norway","12":"tag-sk-brann","13":"tag-sport","14":"tag-sports","15":"tag-viking-fk"},"share_on_mastodon":{"url":"","error":""},"_links":{"self":[{"href":"https:\/\/www.europesays.com\/no\/wp-json\/wp\/v2\/posts\/53210","targetHints":{"allow":["GET"]}}],"collection":[{"href":"https:\/\/www.europesays.com\/no\/wp-json\/wp\/v2\/posts"}],"about":[{"href":"https:\/\/www.europesays.com\/no\/wp-json\/wp\/v2\/types\/post"}],"author":[{"embeddable":true,"href":"https:\/\/www.europesays.com\/no\/wp-json\/wp\/v2\/users\/2"}],"replies":[{"embeddable":true,"href":"https:\/\/www.europesays.com\/no\/wp-json\/wp\/v2\/comments?post=53210"}],"version-history":[{"count":0,"href":"https:\/\/www.europesays.com\/no\/wp-json\/wp\/v2\/posts\/53210\/revisions"}],"wp:featuredmedia":[{"embeddable":true,"href":"https:\/\/www.europesays.com\/no\/wp-json\/wp\/v2\/media\/53211"}],"wp:attachment":[{"href":"https:\/\/www.europesays.com\/no\/wp-json\/wp\/v2\/media?parent=53210"}],"wp:term":[{"taxonomy":"category","embeddable":true,"href":"https:\/\/www.europesays.com\/no\/wp-json\/wp\/v2\/categories?post=53210"},{"taxonomy":"post_tag","embeddable":true,"href":"https:\/\/www.europesays.com\/no\/wp-json\/wp\/v2\/tags?post=53210"}],"curies":[{"name":"wp","href":"https:\/\/api.w.org\/{rel}","templated":true}]}}