{"id":53212,"date":"2025-10-05T14:59:09","date_gmt":"2025-10-05T14:59:09","guid":{"rendered":"https:\/\/www.europesays.com\/no\/53212\/"},"modified":"2025-10-05T14:59:09","modified_gmt":"2025-10-05T14:59:09","slug":"kevin-spacey-klar-for-comeback-etter-sex-anklagene-reddet-av-elvira-26","status":"publish","type":"post","link":"https:\/\/www.europesays.com\/no\/53212\/","title":{"rendered":"Kevin Spacey klar for comeback etter sex-anklagene Reddet av Elvira (26)"},"content":{"rendered":"<p class=\"kicker tm20\" style=\"\">Kevin Spacey mistet alt etter sex-anklagene<\/p>\n<p>  Den skandaliserte Oscar-vinneren var ikke invitert til film-festivalen i Venezia \u2013 men 66-\u00e5ringen\u00a0dukket opp likevel, sammen med sin unge velgj\u00f8rer.<\/p>\n<p>\n    BLEK, MEN FATTET: Kevins rykte er fremdeles skadeskutt i USA etter sex-anklagene. Her poserer han med ukrainske Elvira Gavrilova i forbindelse med filmfestivalen i Venezia. Foto: NTB\n  <\/p>\n<p> Her str\u00e5ler <a href=\"https:\/\/www.seher.no\/kjendis\/innrommer-jeg-flyttet-pa-grensene\/81533192\" rel=\"nofollow noopener\" target=\"_blank\">Kevin Spacey<\/a> (66) p\u00e5 den r\u00f8de l\u00f8peren i Venezia \u2013 samtidig som den vakre byen huser en av Europas viktigste filmfestivaler.\u00a0<\/p>\n<p>Kevin benyttet muligheten til \u00e5 lansere traileren til sin nye film \u00abHoliguards Saga -The Portal of Force\u00bb, under en middag som ikke hadde noe med selve festivalen \u00e5 gj\u00f8re.<\/p>\n<p>        SJELDEN BLEMME: N\u00e5r kronprins Haakon og kronprinsesse Victoria skulle hjem fra \u00e5pningen av felles norsk-svensk politistasjon, stokket det seg helt for f\u00f8rstnevnte. Video: H\u00e5vard Bj\u00f8rnerem \/\/ Reporter: Caroline Vagle<\/p>\n<p>Det er nemlig fremdeles mange som skyr Kevin som pesten, etter at han ble anklaget for \u00e5 ha flere sexovergrep p\u00e5 samvittigheten da #MeToo-bevegelsen tok av.<\/p>\n<p>Det var i 2017 at den f\u00f8rste anklagen kom.\u00a0<\/p>\n<p>    <a itemprop=\"url\" href=\"https:\/\/www.seher.no\/kjendis\/avslorer-veldig-personlig-og-naert\/83582708\" rel=\"nofollow noopener\" target=\"_blank\"><\/p>\n<p>      <img loading=\"lazy\" decoding=\"async\" src=\"https:\/\/www.europesays.com\/no\/wp-content\/uploads\/2025\/10\/83583128.webp\" width=\"980\" height=\"441\" title=\"Avsl\u00f8rer: - Veldig personlig og n\u00e6rt\" alt=\"\" class=\"lazyload\" style=\"--aspect-ratio-image: 2.22; \"\/><\/p>\n<p>        Avsl\u00f8rer: &#8211; Veldig personlig og n\u00e6rt<\/p>\n<p>    <\/a><\/p>\n<p>Skuespilleren Anthony Rapp (51) hevdet at Spacey hadde oppf\u00f8rt seg upassende mot ham mens han var ten\u00e5ring. Kort tid etterp\u00e5 sto flere andre menn frem med lignende anklager.<\/p>\n<p>Sn\u00f8ballen rullet virkelig raskt. I l\u00f8pet av 48 timer mistet han venner, penger og jobben i Netflix-suksessen \u00abHouse of Cards\u00bb.<\/p>\n<p>          <img loading=\"lazy\" decoding=\"async\" src=\"https:\/\/www.europesays.com\/no\/wp-content\/uploads\/2025\/10\/83562358.webp\" width=\"686\" height=\"933\" title=\"MISTET&#10;JOBBEN:&#10;Kevin hadde en&#10;fremtredende rolle&#10;i \u00abHouse of Cards\u00bb,&#10;sammen med blant&#10;andre Robin Wright&#10;(59). Men rollen ble&#10;borte da ryktet ble&#10;skitnet til. Foto: NTB\" alt=\"\" class=\"\" style=\"--aspect-ratio-image: 0.74; \"\/><\/p>\n<p>\n          MISTET<br \/>\nJOBBEN:<br \/>\nKevin hadde en<br \/>\nfremtredende rolle<br \/>\ni \u00abHouse of Cards\u00bb,<br \/>\nsammen med blant<br \/>\nandre Robin Wright<br \/>\n(59). Men rollen ble<br \/>\nborte da ryktet ble<br \/>\nskitnet til. Foto: NTB\n      <\/p>\n<p>Frikjent for alt\t<\/p>\n<p>\u00a0I 2020 tok Rapp saken sin til retten, og i 2022 falt dommen. Kevin Spacey ble blankt frikjent, og ble tilkjent \u00e5 f\u00e5 dekket saksomkostninger.<\/p>\n<p>\u00c5ret etter var han nok en gang i retten, denne gang p\u00e5 grunn av overgrep som skulle ha skjedd ved teateret The Old Vic i London. Ogs\u00e5 her endte saken med frikjennelse.<\/p>\n<p>          <img loading=\"lazy\" decoding=\"async\" src=\"https:\/\/www.europesays.com\/no\/wp-content\/uploads\/2025\/10\/83562373.webp\" width=\"686\" height=\"611\" title=\"ARRESTERT: I 2019 ble Kevin f\u00f8rt&#10;bort i h\u00e5ndjern. I 2022 ble han frikjent&#10;for sex-anklagene. Foto: NTB\" alt=\"\" class=\"\" style=\"--aspect-ratio-image: 1.12; \"\/><\/p>\n<p>\n          ARRESTERT: I 2019 ble Kevin f\u00f8rt<br \/>\nbort i h\u00e5ndjern. I 2022 ble han frikjent<br \/>\nfor sex-anklagene. Foto: NTB\n      <\/p>\n<p>Men selv om skuespilleren ble frikjent i begge sakene, har ryktet hans lidd stor n\u00f8d. Hollywood vil fremdeles ikke ta i ham med ildtang, og derfor har han v\u00e6rt n\u00f8dt til \u00e5 g\u00e5 andre steder for \u00e5 f\u00e5 jobb.<\/p>\n<p>Det er den ukrainske gr\u00fcnderen Elvira Gavrilova (26) og hennes produksjonsselskap som st\u00e5r bak den nye filmen. Hun ga ham f\u00f8rst hovedrollen i filmen \u2013 og deretter jobben med \u00e5 regissere den.<\/p>\n<p>        TRAILER: 1. oktober er \u00abA-laget\u00bb tilbake p\u00e5 NRK. Video: \u00abA-laget\u00bb\/NRK<\/p>\n<p>\u2013 At du v\u00e5get \u00e5 satse p\u00e5 meg p\u00e5 dette tidspunktet i livet mitt betyr veldig mye for meg, sa Kevin under lanseringen av filmens trailer. <\/p>\n<p>\u2013 Det er en stor \u00e6re for meg, sa Elvira if\u00f8lge Hollywood Reporter.<\/p>\n<p>At Kevin Spacey dukket opp p\u00e5 r\u00f8d l\u00f8per i Venezia var noe som overrasket mange. Forklaringen er at Elvira var invitert p\u00e5 den veldedige amfAR-gallaen under Venezia-festivalen, og hun inviterte med seg Kevin som f\u00f8lge.<\/p>\n","protected":false},"excerpt":{"rendered":"Kevin Spacey mistet alt etter sex-anklagene Den skandaliserte Oscar-vinneren var ikke invitert til film-festivalen i Venezia \u2013 men&hellip;\n","protected":false},"author":2,"featured_media":53213,"comment_status":"","ping_status":"","sticky":false,"template":"","format":"standard","meta":{"footnotes":""},"categories":[58],"tags":[4104,8095,71,8094,479,30,28,29,8093,72],"class_list":{"0":"post-53212","1":"post","2":"type-post","3":"status-publish","4":"format-standard","5":"has-post-thumbnail","7":"category-underholdning","8":"tag-eksklusivt","9":"tag-elvira-gavrilova","10":"tag-entertainment","11":"tag-kevin-spacey","12":"tag-kjendis","13":"tag-no","14":"tag-norge","15":"tag-norway","16":"tag-overgrepsanklager","17":"tag-underholdning"},"share_on_mastodon":{"url":"","error":""},"_links":{"self":[{"href":"https:\/\/www.europesays.com\/no\/wp-json\/wp\/v2\/posts\/53212","targetHints":{"allow":["GET"]}}],"collection":[{"href":"https:\/\/www.europesays.com\/no\/wp-json\/wp\/v2\/posts"}],"about":[{"href":"https:\/\/www.europesays.com\/no\/wp-json\/wp\/v2\/types\/post"}],"author":[{"embeddable":true,"href":"https:\/\/www.europesays.com\/no\/wp-json\/wp\/v2\/users\/2"}],"replies":[{"embeddable":true,"href":"https:\/\/www.europesays.com\/no\/wp-json\/wp\/v2\/comments?post=53212"}],"version-history":[{"count":0,"href":"https:\/\/www.europesays.com\/no\/wp-json\/wp\/v2\/posts\/53212\/revisions"}],"wp:featuredmedia":[{"embeddable":true,"href":"https:\/\/www.europesays.com\/no\/wp-json\/wp\/v2\/media\/53213"}],"wp:attachment":[{"href":"https:\/\/www.europesays.com\/no\/wp-json\/wp\/v2\/media?parent=53212"}],"wp:term":[{"taxonomy":"category","embeddable":true,"href":"https:\/\/www.europesays.com\/no\/wp-json\/wp\/v2\/categories?post=53212"},{"taxonomy":"post_tag","embeddable":true,"href":"https:\/\/www.europesays.com\/no\/wp-json\/wp\/v2\/tags?post=53212"}],"curies":[{"name":"wp","href":"https:\/\/api.w.org\/{rel}","templated":true}]}}