{"id":53220,"date":"2025-10-05T15:11:08","date_gmt":"2025-10-05T15:11:08","guid":{"rendered":"https:\/\/www.europesays.com\/no\/53220\/"},"modified":"2025-10-05T15:11:08","modified_gmt":"2025-10-05T15:11:08","slug":"den-siste-man-vil-miste","status":"publish","type":"post","link":"https:\/\/www.europesays.com\/no\/53220\/","title":{"rendered":"\u2013 Den siste man vil miste"},"content":{"rendered":"\n<p class=\"_lead_1994c_2 _lead_xtcu6_50 layout-component text-serif-m layout-normal text-serif-l layout-component layout-wide layout-padded _wide_17hqh_1 layout-padded\">Norges kaptein har p\u00e5dratt seg en b\u00e5ndskade i kneet.<\/p>\n<p><img alt=\" Foto: John Walton \/ Pa Photos \/ NTB\" class=\"_image_qp4xg_65 layout-component layout-wide\" data-fullscreen- data-track-element-type=\"Article image fullscreen\" data-track-name=\"ImageFullscreen\" fetchpriority=\"high\" decoding=\"sync\" loading=\"eager\" height=\"2694\" itemprop=\"image\"  src=\"https:\/\/www.europesays.com\/no\/wp-content\/uploads\/2025\/10\/07d9707e-964a-4f0f-a014-cc51bb7af578\"  style=\"object-position:0% 0%\" width=\"3907\"\/> Foto: John Walton \/ Pa Photos \/ NTB Oppdatert s\u00f8ndag 5. oktober kl. 16:57     <\/p>\n<p class=\"_paragraph_1994c_4 _paragraph_xtcu6_10 layout-component text-serif-m layout-normal text-serif-m layout-padded\">Norges Fotballforbund opplyser at \u00d8degaard har gjennomg\u00e5tt medisinske tester som viser at han har p\u00e5dratt seg en leddb\u00e5ndsskade i venstre kne. Det skjedde i kampen mot West Ham. <\/p>\n<p class=\"_paragraph_1994c_4 _paragraph_xtcu6_10 layout-component text-serif-m layout-normal text-serif-m layout-padded\">N\u00e5 melder han forfall til den viktige VM-kvalikkampen mot Israel og landskampen mot New Zealand. <\/p>\n<p class=\"_paragraph_1994c_4 _paragraph_xtcu6_10 layout-component text-serif-m layout-normal text-serif-m layout-padded\">\u2013 Skaden gj\u00f8r at han ikke blir spilleklar til denne samlingen. Vi har tett kontakt med det medisinske st\u00f8tteapparatet i Arsenal, som vil st\u00e5 for behandlingen fremover, sier landslagslege Ola Sand. <\/p>\n<p class=\"_paragraph_1994c_4 _paragraph_xtcu6_10 layout-component text-serif-m layout-normal text-serif-m layout-padded\">Solbakken erkjenner at det er en trist beskjed \u00e5 f\u00e5 f\u00f8r VM-kvaliken. <\/p>\n<p class=\"_paragraph_1994c_4 _paragraph_xtcu6_10 layout-component text-serif-m layout-normal text-serif-m layout-padded\">\u2013 Vi selvsagt lei oss for dette p\u00e5 egne vegne og p\u00e5 Martins vegne. At avklaringen rundt dette kommer s\u00e5pass tidlig, gir oss heldigvis god tid til \u00e5 forberede de som skal spille kampen l\u00f8rdag, sier landslagssjef St\u00e5le Solbakken. <\/p>\n<p class=\"_paragraph_1994c_4 _paragraph_xtcu6_10 layout-component text-serif-m layout-normal text-serif-m layout-padded\">Jesper Mathisen mener man ikke kan overvurdere betydningen til \u00d8degaard p\u00e5 landslaget.<\/p>\n<p class=\"_paragraph_1994c_4 _paragraph_xtcu6_10 layout-component text-serif-m layout-normal text-serif-m layout-padded\">\u2013 Sammen med Haaland er han den siste man vil miste f\u00f8r Israel. Han er umulig \u00e5 erstatte. Han har v\u00e6rt enorm for Norge. Dette er blytungt for Norge &#8211; og for Martin selv, sier TV 2s landslagsekspert til VG.<\/p>\n<p class=\"_paragraph_1994c_4 _paragraph_xtcu6_10 layout-component text-serif-m layout-normal text-serif-m layout-padded\">\u2013 P\u00e5virker dette Norges sjanse til \u00e5 komme til VM?<\/p>\n<p class=\"_paragraph_1994c_4 _paragraph_xtcu6_10 layout-component text-serif-m layout-normal text-serif-m layout-padded\">\u2013 Det gj\u00f8r det. VM-sjansen blir litt d\u00e5rligere, men Norge er fremdeles favoritter n\u00e5 mot Israel. Jeg tror Norge vinner den kampen likevel, men sjansene for VM-spill blir noen f\u00e5 prosent d\u00e5rligere, mener Mathisen.<\/p>\n<p class=\"_paragraph_1994c_4 _paragraph_xtcu6_10 layout-component text-serif-m layout-normal text-serif-m layout-padded\">\u00d8degaard var uheldig i en duell med Crysencio Summerville i kampen mot West Ham. Det ble kne mot kne, og nordmannen vred seg i smerter. Han pr\u00f8vde \u00e5 spille videre, men m\u00e5tte byttes ut f\u00f8r det var spilt en halv time.<\/p>\n<p class=\"_paragraph_1994c_4 _paragraph_xtcu6_10 layout-component text-serif-m layout-normal text-serif-m layout-padded\">Det var tredje Arsenal-kamp p\u00e5 rad at han m\u00e5tte byttes ut f\u00f8r pause p\u00e5 grunn av skade. Tidligere i sesongen var det en vond skulder som skapte problemer for ham.<\/p>\n<p class=\"_paragraph_1994c_4 _paragraph_xtcu6_10 layout-component text-serif-m layout-normal text-serif-m layout-padded\">\u2013 Martin skal vurderes og behandles videre av v\u00e5rt medisinske team p\u00e5 v\u00e5rt treningssenter under landslagspausen, med m\u00e5l om at han er tilbake p\u00e5 banen s\u00e5 snart som mulig, st\u00e5r det i meldingen fra Arsenal.<\/p>\n<p class=\"_paragraph_1994c_4 _paragraph_xtcu6_10 layout-component text-serif-m layout-normal text-serif-m layout-padded\">Viaplay-ekspert Lars Tj\u00e6rn\u00e5s slites mellom fornuft og supporterhjertet.<\/p>\n<p class=\"_paragraph_1994c_4 _paragraph_xtcu6_10 layout-component text-serif-m layout-normal text-serif-m layout-padded\">\u2013 Det er nitrist. Supporteren i meg sier at det kan bety VM eller ei, men hjernen og realismen sier at vi fortsatt b\u00f8r vinne de to hjemmekampene uansett, skriver Tj\u00e6rn\u00e5s til VG.<\/p>\n<p><img decoding=\"async\" alt=\"Bilde av Lars Tj\u00e6rn\u00e5s\" class=\"_image_ygndg_42\" height=\"27\" itemprop=\"image\" loading=\"lazy\"  src=\"https:\/\/www.europesays.com\/no\/wp-content\/uploads\/2025\/10\/95e493e6-acf6-4d6b-aced-cfd5526fa824\"  width=\"40\"\/><strong class=\"_name_ygndg_51 title-serif-xs\">Lars Tj\u00e6rn\u00e5s<\/strong><\/p>\n<p class=\"_paragraph_1994c_4 _paragraph_xtcu6_10 layout-component text-serif-m layout-normal text-serif-m layout-padded\">Han trekker ogs\u00e5 frem hva Norge mister i \u00d8degaard:<\/p>\n<p class=\"_paragraph_1994c_4 _paragraph_xtcu6_10 layout-component text-serif-m layout-normal text-serif-m layout-padded\">\u2013 Den mest kreative og den st\u00f8rste lederen. Han er den som setter opp v\u00e5re beste spisser mest &#8211; s\u00e5 det er et enormt tap b\u00e5de for Norge &#8211; men ogs\u00e5 for Arsenal. En real nedtur, fortsetter Tj\u00e6rn\u00e5s.<\/p>\n","protected":false},"excerpt":{"rendered":"Norges kaptein har p\u00e5dratt seg en b\u00e5ndskade i kneet. Foto: John Walton \/ Pa Photos \/ NTB Oppdatert&hellip;\n","protected":false},"author":2,"featured_media":53221,"comment_status":"","ping_status":"","sticky":false,"template":"","format":"standard","meta":{"footnotes":""},"categories":[5],"tags":[20,21,24,25,15,3163,19,22,23,17,18,181,13,30,28,29,14,16,26,27],"class_list":{"0":"post-53220","1":"post","2":"type-post","3":"status-publish","4":"format-standard","5":"has-post-thumbnail","7":"category-overskrifter","8":"tag-breaking-news","9":"tag-breakingnews","10":"tag-featured-news","11":"tag-featurednews","12":"tag-headlines","13":"tag-herrelandslaget-fotball","14":"tag-hovedoppslag","15":"tag-latest-news","16":"tag-latestnews","17":"tag-main-news","18":"tag-mainnews","19":"tag-martin-odegaard","20":"tag-news","21":"tag-no","22":"tag-norge","23":"tag-norway","24":"tag-nyheter","25":"tag-overskrifter","26":"tag-top-stories","27":"tag-topstories"},"share_on_mastodon":{"url":"","error":""},"_links":{"self":[{"href":"https:\/\/www.europesays.com\/no\/wp-json\/wp\/v2\/posts\/53220","targetHints":{"allow":["GET"]}}],"collection":[{"href":"https:\/\/www.europesays.com\/no\/wp-json\/wp\/v2\/posts"}],"about":[{"href":"https:\/\/www.europesays.com\/no\/wp-json\/wp\/v2\/types\/post"}],"author":[{"embeddable":true,"href":"https:\/\/www.europesays.com\/no\/wp-json\/wp\/v2\/users\/2"}],"replies":[{"embeddable":true,"href":"https:\/\/www.europesays.com\/no\/wp-json\/wp\/v2\/comments?post=53220"}],"version-history":[{"count":0,"href":"https:\/\/www.europesays.com\/no\/wp-json\/wp\/v2\/posts\/53220\/revisions"}],"wp:featuredmedia":[{"embeddable":true,"href":"https:\/\/www.europesays.com\/no\/wp-json\/wp\/v2\/media\/53221"}],"wp:attachment":[{"href":"https:\/\/www.europesays.com\/no\/wp-json\/wp\/v2\/media?parent=53220"}],"wp:term":[{"taxonomy":"category","embeddable":true,"href":"https:\/\/www.europesays.com\/no\/wp-json\/wp\/v2\/categories?post=53220"},{"taxonomy":"post_tag","embeddable":true,"href":"https:\/\/www.europesays.com\/no\/wp-json\/wp\/v2\/tags?post=53220"}],"curies":[{"name":"wp","href":"https:\/\/api.w.org\/{rel}","templated":true}]}}