{"id":53226,"date":"2025-10-05T15:19:07","date_gmt":"2025-10-05T15:19:07","guid":{"rendered":"https:\/\/www.europesays.com\/no\/53226\/"},"modified":"2025-10-05T15:19:07","modified_gmt":"2025-10-05T15:19:07","slug":"gir-opp-na-er-det-over-agderposten-no","status":"publish","type":"post","link":"https:\/\/www.europesays.com\/no\/53226\/","title":{"rendered":"(+) Gir opp: \u2013 N\u00e5 er det over &#8211; agderposten.no"},"content":{"rendered":"<ol>\n<li><a href=\"https:\/\/news.google.com\/rss\/articles\/CBMidEFVX3lxTE1iLVc0ZG9BUnlKY1pPWkpJUzJXOEdLSk95clNoblgyczc5TkVmY0pnOU5sYmdGa0Zxb2JCaFNiSW9jbWRDeElOVmtGa3MxNWdFNlFoeWdkdmVtNFI4YU1VRnFmTl84Q2pYd2ttNmcyLXRqdmRM?oc=5\" target=\"_blank\" rel=\"nofollow noopener\">(+) Gir opp: \u2013 N\u00e5 er det over<\/a>&nbsp;&nbsp;agderposten.no<\/li>\n<li><a href=\"https:\/\/news.google.com\/rss\/articles\/CBMimAFBVV95cUxNSVdWaXJWWGdTaXNHUXZHQzBIdlA0aHlSVzg0NGJYNEZQbVRYelNKZG5mVmZobGFvNzh3MERBUHAtbkhFb19lX1ZTdXJhREFwbmlrNFFUeVpwTmtRWXFUNmltakswVENNMlYxVXZpOTQ0N2dHVUxvNWdpOHJmS2p4d1NvUXd4QVhBTFRMT2pURWxuTXlmczBJaQ?oc=5\" target=\"_blank\" rel=\"nofollow noopener\">T\u00f8ff sesongavslutning starter med Brattv\u00e5g borte s\u00f8ndag<\/a>&nbsp;&nbsp;arendalfotball.no<\/li>\n<li><a href=\"https:\/\/news.google.com\/rss\/articles\/CBMijgFBVV95cUxPckRuZ1U0SEo5R1FveENHTjBVT01iU0d5T1hHMGllX3VKY19adXVTeDFzRXotOHBKb2V3eUNhV2ZuYVRnYlpHM1E2WlBhZlY4Q2pwZFl3bjFSMFZpT2U0UTZKNmZUcDlwUVZCLVp0d1pqMHllNlU1UjI5MUFuRUg3b043d2hxMmhhVGhTT3RR?oc=5\" target=\"_blank\" rel=\"nofollow noopener\">Sterk Brattv\u00e5g-siger: Eit steg n\u00e6rmare den v\u00e5te draumen<\/a>&nbsp;&nbsp;Haramsnytt<\/li>\n<li><a href=\"https:\/\/news.google.com\/rss\/articles\/CBMioAFBVV95cUxNUFNCb1JydDZWOFV1Y0JqR241RmhrUHM1T2xRaGFSUk1nbTVtV0xpQUFCYThzdl9LeE8yRTFjZ0xDYmh0dFN2QkZNTWhFTzJMLXBBLS13OGtXcnZmd3lmZko3R0NOTUl6a0QtT2xqS3o3UkRUTDlEc21NRDNTbGRRMjhfSk1aSzRrd2hVeUlIaEpiNlYtbnpjSFdoc2R1NHJh?oc=5\" target=\"_blank\" rel=\"nofollow noopener\">Notodden Fotballklubb, NFK | Det svingte fort fra h\u00e5p og glede til fortvilelse i denne kampen<\/a>&nbsp;&nbsp;Telen<\/li>\n<li><a href=\"https:\/\/news.google.com\/rss\/articles\/CBMifkFVX3lxTE9rUEFPYkVUZm5HU242Yml3MDZOMHV5aDJIT01LTERWTVZrY2NGOW5ySmFpTi1XemNoYmgwMmVzN3dzYmtrMnJoSXJPMHJ5QWZQeGZEWkVuMEctc3hJYW9ZZy1aN2E2VWFSalhwazY5QUx3U0ZlMkpSS2NHZ1R1UQ?oc=5\" target=\"_blank\" rel=\"nofollow noopener\">Brattv\u00e5g p\u00e5 opprykksjakt i innspurten<\/a>&nbsp;&nbsp;smp.no<\/li>\n<\/ol>\n","protected":false},"excerpt":{"rendered":"(+) Gir opp: \u2013 N\u00e5 er det over&nbsp;&nbsp;agderposten.no T\u00f8ff sesongavslutning starter med Brattv\u00e5g borte s\u00f8ndag&nbsp;&nbsp;arendalfotball.no Sterk Brattv\u00e5g-siger: Eit&hellip;\n","protected":false},"author":2,"featured_media":53227,"comment_status":"","ping_status":"","sticky":false,"template":"","format":"standard","meta":{"footnotes":""},"categories":[59],"tags":[5555,1630,92,30,28,29,83,82],"class_list":{"0":"post-53226","1":"post","2":"type-post","3":"status-publish","4":"format-standard","5":"has-post-thumbnail","7":"category-sport","8":"tag-2-divisjon-menn","9":"tag-arendal-fotball","10":"tag-fotball","11":"tag-no","12":"tag-norge","13":"tag-norway","14":"tag-sport","15":"tag-sports"},"share_on_mastodon":{"url":"","error":""},"_links":{"self":[{"href":"https:\/\/www.europesays.com\/no\/wp-json\/wp\/v2\/posts\/53226","targetHints":{"allow":["GET"]}}],"collection":[{"href":"https:\/\/www.europesays.com\/no\/wp-json\/wp\/v2\/posts"}],"about":[{"href":"https:\/\/www.europesays.com\/no\/wp-json\/wp\/v2\/types\/post"}],"author":[{"embeddable":true,"href":"https:\/\/www.europesays.com\/no\/wp-json\/wp\/v2\/users\/2"}],"replies":[{"embeddable":true,"href":"https:\/\/www.europesays.com\/no\/wp-json\/wp\/v2\/comments?post=53226"}],"version-history":[{"count":0,"href":"https:\/\/www.europesays.com\/no\/wp-json\/wp\/v2\/posts\/53226\/revisions"}],"wp:featuredmedia":[{"embeddable":true,"href":"https:\/\/www.europesays.com\/no\/wp-json\/wp\/v2\/media\/53227"}],"wp:attachment":[{"href":"https:\/\/www.europesays.com\/no\/wp-json\/wp\/v2\/media?parent=53226"}],"wp:term":[{"taxonomy":"category","embeddable":true,"href":"https:\/\/www.europesays.com\/no\/wp-json\/wp\/v2\/categories?post=53226"},{"taxonomy":"post_tag","embeddable":true,"href":"https:\/\/www.europesays.com\/no\/wp-json\/wp\/v2\/tags?post=53226"}],"curies":[{"name":"wp","href":"https:\/\/api.w.org\/{rel}","templated":true}]}}