{"id":53297,"date":"2025-10-05T17:26:13","date_gmt":"2025-10-05T17:26:13","guid":{"rendered":"https:\/\/www.europesays.com\/no\/53297\/"},"modified":"2025-10-05T17:26:13","modified_gmt":"2025-10-05T17:26:13","slug":"kjendis-nyheter-helene-spilling-dukket-opp-det-er-veldig-rart","status":"publish","type":"post","link":"https:\/\/www.europesays.com\/no\/53297\/","title":{"rendered":"Kjendis, Nyheter | Helene Spilling dukket opp: \u2013 Det er veldig rart"},"content":{"rendered":"\n<p>(<a href=\"https:\/\/www.nettavisen.no\/kjendis\/helene-spilling-dukket-opp-pa-premieren-av-skal-vi-danse-jeg-er-veldig-imponert-og-det-er-veldig-rart\/s\/5-95-2653745\" rel=\"Follow nofollow noopener\" target=\"_blank\">Nettavisen<\/a>): Helene Spilling (29) var l\u00f8rdag kveld \u00e5 se blant publikum under \u00abSkal vi danse\u00bb-premieren.<\/p>\n<p>Derfra fulgte danseren og kona til fotballspiller Martin \u00d8degaard (26) spent med p\u00e5 sine gamle dansekollegaer. Til Nettavisen forteller hun at det er rart \u00e5 v\u00e6re tilskuer.<\/p>\n<p>\u2013 Jeg er veldig imponert. Det er veldig rart \u00e5 sitte p\u00e5 sidelinjen selv, og ikke v\u00e6re med p\u00e5 det som skjer. Jeg f\u00e5r litt andre \u00f8yne n\u00e5r jeg ser p\u00e5 n\u00e5. Veldig imponert over flere av dem, sier Spilling.<\/p>\n<p>29-\u00e5ringen forteller at hun fikk en liten klump i magen da hun entret TV-studioet tidligere samme kveld.<\/p>\n<p>\u2013 Jeg fikk egentlig litt klump i magen da jeg kom inn i studio her tidligere. Fordi de har gjort om arenaen s\u00e5 det er st\u00f8rre. S\u00e5 jeg merket at jeg fikk klump i magen, erkjenner hun.<\/p>\n<p>Hinter om \u00abSkal vi danse\u00bb-comeback<\/p>\n<p>Spilling og ektemannen Martin \u00d8degaard (26) bor til vanlig i England, hvor \u00d8degaard er kaptein for London-klubben Arsenal. Patret <a href=\"https:\/\/www.nettavisen.no\/kjendis\/martin-odegaard-og-helene-spilling-gifter-seg-lordag-dette-vet\/s\/5-95-2494987\" rel=\"Follow nofollow noopener\" target=\"_blank\">giftet seg i sommer<\/a>, og har en s\u00f8nn sammen.<\/p>\n<p>Spilling forteller at det ikke s\u00e5 g\u00e5r mye i dans borte i England. Derimot \u00f8yner hun muligheten for et comeback i \u00abSkal vi danse\u00bb.<\/p>\n<p>\u2013 Vi m\u00e5 h\u00e5pe p\u00e5 det. Jeg f\u00f8ler at dans er livet mitt, men n\u00e5 danser jeg mest for et litt yngre publikum.<\/p>\n<p>Om hun kommer til \u00e5 v\u00e6re til stede under flere programmer er hun usikker p\u00e5, men sier hun har lyst til \u00e5 f\u00e5 det til.<\/p>\n<p>\u2013 Vi f\u00e5r se hvor mange jeg f\u00e5r v\u00e6rt p\u00e5, men har jeg har lyst til \u00e5 komme og se p\u00e5 og v\u00e6re litt \u00abbehind the scenes\u00bb n\u00e5r jeg kan, forteller 29-\u00e5ringen.<\/p>\n<p>Helene Spilling var sist med for to \u00e5r siden i Allstars-sesongen. Da danset hun og tidligere sv\u00f8mmer Aleksander Hetland seg til en andreplass.<\/p>\n<p>Sammen med Simon Nitsche vant hun konkurransen tilbake i 2021. Hun deltok for f\u00f8rste gang i \u00abSkal vi danse\u00bb \u00e5ret f\u00f8r. Da kom hun og partner Nathan Kahungu p\u00e5 en andreplass.<\/p>\n<p>   <img decoding=\"async\" width=\"1747\" height=\"1166\" fetchpriority=\"low\"  loading=\"lazy\"  src=\"https:\/\/www.europesays.com\/no\/wp-content\/uploads\/2025\/10\/1759685173_944_NTB_TYfAA0dQu6k.jpg\" alt=\"Gjerdrum 20250621. &#10;Martin \u00d8degaard og Helene Spilling giftet seg i Gjerdrum kirke l\u00f8rdag. Etter forlot de kirken i en veteranbil, omringet av venner og familie.&#10;Foto: Thomas Fure \/ NTB\" class=\"brick-c-cFOWSL\" style=\"--brick-image-ratio: 1747 \/ 1166;\"\/><\/p>\n<p>    GIFT: I sommer ga Martin \u00d8degaard og Helene Spilling hverandre hvert sitt ja.<br \/>\n    Foto: Thomas Fure (NTB)\n  <\/p>\n<p>  Usikker til viktig kamp<\/p>\n<p>Ektemann <a href=\"https:\/\/www.nettavisen.no\/sport\/odegaard-av-med-kneskade-for-viktig-landskamp\/s\/5-95-2653480\" rel=\"Follow nofollow noopener\" target=\"_blank\">Martin \u00d8degaard m\u00e5tte ga av banen<\/a> for Arsenal mot West Ham l\u00f8rdag formiddag. Det gj\u00f8r landslagskapteinen usikker til landskampen mot Israel neste l\u00f8rdag.<\/p>\n<p>26-\u00e5ringen m\u00e5tte forlate banen etter 20 minutter med en kneskade. Kona er trolig i Norge for \u00e5 se landskampen mellom Norge og Israel<\/p>\n<p>Men Spilling ville ikke si noe om \u00d8degaard blir \u00e5 se p\u00e5 banen p\u00e5 Israel.<\/p>\n<p>\u2013 Ingen kommentar, sier hun til Nettavisen.<\/p>\n<p>\u00d8degaard gjorde comeback forrige helg mot Newcastle etter en liten periode ute med skulderskade, som medf\u00f8rte at Arsenal-kapteinen gikk glipp av tre kamper.<\/p>\n<p>Landslagssjef St\u00e5le Solbakken inkluderte ogs\u00e5 \u00d8degaard i troppen som ble tatt ut tirsdag.<\/p>\n","protected":false},"excerpt":{"rendered":"(Nettavisen): Helene Spilling (29) var l\u00f8rdag kveld \u00e5 se blant publikum under \u00abSkal vi danse\u00bb-premieren. Derfra fulgte danseren&hellip;\n","protected":false},"author":2,"featured_media":52886,"comment_status":"","ping_status":"","sticky":false,"template":"","format":"standard","meta":{"footnotes":""},"categories":[58],"tags":[36,71,182,479,30,28,29,14,2280,1510,72],"class_list":{"0":"post-53297","1":"post","2":"type-post","3":"status-publish","4":"format-standard","5":"has-post-thumbnail","7":"category-underholdning","8":"tag-art","9":"tag-entertainment","10":"tag-helene-spilling","11":"tag-kjendis","12":"tag-no","13":"tag-norge","14":"tag-norway","15":"tag-nyheter","16":"tag-skal-vi-danse","17":"tag-story","18":"tag-underholdning"},"share_on_mastodon":{"url":"","error":""},"_links":{"self":[{"href":"https:\/\/www.europesays.com\/no\/wp-json\/wp\/v2\/posts\/53297","targetHints":{"allow":["GET"]}}],"collection":[{"href":"https:\/\/www.europesays.com\/no\/wp-json\/wp\/v2\/posts"}],"about":[{"href":"https:\/\/www.europesays.com\/no\/wp-json\/wp\/v2\/types\/post"}],"author":[{"embeddable":true,"href":"https:\/\/www.europesays.com\/no\/wp-json\/wp\/v2\/users\/2"}],"replies":[{"embeddable":true,"href":"https:\/\/www.europesays.com\/no\/wp-json\/wp\/v2\/comments?post=53297"}],"version-history":[{"count":0,"href":"https:\/\/www.europesays.com\/no\/wp-json\/wp\/v2\/posts\/53297\/revisions"}],"wp:featuredmedia":[{"embeddable":true,"href":"https:\/\/www.europesays.com\/no\/wp-json\/wp\/v2\/media\/52886"}],"wp:attachment":[{"href":"https:\/\/www.europesays.com\/no\/wp-json\/wp\/v2\/media?parent=53297"}],"wp:term":[{"taxonomy":"category","embeddable":true,"href":"https:\/\/www.europesays.com\/no\/wp-json\/wp\/v2\/categories?post=53297"},{"taxonomy":"post_tag","embeddable":true,"href":"https:\/\/www.europesays.com\/no\/wp-json\/wp\/v2\/tags?post=53297"}],"curies":[{"name":"wp","href":"https:\/\/api.w.org\/{rel}","templated":true}]}}