{"id":53421,"date":"2025-10-05T21:29:40","date_gmt":"2025-10-05T21:29:40","guid":{"rendered":"https:\/\/www.europesays.com\/no\/53421\/"},"modified":"2025-10-05T21:29:40","modified_gmt":"2025-10-05T21:29:40","slug":"dagbladet-triller-terning-pa-premieren","status":"publish","type":"post","link":"https:\/\/www.europesays.com\/no\/53421\/","title":{"rendered":"Dagbladet triller terning p\u00e5 premieren"},"content":{"rendered":"<p class=\"no_italic m-no_italic\" data-lab-italic=\"\">FORNEBU (Dagbladet): L\u00f8rdag er \u00abSkal vi danse\u00bb tilbake p\u00e5 TV, etter \u00e5 ha v\u00e6rt borte fra skjermen siden 2023.\u00a0<\/p>\n<p>Kanalen har lovet flere overraskelser i forkant av jubileumssesongen &#8211; og i kveld braker det endelig l\u00f8s n\u00e5r 13 kjendiser og deres dansepartnere skal innta parketten for aller f\u00f8rste gang.\u00a0<\/p>\n<p>Som tidligere \u00e5r har Dagbladet med seg proffdanser og den tidligere \u00abSkal vi danse\u00bb-profilen Lillian Aaseb\u00f8 med seg p\u00e5 laget, som skal trille terning p\u00e5 dansene som leveres p\u00e5 parketten.<\/p>\n<p>Se kveldens terningkast under!<\/p>\n<p>Kveldens f\u00f8rste par ut p\u00e5 parketten er Carina Dahl og Ole Thomas Hansen. De danser en Quickstep til l\u00e5ta \u00abTexas hold\u2019em\u00bb av Beyonc\u00e9.<\/p>\n<p>          <img loading=\"lazy\" decoding=\"async\" src=\"https:\/\/www.europesays.com\/no\/wp-content\/uploads\/2025\/10\/83681061.webp\" width=\"686\" height=\"460\" title=\"Foto: Thomas Andersen \/ TV 2\" alt=\"\" class=\"\" style=\"--aspect-ratio-image: 1.49; \"\/><\/p>\n<p>\n          Foto: Thomas Andersen \/ TV 2\n      <\/p>\n<p>&#8211; Woooohooo for en start p\u00e5 programmet! Det er tydelig Carina, at du har jobbet godt med b\u00e5de holdning og kontakten opp til Ole Thomas. Jeg elsker at du sprer en glede p\u00e5 dansegulvet, det ser ut som du virkelig storkoser deg, sier Aaseb\u00f8.<\/p>\n<p>&#8211; Du mister litt rytmisk driv i Quicksteppens hoppetrinn, kun fordi du danser litt for h\u00f8yt, men dette er super pirk! HALLO &#8211; for en fantastisk imponerende start!<\/p>\n<p>Dommerne gir 25 poeng.<\/p>\n<p>Andre paret ut er Tobias Brandal Bus\u00e6t og Vyara Klisurska med en salsa til \u00abSamba de Janeiro\u00bb av Bellini.<\/p>\n<p>          <img loading=\"lazy\" decoding=\"async\" src=\"https:\/\/www.europesays.com\/no\/wp-content\/uploads\/2025\/10\/83681062.webp\" width=\"686\" height=\"460\" title=\"Foto: Thomas Andersen \/ TV 2\" alt=\"\" class=\"\" style=\"--aspect-ratio-image: 1.49; \"\/><\/p>\n<p>\n          Foto: Thomas Andersen \/ TV 2\n      <\/p>\n<p>&#8211; Du har kontroll p\u00e5 ballen, og jammen har du st\u00e5lkontroll p\u00e5 Vyara ogs\u00e5 &#8211; hvor dere b\u00e5de leverer l\u00f8ft og kule triks sammen! Dansemessig ble dette altfor stivt, og h\u00e5per du leverer sterkere danseteknisk neste gang. Godt fors\u00f8k, gleder meg til \u00e5 se deg videre &#8211; forh\u00e5pentligvis noen hakk bedre!, sier Aaseb\u00f8.<\/p>\n<p>Dommerne gir 18 poeng.<\/p>\n<p>Neste ut p\u00e5 parketten er Tale Torjussen og Antonio Careri. Duoen danser til l\u00e5ta \u00abF\u00e5 det p\u00e5\u00bb av Astrid S.<\/p>\n<p>          <img loading=\"lazy\" decoding=\"async\" src=\"https:\/\/www.europesays.com\/no\/wp-content\/uploads\/2025\/10\/83681060.webp\" width=\"686\" height=\"460\" title=\"Foto: Thomas Andersen \/ TV 2\" alt=\"\" class=\"\" style=\"--aspect-ratio-image: 1.49; \"\/><\/p>\n<p>\n          Foto: Thomas Andersen \/ TV 2\n      <\/p>\n<p>&#8211; Brennhett!!!! For en kombinasjon av naturlig forf\u00f8rende, og denne lekne tilstedev\u00e6relsen p\u00e5 dansegulvet. Wow, wow, wow!\u00a0<\/p>\n<p>&#8211; Jive-teknikken din er ikke bra nok, s\u00e5 jeg h\u00e5per du jobber intenst framover med \u00e5 naile riktig f\u00f8tter og fotarbeid. Full fokus videre, sier Aaseb\u00f8.<\/p>\n<p>Dommerne gir 20\u00a0 poeng.<\/p>\n<p>Halvor Bakke og Amalie Aune danser en Slowfox til \u00abStargazing\u00bb av Myles Smith.<\/p>\n<p>          <img loading=\"lazy\" decoding=\"async\" src=\"https:\/\/www.europesays.com\/no\/wp-content\/uploads\/2025\/10\/83681251.webp\" width=\"686\" height=\"460\" title=\"Foto: Thomas Andersen \/ TV 2\" alt=\"\" class=\"\" style=\"--aspect-ratio-image: 1.49; \"\/><\/p>\n<p>\n          Foto: Thomas Andersen \/ TV 2\n      <\/p>\n<p>&#8211; For en flott, rak gentlemans look, jeg liker det! Men jeg savner flyten, og at du bare svever over dansegulvet &#8211; du mangler nemlig det dansetekniske. Du trakk ogs\u00e5 det korteste str\u00e5et med \u00e5 starte med en slowfox &#8211; det er virkelig en av de mest utfordrende n\u00e5r det kommer til fotarbeid innen for de ti dansene i selskapsdans. Terpe teknikk og sl\u00e5 deg l\u00f8s neste l\u00f8rdag!, sier Aaseb\u00f8.<\/p>\n<p>Dommerne gir 12 poeng.<\/p>\n<p>Neste par ut i ilden er Bernt Hulsker og Marianne Sandaker. De danser Tango til I \u00abCan\u2019t Get No Satisfaction\u00bb av The Rolling Stones.<\/p>\n<p>          <img loading=\"lazy\" decoding=\"async\" src=\"https:\/\/www.europesays.com\/no\/wp-content\/uploads\/2025\/10\/83681059.webp\" width=\"686\" height=\"460\" title=\"Foto: Thomas Andersen \/ TV 2\" alt=\"\" class=\"\" style=\"--aspect-ratio-image: 1.49; \"\/><\/p>\n<p>\n          Foto: Thomas Andersen \/ TV 2\n      <\/p>\n<p>&#8211; Rock and roll! Bernt, du mener alvor. Du tar plass og f\u00e5r gulvet til \u00e5 brenne med denne Tangoen. Det blir utrolig spennende \u00e5 f\u00f8lge deg videre i denne konkurransen. Her er det bare \u00e5 jobbe p\u00e5 videre og fortsette med denne innstillingen, sier Aaseb\u00f8.<\/p>\n<p>Dommerne gir 17 poeng.<\/p>\n<p>Viggo Venn og Rikke Lund danser en Cha Cha Cha til f\u00f8rstnevntes kjenningsmelodi &#8211; \u00abOne More Time\u00bb av Daft Punk.<\/p>\n<p>          <img loading=\"lazy\" decoding=\"async\" src=\"https:\/\/www.europesays.com\/no\/wp-content\/uploads\/2025\/10\/83681058.webp\" width=\"686\" height=\"460\" title=\"Foto: Thomas Andersen \/ TV 2\" alt=\"\" class=\"\" style=\"--aspect-ratio-image: 1.49; \"\/><\/p>\n<p>\n          Foto: Thomas Andersen \/ TV 2\n      <\/p>\n<p>&#8211; For et show og for noen HOFTER! Behold denne showfaktoren og det fantastisk vinnende vesenet ditt. Du m\u00e5 v\u00e6re tidenes mest sexy klovn, sier Aaseb\u00f8.<\/p>\n<p>&#8211; Hvis vi snakker danseteknisk, var ikke dette like imponerende. Jeg trenger \u00e5 se mer bevegelse i kroppen, og beina m\u00e5 ryddes i. Alt i alt, er dette en kjempeflott start p\u00e5 sesongen din.<\/p>\n<p>        KYSS: Viggo Venn og Jan Thomas klinte til under \u00e5rets \u00abSkal vi danse\u00bb-premiere. Bilder fra TV 2. <\/p>\n<p>Dommerne gir 24 poeng.<\/p>\n<p>Vendela Kirsebom entrer parkettet sammen med Ivo Havranek. I likhet med Hulsker danser de en Tango. Danseparet skal svinge seg til l\u00e5ta \u00abTrustfall\u00bb av Pink.<\/p>\n<p>          <img loading=\"lazy\" decoding=\"async\" src=\"https:\/\/www.europesays.com\/no\/wp-content\/uploads\/2025\/10\/83681053.webp\" width=\"686\" height=\"460\" title=\"Foto: Thomas Andersen \/ TV 2\" alt=\"\" class=\"\" style=\"--aspect-ratio-image: 1.49; \"\/><\/p>\n<p>\n          Foto: Thomas Andersen \/ TV 2\n      <\/p>\n<p>&#8211; Kveldens dronning har ankommet dansegulvet. Du skinner bokstavelig talt fra topp til t\u00e5! Du leverer \u00abtrustfall\u00bb-trikset, som er utrolig kult at du t\u00f8rr s\u00e5 tidlig i partnerskapet. Fortsett med samme tillit til proffdanser Ivo, s\u00e5 blir det ufattelig fint \u00e5 se din utvikling videre, sier Aaseb\u00f8.<\/p>\n<p>Dommerne gir 23 poeng.<\/p>\n<p>Tiril Eckhoff og Santino Mirenna er kveldens \u00e5ttende par. De danser en Slowfox til \u00abGood Luck Babe\u00bb av Chappel Roan.<\/p>\n<p>          <img loading=\"lazy\" decoding=\"async\" src=\"https:\/\/www.europesays.com\/no\/wp-content\/uploads\/2025\/10\/83681057.webp\" width=\"686\" height=\"460\" title=\"Foto: Thomas Andersen \/ TV 2\" alt=\"\" class=\"\" style=\"--aspect-ratio-image: 1.49; \"\/><\/p>\n<p>\n          Foto: Thomas Andersen \/ TV 2\n      <\/p>\n<p>&#8211; Du leverer en fin Slowfox, med fine posisjoner og ok linjer. Jeg skulle \u00f8nske at du strakk deg litt mer oppover, b\u00e5de sammen med proffdanser Santino, men ogs\u00e5 n\u00e5r du st\u00e5r alene. Fullf\u00f8r bevegelsene dine, det er akkurat som om du gir deg litt. Tro p\u00e5 deg selv er du snill, for her er det mye fint! En veldig sterk 3-er, sier Aaseb\u00f8.<\/p>\n<p>Dommerne gir 21 poeng.<\/p>\n<p>Emma Ellingsen og Catalin Mihu danser Slowfox til \u00abPlease Please Please\u00bb av Sabrina Carpenter.<\/p>\n<p>          <img loading=\"lazy\" decoding=\"async\" src=\"https:\/\/www.europesays.com\/no\/wp-content\/uploads\/2025\/10\/83681054.webp\" width=\"980\" height=\"559\" title=\"Foto: Thomas Andersen \/ TV 2\" alt=\"\" class=\"\" style=\"--aspect-ratio-image: 1.75; \"\/><\/p>\n<p>\n          Foto: Thomas Andersen \/ TV 2\n      <\/p>\n<p>&#8211; HERREGUD for en fantastisk nydelig Slowfox! Emma, du har virkelig jobbet godt! Sammen med proffdanser Catalin s\u00e5 danser dere s\u00f8ml\u00f8st sammen og lager imponerende bevegelser. Du svever over gulvet, og f\u00e5r dette til \u00e5 virke lekende lett. Elsker at du klarer \u00e5 holde en slik ro til \u00e5 v\u00e6re f\u00f8rste gang p\u00e5 dansegulvet. Gratulerer, sier Aaseb\u00f8.<\/p>\n<p>Dommerne gir 24 poeng.<\/p>\n<p>Desta Marie Beeder og Tarjei Svalastog svinger seg p\u00e5 parketten til \u00abHung up\u00bb av Madonna. De danser en Cha Cha Cha i kveld.<\/p>\n<p>          <img loading=\"lazy\" decoding=\"async\" src=\"https:\/\/www.europesays.com\/no\/wp-content\/uploads\/2025\/10\/83681052.webp\" width=\"980\" height=\"559\" title=\"Foto: Thomas Andersen \/ TV 2\" alt=\"\" class=\"\" style=\"--aspect-ratio-image: 1.75; \"\/><\/p>\n<p>\n          Foto: Thomas Andersen \/ TV 2\n      <\/p>\n<p>&#8211; Du eier virkelig den entreen, og ser fab ut. Men beklager, det sto ikke helt til forventning rent dansemessig. Cha Cha Cha er utfordrende. Det trengs bevegelse i kroppen, og ryddigere bein og armer. You go girl, sier Aaseb\u00f8.<\/p>\n<p>Dommerne gir 19 poeng.<\/p>\n<p>Trygve Bennetsen og Ida Amy Sund danser Jive til \u00abApt\u00bb av Bruno Mars.<\/p>\n<p>          <img loading=\"lazy\" decoding=\"async\" src=\"https:\/\/www.europesays.com\/no\/wp-content\/uploads\/2025\/10\/83681055.webp\" width=\"980\" height=\"559\" title=\"Foto: Thomas Andersen \/ TV 2\" alt=\"\" class=\"\" style=\"--aspect-ratio-image: 1.75; \"\/><\/p>\n<p>\n          Foto: Thomas Andersen \/ TV 2\n      <\/p>\n<p>&#8211; For et fyrverkeri! Det du leverer her er r\u00e5bra, Trygve. Du g\u00f8nner virkelig p\u00e5 og leverer en fest, og publikum blir dratt med.<\/p>\n<p>&#8211; For en rytme du har &#8211; hallo, fantastisk bra jobba. Litt rusk m\u00e5 man regne med s\u00e5 tidlig i programmet, og man kan alltid jobbe seg bedre teknisk, sier Aaseb\u00f8.<\/p>\n<p>Dommerne gir 20 poeng.<\/p>\n<p>Ogs\u00e5 Emilie Enger Mehl og dansepartner J\u00f8rgen Nilsen danser en Cha Cha Cha i kveld. Duoen skal svinge seg til \u00abHoudini\u00bb av Dua Lipa.<\/p>\n<p>          <img loading=\"lazy\" decoding=\"async\" src=\"https:\/\/www.europesays.com\/no\/wp-content\/uploads\/2025\/10\/83681051.webp\" width=\"980\" height=\"559\" title=\"Foto: Thomas Andersen \/ TV 2\" alt=\"\" class=\"\" style=\"--aspect-ratio-image: 1.75; \"\/><\/p>\n<p>\n          Foto: Thomas Andersen \/ TV 2\n      <\/p>\n<p>&#8211; Jeg fikk en utrolig fin Disco-queen-vibe, men trenger mer bevegelse i kroppen. F\u00f8rste del var fint, men s\u00e5 raknet det litt fra midten og utover dansen, sier Aaseb\u00f8.<\/p>\n<p>&#8211; H\u00e5per \u00e5 se mer variasjon av utrykk og kontakt med proffdanser J\u00f8rgen, ryddigere bein sammen med et mer spisset fotarbeid. Jeg gleder meg til \u00e5 se deg videre.<\/p>\n<p>Dommerne gir 18 poeng.<\/p>\n<p>De som avslutter premieren er Danby Choi og Norunn Ringvoll. Deres Cha Cha Cha framf\u00f8res til \u00abSpicy Margarita\u00bb av Jason Derulo.<\/p>\n<p>          <img loading=\"lazy\" decoding=\"async\" src=\"https:\/\/www.europesays.com\/no\/wp-content\/uploads\/2025\/10\/83681050.webp\" width=\"980\" height=\"559\" title=\"Foto: Thomas Andersen \/ TV 2\" alt=\"\" class=\"\" style=\"--aspect-ratio-image: 1.75; \"\/><\/p>\n<p>\n          Foto: Thomas Andersen \/ TV 2\n      <\/p>\n<p>&#8211; Danby, dette var SPICY! For en prestasjon og for en r\u00e5skap. Du har naturlige bevegelser, presise posisjoner og viser en superfin trygghet sammen med partner. Med en slik avansert koreografi, som du leverer til de grader, regner jeg med det er mye kult i vente l\u00f8rdagene framover. En meget farlig konkurrent folkens, sier Aaseb\u00f8.<\/p>\n<p>Dommerne gir 29 poeng.<\/p>\n","protected":false},"excerpt":{"rendered":"FORNEBU (Dagbladet): L\u00f8rdag er \u00abSkal vi danse\u00bb tilbake p\u00e5 TV, etter \u00e5 ha v\u00e6rt borte fra skjermen siden&hellip;\n","protected":false},"author":2,"featured_media":53422,"comment_status":"","ping_status":"","sticky":false,"template":"","format":"standard","meta":{"footnotes":""},"categories":[5],"tags":[20,21,24,25,15,19,479,22,23,17,18,13,30,28,29,14,16,2280,26,27],"class_list":{"0":"post-53421","1":"post","2":"type-post","3":"status-publish","4":"format-standard","5":"has-post-thumbnail","7":"category-overskrifter","8":"tag-breaking-news","9":"tag-breakingnews","10":"tag-featured-news","11":"tag-featurednews","12":"tag-headlines","13":"tag-hovedoppslag","14":"tag-kjendis","15":"tag-latest-news","16":"tag-latestnews","17":"tag-main-news","18":"tag-mainnews","19":"tag-news","20":"tag-no","21":"tag-norge","22":"tag-norway","23":"tag-nyheter","24":"tag-overskrifter","25":"tag-skal-vi-danse","26":"tag-top-stories","27":"tag-topstories"},"share_on_mastodon":{"url":"","error":""},"_links":{"self":[{"href":"https:\/\/www.europesays.com\/no\/wp-json\/wp\/v2\/posts\/53421","targetHints":{"allow":["GET"]}}],"collection":[{"href":"https:\/\/www.europesays.com\/no\/wp-json\/wp\/v2\/posts"}],"about":[{"href":"https:\/\/www.europesays.com\/no\/wp-json\/wp\/v2\/types\/post"}],"author":[{"embeddable":true,"href":"https:\/\/www.europesays.com\/no\/wp-json\/wp\/v2\/users\/2"}],"replies":[{"embeddable":true,"href":"https:\/\/www.europesays.com\/no\/wp-json\/wp\/v2\/comments?post=53421"}],"version-history":[{"count":0,"href":"https:\/\/www.europesays.com\/no\/wp-json\/wp\/v2\/posts\/53421\/revisions"}],"wp:featuredmedia":[{"embeddable":true,"href":"https:\/\/www.europesays.com\/no\/wp-json\/wp\/v2\/media\/53422"}],"wp:attachment":[{"href":"https:\/\/www.europesays.com\/no\/wp-json\/wp\/v2\/media?parent=53421"}],"wp:term":[{"taxonomy":"category","embeddable":true,"href":"https:\/\/www.europesays.com\/no\/wp-json\/wp\/v2\/categories?post=53421"},{"taxonomy":"post_tag","embeddable":true,"href":"https:\/\/www.europesays.com\/no\/wp-json\/wp\/v2\/tags?post=53421"}],"curies":[{"name":"wp","href":"https:\/\/api.w.org\/{rel}","templated":true}]}}