{"id":53425,"date":"2025-10-05T21:35:07","date_gmt":"2025-10-05T21:35:07","guid":{"rendered":"https:\/\/www.europesays.com\/no\/53425\/"},"modified":"2025-10-05T21:35:07","modified_gmt":"2025-10-05T21:35:07","slug":"lede-telemark-fortsatt-er-3300-kunder-uten-strom-det-blir-dessverre-stromlost-hos-en-god-del-kunder-ogsa-i-natt","status":"publish","type":"post","link":"https:\/\/www.europesays.com\/no\/53425\/","title":{"rendered":"Lede, Telemark | Fortsatt er 3300 kunder uten str\u00f8m: \u2013 Det blir dessverre str\u00f8ml\u00f8st hos en god del kunder ogs\u00e5 i natt"},"content":{"rendered":"\n<p>\u2013 Vi har jobbet for fullt med feilretting i hele dag, men vi m\u00e5 bare innse at vi ikke kommer i m\u00e5l. I morges hadde vi 7800 str\u00f8ml\u00f8se kunder. I l\u00f8pet av dagen er det omtrent halvert. N\u00e5 faller m\u00f8rket p\u00e5, og arbeid utend\u00f8rs blir vanskelig. Vi holder fortsatt p\u00e5 noen steder, men det blir dessverre str\u00f8ml\u00f8st hos en god del kunder ogs\u00e5 i natt. Det sier kommunikasjonssjef Thor Bj\u00f8rn Omnes i Lede i en pressemelding s\u00f8ndag kveld.<\/p>\n<p><b>I hele dag har Lede jobbet med oppryddingsarbeidet etter ekstremv\u00e6ret &laquo;Amy&raquo; og s\u00f8ndag kveld er fortsatt cirka 3300 kunder uten str\u00f8m i Ledes omr\u00e5der i Vestfold og Telemark. <\/b><\/p>\n<p>Omnes gjentar budskapet om \u00e5 melde inn farlige feil p\u00e5 <a href=\"http:\/\/feil.lede.no\/\" rel=\"nofollow noopener\" target=\"_blank\">feil.lede.no<\/a>. Det gjelder s\u00e6rlig ledninger som ligger p\u00e5 bakken, men ogs\u00e5 andre mulige farlige forhold i str\u00f8mnettet.<\/p>\n<p>Det gjenst\u00e5r mye arbeid med feilretting, og Lede melder at de vil opprettholde h\u00f8y beredskap ogs\u00e5 i dagene som kommer.<\/p>\n<p><b>\u2013 Det er dessverre vanskelig \u00e5 si sikkert n\u00e5r kunder uten str\u00f8m f\u00e5r str\u00f8mmen tilbake. De st\u00f8rste feilene, som rammer flest kunder, utbedres f\u00f8rst. Dette er en veldig kjedelig situasjon for de kundene som rammes, og vi gj\u00f8r alt som st\u00e5r i v\u00e5r makt for \u00e5 gjenopprette str\u00f8mforsyningen, avslutter Omnes.<\/b><\/p>\n","protected":false},"excerpt":{"rendered":"\u2013 Vi har jobbet for fullt med feilretting i hele dag, men vi m\u00e5 bare innse at vi&hellip;\n","protected":false},"author":2,"featured_media":53426,"comment_status":"","ping_status":"","sticky":false,"template":"","format":"standard","meta":{"footnotes":""},"categories":[10],"tags":[7934,36,20,21,24,25,15,22,23,8120,13,30,28,29,14,16,1510,243,992,26,27],"class_list":{"0":"post-53425","1":"post","2":"type-post","3":"status-publish","4":"format-standard","5":"has-post-thumbnail","7":"category-norge","8":"tag-amy","9":"tag-art","10":"tag-breaking-news","11":"tag-breakingnews","12":"tag-featured-news","13":"tag-featurednews","14":"tag-headlines","15":"tag-latest-news","16":"tag-latestnews","17":"tag-lede","18":"tag-news","19":"tag-no","20":"tag-norge","21":"tag-norway","22":"tag-nyheter","23":"tag-overskrifter","24":"tag-story","25":"tag-strom","26":"tag-telemark","27":"tag-top-stories","28":"tag-topstories"},"share_on_mastodon":{"url":"","error":""},"_links":{"self":[{"href":"https:\/\/www.europesays.com\/no\/wp-json\/wp\/v2\/posts\/53425","targetHints":{"allow":["GET"]}}],"collection":[{"href":"https:\/\/www.europesays.com\/no\/wp-json\/wp\/v2\/posts"}],"about":[{"href":"https:\/\/www.europesays.com\/no\/wp-json\/wp\/v2\/types\/post"}],"author":[{"embeddable":true,"href":"https:\/\/www.europesays.com\/no\/wp-json\/wp\/v2\/users\/2"}],"replies":[{"embeddable":true,"href":"https:\/\/www.europesays.com\/no\/wp-json\/wp\/v2\/comments?post=53425"}],"version-history":[{"count":0,"href":"https:\/\/www.europesays.com\/no\/wp-json\/wp\/v2\/posts\/53425\/revisions"}],"wp:featuredmedia":[{"embeddable":true,"href":"https:\/\/www.europesays.com\/no\/wp-json\/wp\/v2\/media\/53426"}],"wp:attachment":[{"href":"https:\/\/www.europesays.com\/no\/wp-json\/wp\/v2\/media?parent=53425"}],"wp:term":[{"taxonomy":"category","embeddable":true,"href":"https:\/\/www.europesays.com\/no\/wp-json\/wp\/v2\/categories?post=53425"},{"taxonomy":"post_tag","embeddable":true,"href":"https:\/\/www.europesays.com\/no\/wp-json\/wp\/v2\/tags?post=53425"}],"curies":[{"name":"wp","href":"https:\/\/api.w.org\/{rel}","templated":true}]}}