{"id":53453,"date":"2025-10-05T22:12:08","date_gmt":"2025-10-05T22:12:08","guid":{"rendered":"https:\/\/www.europesays.com\/no\/53453\/"},"modified":"2025-10-05T22:12:08","modified_gmt":"2025-10-05T22:12:08","slug":"atletico-madrid-avga-poeng-med-ti-mann-aspas-scoret-i-rekordkampen","status":"publish","type":"post","link":"https:\/\/www.europesays.com\/no\/53453\/","title":{"rendered":"Atl\u00e9tico Madrid avga poeng med ti mann \u2013 Aspas scoret i rekordkampen"},"content":{"rendered":"\n<p class=\"_lead_1994c_2 _lead_xtcu6_50 layout-component text-serif-m layout-normal text-serif-l layout-component layout-wide layout-padded _wide_17hqh_1 layout-padded\">Atl\u00e9tico Madrid tok tidlig ledelsen i bortekampen mot Celta, men hjemmelaget berget 1-1 etter en omdiskutert utvisning. Iago Aspas kjempet inn utligningsm\u00e5let.<\/p>\n<p><img alt=\"Alexander S\u00f8rloth m\u00e5tte n\u00f8ye seg med et kort innhopp da Atl\u00e9tico Madrid spilte 1-1 mot Celta med ti mann. Her fra byderbyet mot Real nylig.  Foto: Manu Fernandez, AP \/ NTB\" class=\"_image_qp4xg_65 layout-component layout-wide\" data-fullscreen- data-track-element-type=\"Article image fullscreen\" data-track-name=\"ImageFullscreen\" fetchpriority=\"high\" decoding=\"sync\" loading=\"eager\" height=\"3208\" itemprop=\"image\"  src=\"https:\/\/www.europesays.com\/no\/wp-content\/uploads\/2025\/10\/970bb245-b720-4dba-bd34-d83b58f97944\"  style=\"object-position:0% 0%\" width=\"4812\"\/>Alexander S\u00f8rloth m\u00e5tte n\u00f8ye seg med et kort innhopp da Atl\u00e9tico Madrid spilte 1-1 mot Celta med ti mann. Her fra byderbyet mot Real nylig.  Foto: Manu Fernandez, AP \/ NTB<\/p>\n<ul aria-hidden=\"true\" class=\"_images_1y6fe_106\">\n<li><a class=\"_link_1y6fe_111\" href=\"https:\/\/www.vg.no\/forfatter\/ntb\" style=\"z-index:1\" title=\"NTB\" rel=\"nofollow noopener\" target=\"_blank\"><img alt=\"Bilde av NTB\" class=\"_image_1y6fe_88\" fetchpriority=\"low\" loading=\"lazy\" decoding=\"async\" itemprop=\"image\"  src=\"https:\/\/www.europesays.com\/no\/wp-content\/uploads\/2025\/10\/1759702328_461_c33980b0-5d07-4027-84a1-813f90a7c8d6\"  width=\"480\"\/><\/a><\/li>\n<\/ul>\n<p> Oppdatert s\u00f8ndag 5. oktober kl. 23:08     <\/p>\n<p class=\"_paragraph_1994c_4 _paragraph_xtcu6_10 layout-component text-serif-m layout-normal text-serif-m layout-padded\">Superveteranen Aspas kom inn til sin 533. kamp for Celta og tangerte dermed klubbrekorden til legenden Manolo. I det 68. minutt reagerte han raskest p\u00e5 en keeperretur fra Jan Oblak etter at Borja Iglesias brukte muskler og fikk avsluttet i duell med to motspillere.<\/p>\n<p class=\"_paragraph_1994c_4 _paragraph_xtcu6_10 layout-component text-serif-m layout-normal text-serif-m layout-padded\"><a href=\"https:\/\/www.vg.no\/tag\/alexander-soerloth?utm_source=vg-article&amp;utm_medium=auto-tagger&amp;utm_campaign=rPBW3w\" class=\"_link_1994c_39\" rel=\"nofollow noopener\" target=\"_blank\">Alexander S\u00f8rloth<\/a> m\u00e5tte se det meste av kampen fra benken og sidelinja, men han kom inn i det 82. minutt.<\/p>\n<p class=\"_paragraph_1994c_4 _paragraph_xtcu6_10 layout-component text-serif-m layout-normal text-serif-m layout-padded\">Gjestene tok ledelsen f\u00f8r det var spilt seks minutter i Vigo. Antoine Griezmann spilte fram Pablo Barrios, som f\u00f8rte ballen inn i feltet i h\u00f8yt tempo og sentret i retning av bedre plasserte Juli\u00e1n \u00c1lvarez. Svenske Carl Starfelt kom mellom, men beinet ballen i eget m\u00e5l i stedet for \u00e5 klarere.<\/p>\n<p class=\"_paragraph_1994c_4 _paragraph_xtcu6_10 layout-component text-serif-m layout-normal text-serif-m layout-padded\">Atl\u00e9tico hadde flere muligheter til \u00e5 \u00f8ke ledelsen i f\u00f8rste omgang, men vertene var ikke ufarlige. Oblak m\u00e5tte vise klasse for \u00e5 sl\u00e5 et skudd fra Celta-spiss Iglesias over.<\/p>\n<p class=\"_paragraph_1994c_4 _paragraph_xtcu6_10 layout-component text-serif-m layout-normal text-serif-m layout-padded\">Fem minutter f\u00f8r pause ble midtstopper Cl\u00e9ment Lenglet utvist da han fikk sitt annet gule kort for \u00e5 holde igjen Ferran Jutgl\u00e1 etter \u00e5 ha mistet ballen til ham p\u00e5 midtbanen. Det skjedde rett foran Atl\u00e9tico-trener Diego Simeone, som reagerte kraftig p\u00e5 dommerens avgj\u00f8relse.<\/p>\n<p class=\"_paragraph_1994c_4 _paragraph_xtcu6_10 layout-component text-serif-m layout-normal text-serif-m layout-padded\">TV-bildene tydet da ogs\u00e5 p\u00e5 at Jutgl\u00e1 overreagerte kraftig p\u00e5 Lenglets lille ber\u00f8ring ved \u00e5 kaste seg ned.<\/p>\n<p class=\"_paragraph_1994c_4 _paragraph_xtcu6_10 layout-component text-serif-m layout-normal text-serif-m layout-padded\">Simeone flyttet David Hancko inn i midtforsvaret og byttet inn venstrebacken Javi Gal\u00e1n for Griezmann ved pause.<\/p>\n<p class=\"_paragraph_1994c_4 _paragraph_xtcu6_10 layout-component text-serif-m layout-normal text-serif-m layout-padded\">Ansporet av et entusiastisk hjemmepublikum kjempet Celta seg inn i kampen, fikk utligningen og jaget ogs\u00e5 et vinnerm\u00e5l, men laget har enn\u00e5 ikke vunnet i La Liga denne sesongen. Celta spilte uavgjort for sjette gang p\u00e5 \u00e5tte kamper.<\/p>\n<p class=\"_paragraph_1994c_4 _paragraph_xtcu6_10 layout-component text-serif-m layout-normal text-serif-m layout-padded\">Atl\u00e9tico Madrid g\u00e5r til landslagspausen p\u00e5 5.-plass, \u00e5tte poeng bak lederlaget Real Madrid, som fikk sitt eneste poengtap i byderbyet Atl\u00e9tico vant 5-2.<\/p>\n","protected":false},"excerpt":{"rendered":"Atl\u00e9tico Madrid tok tidlig ledelsen i bortekampen mot Celta, men hjemmelaget berget 1-1 etter en omdiskutert utvisning. Iago&hellip;\n","protected":false},"author":2,"featured_media":53454,"comment_status":"","ping_status":"","sticky":false,"template":"","format":"standard","meta":{"footnotes":""},"categories":[59],"tags":[3033,3034,92,30,28,29,83,82],"class_list":{"0":"post-53453","1":"post","2":"type-post","3":"status-publish","4":"format-standard","5":"has-post-thumbnail","7":"category-sport","8":"tag-alexander-sorloth","9":"tag-atletico-madrid","10":"tag-fotball","11":"tag-no","12":"tag-norge","13":"tag-norway","14":"tag-sport","15":"tag-sports"},"share_on_mastodon":{"url":"","error":""},"_links":{"self":[{"href":"https:\/\/www.europesays.com\/no\/wp-json\/wp\/v2\/posts\/53453","targetHints":{"allow":["GET"]}}],"collection":[{"href":"https:\/\/www.europesays.com\/no\/wp-json\/wp\/v2\/posts"}],"about":[{"href":"https:\/\/www.europesays.com\/no\/wp-json\/wp\/v2\/types\/post"}],"author":[{"embeddable":true,"href":"https:\/\/www.europesays.com\/no\/wp-json\/wp\/v2\/users\/2"}],"replies":[{"embeddable":true,"href":"https:\/\/www.europesays.com\/no\/wp-json\/wp\/v2\/comments?post=53453"}],"version-history":[{"count":0,"href":"https:\/\/www.europesays.com\/no\/wp-json\/wp\/v2\/posts\/53453\/revisions"}],"wp:featuredmedia":[{"embeddable":true,"href":"https:\/\/www.europesays.com\/no\/wp-json\/wp\/v2\/media\/53454"}],"wp:attachment":[{"href":"https:\/\/www.europesays.com\/no\/wp-json\/wp\/v2\/media?parent=53453"}],"wp:term":[{"taxonomy":"category","embeddable":true,"href":"https:\/\/www.europesays.com\/no\/wp-json\/wp\/v2\/categories?post=53453"},{"taxonomy":"post_tag","embeddable":true,"href":"https:\/\/www.europesays.com\/no\/wp-json\/wp\/v2\/tags?post=53453"}],"curies":[{"name":"wp","href":"https:\/\/api.w.org\/{rel}","templated":true}]}}