{"id":53510,"date":"2025-10-06T02:44:11","date_gmt":"2025-10-06T02:44:11","guid":{"rendered":"https:\/\/www.europesays.com\/no\/53510\/"},"modified":"2025-10-06T02:44:11","modified_gmt":"2025-10-06T02:44:11","slug":"gaza-israel-om-samboeren-i-israelsk-fengsel-han-skal-etter-forholdene-ha-det-bra","status":"publish","type":"post","link":"https:\/\/www.europesays.com\/no\/53510\/","title":{"rendered":"Gaza, Israel | Om samboeren i israelsk fengsel: \u2013 Han skal etter forholdene ha det bra"},"content":{"rendered":"\n<p>Samuel Rost\u00f8l fra Kvinesdal la ut p\u00e5 en krevende ferd mot Gazastripen, drevet av et brennende \u00f8nske om \u00e5 hjelpe en befolkning i dyp krise. Som en av mange frivillige i den internasjonale Global Sumud Flotilla (GSF) var hans m\u00e5l \u00e5 bryte Israels blokade og levere livsviktig n\u00f8dhjelp.<\/p>\n<p>\u2013 Mennesker sulter i hjel mens du og jeg snakker n\u00e5, uttalte Rost\u00f8l f\u00f8r avreise, overbevist om at sivilsamfunnet m\u00e5tte handle der han mener verdens stater sviktet.<\/p>\n<p>Den humanit\u00e6re misjonen ble br\u00e5tt stanset. Flere fart\u00f8y, inkludert Adara med Rost\u00f8l om bord, ble bordet av israelske sj\u00f8styrker. Kommunikasjonen med b\u00e5tene er brutt, og Rost\u00f8l er, sammen med andre aktivister, f\u00f8rt til fengsel i Israel.<\/p>\n<p>Han har ikke tilgang til telefon eller andre muligheter til kommunikasjon med p\u00e5r\u00f8rende hjemme i Norge. Gjennom dialog med ambassaden har Samuels samboer Liv Merete Skarsgard f\u00e5tt en oppdatering. <\/p>\n<p>            Sp\u00f8rsm\u00e5l til UD<\/p>\n<p>Disse sp\u00f8rsm\u00e5lene har Agder stilt Utenriksdepartementet: <\/p>\n<ol>\n<li><b>Forhold og folkerett:<\/b> Det er rapportert om sv\u00e6rt d\u00e5rlige forhold for norske borgere i israelsk fangenskap, inkludert nektelse av vann, medisiner og juridisk bistand, samt mulige brudd p\u00e5 folkeretten. Hvilken informasjon har UD om dette, og hva er UDs vurdering av behandlingen i henhold til internasjonal rett?<\/li>\n<li><b>L\u00f8slatelsesstatus:<\/b> Hva er siste status fra Utenriksdepartementet ang\u00e5ende l\u00f8slatelsen av de norske borgerne? Er det en bekreftet tidsplan for deres retur til Norge?<\/li>\n<li><b>Deportasjonsdetaljer:<\/b> UD har angivelig mottatt informasjon om snarlig deportasjon til Europa. Kan UD bekrefte dette, og hva er avklart rundt destinasjon og praktisk logistikk for uttransporteringen?<\/li>\n<li><b>Diplomatisk respons:<\/b> Norske myndigheter har m\u00f8tt kritikk for passivitet og manglende ford\u00f8mmelse av hendelsene av p\u00e5r\u00f8rende Avisen Agder har snakket med. Hvordan svarer UD p\u00e5 denne kritikken, og hvilke diplomatiske skritt utover konsul\u00e6r bistand er tatt for \u00e5 sikre rask l\u00f8slatelse?<\/li>\n<li><b>Aksjonens lovlighet:<\/b> Hva er Utenriksdepartementets offisielle syn p\u00e5 lovligheten av Israels aksjon med \u00e5 borde humanit\u00e6re fart\u00f8y og arrestere aktivister, spesielt med tanke p\u00e5 at dette angivelig skjedde i internasjonalt farvann?<\/li>\n<\/ol>\n<p>\u2013 Ambassadens inntrykk var at Samuel var ved godt mot og h\u00e5ndterte situasjonen greit etter forholdene da de m\u00f8tte han fredag.<\/p>\n<p>Ambassaden m\u00f8tte de seks nordmennene fredag, og beskriver at de var i relativt god form, men noe medtatte.<\/p>\n<p><a href=\"https:\/\/www.vg.no\/nyheter\/i\/JbVJVX\/ud-norske-aktivister-i-israel-blir-deportert-snart\" rel=\"Follow nofollow noopener\" target=\"_blank\">VG<\/a> melder at Utenriksdepartementet (UD) har f\u00e5tt beskjed fra israelske myndigheter om at de seks norske aktivistene som sitter fengslet i Ketziot-fengselet, snart vil bli deportert til Europa.<\/p>\n<p>Skarsgard mener det er for d\u00e5rlig at dette drar ut, og krever rask frigivelse og at Samuel og de andre f\u00e5r kommunisere med p\u00e5r\u00f8rende direkte.<\/p>\n<p>  <a href=\"https:\/\/www.avisenagder.no\/5-99-1450397\" class=\"related-teaser has-image default-story-teaser article--c-eRUmMG article--c-eRUmMG-jKCPdD-design-default\" rel=\"nofollow noopener\" target=\"_blank\"><\/p>\n<p>    <img decoding=\"async\" loading=\"lazy\"  src=\"https:\/\/www.europesays.com\/no\/wp-content\/uploads\/2025\/10\/Skjermbilde+2025-10-01+kl.+22.40.30.png\" alt=\"\" class=\"brick-c-cFOWSL\" style=\"\"\/><\/p>\n<p>\n            Les ogs\u00e5<\/p>\n<p>              UD f\u00f8lger situasjonen tett \u2013 ambassaden i Tel Aviv vil gi bistand\n        <\/p>\n<p>  <\/a><br \/>\n  Krevende forhold<\/p>\n<p>Skarsgard sier hun f\u00e5r lite informasjon direkte, og m\u00e5 forholde seg til det hun leser i media og hva andre formidler om forholdene.<\/p>\n<p>\u2013 Det varsles om sv\u00e6rt d\u00e5rlige forhold i fengselet. Norske myndigheter har v\u00e6rt for tause. Alle de seks nordmennene holdes fremdeles ulovlig fanget. Det rapporteres om flere brudd p\u00e5 folkeretten, blant annet ble de nektet tilgang til vann, medisiner og juridisk bistand. <\/p>\n<p>   <img decoding=\"async\" width=\"3024\" height=\"4032\" fetchpriority=\"low\"  loading=\"lazy\"  src=\"https:\/\/www.europesays.com\/no\/wp-content\/uploads\/2025\/10\/7c8e9bb0-136c-4906-bee8-8022028dc5d3_1.jpeg\" alt=\"\" class=\"brick-c-cFOWSL\" style=\"--brick-image-ratio: 3024 \/ 4032;\"\/><\/p>\n<p>    \u00abFARVEL\u00bb: Her sier samboerparet farvel f\u00f8r Samuel satte seg p\u00e5 flyet til Barcelona, hvor ferden startet.<br \/>\n    Foto: Privat\n  <\/p>\n<p>\u2013 137 personer er frigitt, og melder n\u00e5 om behandlingen de har f\u00e5tt, som inkluderer fysisk og verbal aggresjon. I over fem timer ble de tvunget til \u00e5 sitte p\u00e5 kn\u00e6rne med hendene stripset fordi noen ropte \u00abFree Palestine\u00bb.<\/p>\n<p>\u2013 N\u00e5r dette er behandlingen av v\u00e5re fredelige aktivister fra hele verden, kan vi bare ane hva palestinerne selv utsettes for. Denne hendelsen avsl\u00f8rer ikke bare overgrep mot internasjonale observat\u00f8rer, men et system der undertrykkelsen av palestinere er blitt normalisert, fremholder Skarsgard, som har en klar oppfordring til norske myndigheter:<\/p>\n<p>\u2013 De m\u00e5 umiddelbart ford\u00f8mme disse handlingene, kreve rask l\u00f8slatelse av de norske borgerne og presse israelske myndigheter til \u00e5 etterleve internasjonal rett, fremholder samboeren.<\/p>\n<p>  <a href=\"https:\/\/www.avisenagder.no\/5-99-1450023\" class=\"related-teaser has-image default-story-teaser article--c-eRUmMG article--c-eRUmMG-jKCPdD-design-default\" rel=\"nofollow noopener\" target=\"_blank\"><\/p>\n<p>    <img decoding=\"async\" loading=\"lazy\"  src=\"https:\/\/www.europesays.com\/no\/wp-content\/uploads\/2025\/10\/NTB_CuwMJ9sWj3s.jpg\" alt=\"\" class=\"brick-c-cFOWSL\" style=\"\"\/><\/p>\n<p>\n            Les ogs\u00e5<\/p>\n<p>              Israels milit\u00e6re bordet Gaza-flotiljen \u2013 Samuel fra Kvinesdal og to andre nordmenn om bord\n        <\/p>\n<p>  <\/a><\/p>\n<p>  <a href=\"https:\/\/www.avisenagder.no\/5-99-1448988\" class=\"related-teaser has-image default-story-teaser article--c-eRUmMG article--c-eRUmMG-jKCPdD-design-default\" rel=\"nofollow noopener\" target=\"_blank\"><\/p>\n<p>    <img decoding=\"async\" loading=\"lazy\"  src=\"https:\/\/www.europesays.com\/no\/wp-content\/uploads\/2025\/10\/Skjermbilde+2025-09-24+124516.png\" alt=\"\" class=\"brick-c-cFOWSL\" style=\"\"\/><\/p>\n<p>\n            Les ogs\u00e5<\/p>\n<p>              Forteller om droneangrep mot seilas: \u2013 De tre neste timene kom det et angrep omtrent hvert 15\u201320 minutt\n        <\/p>\n<p>  <\/a><br \/>\n  Andre er sendt hjem<\/p>\n<p>Seks nordmenn sitter fanget i et beryktet Israelsk h\u00f8ysikkerhetsfengsel, mens flere aktivister fra andre land har blitt sendt hjem.<\/p>\n<p>Skarsgard mener Norge og UD har v\u00e6rt tause i forhold til andre land som kanskje tydeligere har ford\u00f8mt det som har skjedd.<\/p>\n","protected":false},"excerpt":{"rendered":"Samuel Rost\u00f8l fra Kvinesdal la ut p\u00e5 en krevende ferd mot Gazastripen, drevet av et brennende \u00f8nske om&hellip;\n","protected":false},"author":2,"featured_media":53511,"comment_status":"","ping_status":"","sticky":false,"template":"","format":"standard","meta":{"footnotes":""},"categories":[5],"tags":[36,20,21,2987,24,25,53,15,19,52,2986,22,23,17,18,13,30,28,29,14,16,8132,1510,26,27],"class_list":{"0":"post-53510","1":"post","2":"type-post","3":"status-publish","4":"format-standard","5":"has-post-thumbnail","7":"category-overskrifter","8":"tag-art","9":"tag-breaking-news","10":"tag-breakingnews","11":"tag-fb","12":"tag-featured-news","13":"tag-featurednews","14":"tag-gaza","15":"tag-headlines","16":"tag-hovedoppslag","17":"tag-israel","18":"tag-kvinesdal","19":"tag-latest-news","20":"tag-latestnews","21":"tag-main-news","22":"tag-mainnews","23":"tag-news","24":"tag-no","25":"tag-norge","26":"tag-norway","27":"tag-nyheter","28":"tag-overskrifter","29":"tag-samuel-rostol","30":"tag-story","31":"tag-top-stories","32":"tag-topstories"},"share_on_mastodon":{"url":"","error":""},"_links":{"self":[{"href":"https:\/\/www.europesays.com\/no\/wp-json\/wp\/v2\/posts\/53510","targetHints":{"allow":["GET"]}}],"collection":[{"href":"https:\/\/www.europesays.com\/no\/wp-json\/wp\/v2\/posts"}],"about":[{"href":"https:\/\/www.europesays.com\/no\/wp-json\/wp\/v2\/types\/post"}],"author":[{"embeddable":true,"href":"https:\/\/www.europesays.com\/no\/wp-json\/wp\/v2\/users\/2"}],"replies":[{"embeddable":true,"href":"https:\/\/www.europesays.com\/no\/wp-json\/wp\/v2\/comments?post=53510"}],"version-history":[{"count":0,"href":"https:\/\/www.europesays.com\/no\/wp-json\/wp\/v2\/posts\/53510\/revisions"}],"wp:featuredmedia":[{"embeddable":true,"href":"https:\/\/www.europesays.com\/no\/wp-json\/wp\/v2\/media\/53511"}],"wp:attachment":[{"href":"https:\/\/www.europesays.com\/no\/wp-json\/wp\/v2\/media?parent=53510"}],"wp:term":[{"taxonomy":"category","embeddable":true,"href":"https:\/\/www.europesays.com\/no\/wp-json\/wp\/v2\/categories?post=53510"},{"taxonomy":"post_tag","embeddable":true,"href":"https:\/\/www.europesays.com\/no\/wp-json\/wp\/v2\/tags?post=53510"}],"curies":[{"name":"wp","href":"https:\/\/api.w.org\/{rel}","templated":true}]}}