{"id":5365,"date":"2025-08-11T19:31:10","date_gmt":"2025-08-11T19:31:10","guid":{"rendered":"https:\/\/www.europesays.com\/no\/5365\/"},"modified":"2025-08-11T19:31:10","modified_gmt":"2025-08-11T19:31:10","slug":"meteorsvermen-perseidene-vil-vaere-synlig-pa-himmelen","status":"publish","type":"post","link":"https:\/\/www.europesays.com\/no\/5365\/","title":{"rendered":"Meteorsvermen Perseidene vil v\u00e6re synlig p\u00e5 himmelen:"},"content":{"rendered":"\n<p class=\"_lead_1bvmi_2 _lead_xtcu6_50 layout-component text-serif-m layout-normal text-serif-l layout-component layout-wide layout-padded _wide_17hqh_1 layout-padded\">\u00c5rets mest popul\u00e6re meteorsverm n\u00e5r sitt h\u00f8ydepunkt natt til onsdag.<\/p>\n<p><img alt=\" Foto: CHRISTIAN BRUNA \/ EPA \/ NTB\" class=\"_image_qp4xg_65 layout-component layout-wide\" data-fullscreen- data-track-element-type=\"Article image fullscreen\" data-track-name=\"ImageFullscreen\" fetchpriority=\"high\" decoding=\"sync\" loading=\"eager\" height=\"4000\" itemprop=\"image\"  src=\"https:\/\/www.europesays.com\/no\/wp-content\/uploads\/2025\/08\/a8722075-d192-4b9b-b2ba-f79572ced12e\"  style=\"object-position:0% 0%\" width=\"6000\"\/> Foto: CHRISTIAN BRUNA \/ EPA \/ NTB<\/p>\n<ul aria-hidden=\"true\" class=\"_images_1y6fe_106\">\n<li><a class=\"_link_1y6fe_111\" href=\"https:\/\/www.vg.no\/forfatter\/marie-dreyer-bakken\" style=\"z-index:1\" title=\"Marie Dreyer Bakken\" rel=\"nofollow noopener\" target=\"_blank\"><img alt=\"Bilde av Marie Dreyer Bakken\" class=\"_image_1y6fe_88\" fetchpriority=\"low\" loading=\"lazy\" decoding=\"async\" itemprop=\"image\"  src=\"https:\/\/www.europesays.com\/no\/wp-content\/uploads\/2025\/08\/1754940668_628_a58fd05d-9a13-4704-bd0c-ffb8040bb859\"  width=\"480\"\/><\/a><\/li>\n<\/ul>\n<p> Oppdatert mandag 11. august kl. 21:16    <\/p>\n<ul class=\"_list_1bvmi_3 _list_1flq1_85 _unordered_1bvmi_99 text-sans-m\">\n<li class=\"_item_1bvmi_30\">Perseidene meteorsverm n\u00e5r sitt h\u00f8ydepunkt natt til onsdag<\/li>\n<li class=\"_item_1bvmi_30\">Astronom Vegard Lundby Rekaa anbefaler \u00e5 se svermen<\/li>\n<li class=\"_item_1bvmi_30\">For best utsikt, unng\u00e5 kunstig lys og m\u00e5nelys, og v\u00e6r ute sent p\u00e5 kvelden eller veldig tidlig om morgenen<\/li>\n<\/ul>\n<p>Vis mer <\/p>\n<p class=\"_paragraph_1bvmi_4 _paragraph_xtcu6_10 layout-component text-serif-m layout-normal text-serif-m layout-padded\">Men ogs\u00e5 natt til tirsdag vil det v\u00e6re mulig \u00e5 se himmelshowet. <\/p>\n<p class=\"_paragraph_1bvmi_4 _paragraph_xtcu6_10 layout-component text-serif-m layout-normal text-serif-m layout-padded\">\u2013 Det er absolutt noe man b\u00f8r f\u00e5 med seg, sier astronomastronomEn person som studerer objekter og fenomener i universet, som stjerner, planeter og meteorer.  ved Solobservatoriet Vegard Lundby Rekaa til VG. <\/p>\n<p class=\"_paragraph_1bvmi_4 _paragraph_xtcu6_10 layout-component text-serif-m layout-normal text-serif-m layout-padded\">Svermen, kalt Perseidene, er nemlig i full gang og kan gi opptil 100 meteorer i timen. Det vil v\u00e6re st\u00f8rst sannsynlighet \u00e5 se mellom 12 og 13. august. <\/p>\n<p class=\"_paragraph_1bvmi_4 _paragraph_xtcu6_10 layout-component text-serif-m layout-normal text-serif-m layout-padded\">Det som skjer er at jorden passerer et omr\u00e5de i solsystemet hvor det er ekstra mange sm\u00e5partikler. Det er som sm\u00e5 steiner, forklarer astronomen.<\/p>\n<p><img decoding=\"async\" alt=\"Bilde av Vegard Lundby Rekaa\" class=\"_image_ygndg_42\" height=\"53\" itemprop=\"image\" loading=\"lazy\"  src=\"https:\/\/www.europesays.com\/no\/wp-content\/uploads\/2025\/08\/fcdfbc90-2cfc-4ba0-b1fe-c2173fd551dd\"  width=\"40\"\/><strong class=\"_name_ygndg_51 title-serif-xs\">Vegard Lundby Rekaa<\/strong><\/p>\n<p class=\"_paragraph_1bvmi_4 text-sans-m _description_ygndg_56\">Astronom med Solobservatoriet<\/p>\n<p class=\"_paragraph_1bvmi_4 _paragraph_xtcu6_10 layout-component text-serif-m layout-normal text-serif-m layout-padded\">\u2013 N\u00e5r disse treffer atmosf\u00e6renatmosf\u00e6renLuftlaget som omgir jorden og beskytter oss mot skadelig str\u00e5ling fra verdensrommet. v\u00e5r, brenner de opp og danner det vi kaller stjerneskudd. Det er rett og slett sm\u00e5stein som raser inn i atmosf\u00e6ren og lyser opp i det de forsvinner.<\/p>\n<p class=\"_paragraph_1bvmi_4 _paragraph_xtcu6_10 layout-component text-serif-m layout-normal text-serif-m layout-padded\">Perseidene kommer p\u00e5 samme tidspunkt hvert \u00e5r, p\u00e5 samme datoer. Da er det m\u00f8rkt nok, og vi er langt nok unna midnattssolen til at det er mulig \u00e5 se mye stjerneskudd.<\/p>\n<p class=\"_paragraph_1bvmi_4 _paragraph_xtcu6_10 layout-component text-serif-m layout-normal text-serif-m layout-padded\">Sjekk tidligere bilder av svermen: <\/p>\n<ul class=\"_gallery_1qa3s_23\" tabindex=\"0\">\n<li class=\"_item_1qa3s_37\" data-index=\"0\"><img decoding=\"async\" class=\"_image_foru8_23 _articleGallery_foru8_39\" data-fullscreen- width=\"3900\" height=\"2550\" itemprop=\"image\" loading=\"lazy\"  src=\"https:\/\/www.europesays.com\/no\/wp-content\/uploads\/2025\/08\/197c05b6-0a5c-423d-b140-cef026526074\"  style=\"object-position:50% 50%;aspect-ratio:var(--gallery-aspect-ratio, 16 \/ 9)\"\/>Foto: GEORGI LICOVSKI \/ EPA \/ NTB<\/li>\n<li class=\"_item_1qa3s_37\" data-index=\"1\"><img decoding=\"async\" class=\"_image_foru8_23 _articleGallery_foru8_39\" data-fullscreen- width=\"5000\" height=\"3333\" itemprop=\"image\" loading=\"lazy\"  src=\"https:\/\/www.europesays.com\/no\/wp-content\/uploads\/2025\/08\/9617bd93-7a25-4123-8c8a-b6e13f388c1c\"  style=\"object-position:50% 50%;aspect-ratio:var(--gallery-aspect-ratio, 16 \/ 9)\"\/>Foto: Gian Ehrenzeller \/ AP \/ NTB<\/li>\n<li class=\"_item_1qa3s_37\" data-index=\"2\"><img decoding=\"async\" class=\"_image_foru8_23 _articleGallery_foru8_39\" data-fullscreen- width=\"4500\" height=\"3018\" itemprop=\"image\" loading=\"lazy\"  src=\"https:\/\/www.europesays.com\/no\/wp-content\/uploads\/2025\/08\/f74b58ce-2ae9-4b65-9828-618fd75e617b\"  style=\"object-position:50% 50%;aspect-ratio:var(--gallery-aspect-ratio, 16 \/ 9)\"\/>Foto: GEORGI LICOVSKI \/ EPA \/ NTB<\/li>\n<\/ul>\n<p>Foto: GEORGI LICOVSKI \/ EPA \/ NTB<\/p>\n<p class=\"_paragraph_1bvmi_4 _paragraph_xtcu6_10 layout-component text-serif-m layout-normal text-serif-m layout-padded\">Svermen kommer fra restene etter kometen Sviwt-Tuttle, skriver <a href=\"https:\/\/illvit.no\/universet\/solsystemet\/meteor\/perseidene-meteorregn-overmaler-himmelen\" class=\"_link_1bvmi_39\" rel=\"nofollow noopener\" target=\"_blank\">Illustrert Vitenskap<\/a>. <\/p>\n<p class=\"_paragraph_1bvmi_4 _paragraph_xtcu6_10 layout-component text-serif-m layout-normal text-serif-m layout-padded\">For \u00e5 f\u00e5 med seg det spektakul\u00e6re synet kan det l\u00f8nne seg \u00e5 holde seg v\u00e5ken noen timer ekstra. <\/p>\n<p class=\"_paragraph_1bvmi_4 _paragraph_xtcu6_10 layout-component text-serif-m layout-normal text-serif-m layout-padded\">\u2013 Jo m\u00f8rkere, jo bedre! For de fleste betyr det sent p\u00e5 kvelden eller midt p\u00e5 natten. Hvis det er helg eller ferie, kan man v\u00e6re oppe litt lenger. Alternativt kan man st\u00e5 opp veldig tidlig, rundt s\u00e5nn 04-tiden, sier Lundby Rekaa. <\/p>\n<p class=\"_paragraph_1bvmi_4 _paragraph_xtcu6_10 layout-component text-serif-m layout-normal text-serif-m layout-padded\">I tillegg l\u00f8nner det seg, som ved andre himmelfenomen, \u00e5 oppholde seg unna kunstig lys \u2013 som midt i byen. <\/p>\n<p class=\"_paragraph_1bvmi_4 _paragraph_xtcu6_10 layout-component text-serif-m layout-normal text-serif-m layout-padded\">Men \u00e9n ting kan gj\u00f8re det litt vanskeligere \u00e5 dra p\u00e5 stjerneskuddjakt i \u00e5r:<\/p>\n<p class=\"_paragraph_1bvmi_4 _paragraph_xtcu6_10 layout-component text-serif-m layout-normal text-serif-m layout-padded\">\u2013 Det er en del m\u00e5nelys n\u00e5, og det gj\u00f8r at det ikke blir fullt s\u00e5 m\u00f8rkt som vi helst vil ha det. Jo m\u00f8rkere det er, jo flere stjerneskudd ser du. Men det er fortsatt en veldig fin natt for \u00e5 se det.<\/p>\n<p class=\"_paragraph_1bvmi_4 _paragraph_xtcu6_10 layout-component text-serif-m layout-normal text-serif-m layout-padded\">Stjerneskudd ble fanget p\u00e5 kamera under en kraftig meteorsverm i 2023: <\/p>\n","protected":false},"excerpt":{"rendered":"\u00c5rets mest popul\u00e6re meteorsverm n\u00e5r sitt h\u00f8ydepunkt natt til onsdag. Foto: CHRISTIAN BRUNA \/ EPA \/ NTB Oppdatert&hellip;\n","protected":false},"author":2,"featured_media":5366,"comment_status":"","ping_status":"","sticky":false,"template":"","format":"standard","meta":{"footnotes":""},"categories":[57],"tags":[1060,1296,1297,30,28,29,1295,65,63,64,66,70,69,67,68],"class_list":{"0":"post-5365","1":"post","2":"type-post","3":"status-publish","4":"format-standard","5":"has-post-thumbnail","7":"category-vitenskap-og-teknologi","8":"tag-himmel","9":"tag-himmelfenomen","10":"tag-meteor","11":"tag-no","12":"tag-norge","13":"tag-norway","14":"tag-perseidene","15":"tag-science","16":"tag-science-and-technology","17":"tag-scienceandtechnology","18":"tag-technology","19":"tag-teknologi","20":"tag-vitenskap","21":"tag-vitenskap-og-teknologi","22":"tag-vitenskapteknologi"},"share_on_mastodon":{"url":"","error":""},"_links":{"self":[{"href":"https:\/\/www.europesays.com\/no\/wp-json\/wp\/v2\/posts\/5365","targetHints":{"allow":["GET"]}}],"collection":[{"href":"https:\/\/www.europesays.com\/no\/wp-json\/wp\/v2\/posts"}],"about":[{"href":"https:\/\/www.europesays.com\/no\/wp-json\/wp\/v2\/types\/post"}],"author":[{"embeddable":true,"href":"https:\/\/www.europesays.com\/no\/wp-json\/wp\/v2\/users\/2"}],"replies":[{"embeddable":true,"href":"https:\/\/www.europesays.com\/no\/wp-json\/wp\/v2\/comments?post=5365"}],"version-history":[{"count":0,"href":"https:\/\/www.europesays.com\/no\/wp-json\/wp\/v2\/posts\/5365\/revisions"}],"wp:featuredmedia":[{"embeddable":true,"href":"https:\/\/www.europesays.com\/no\/wp-json\/wp\/v2\/media\/5366"}],"wp:attachment":[{"href":"https:\/\/www.europesays.com\/no\/wp-json\/wp\/v2\/media?parent=5365"}],"wp:term":[{"taxonomy":"category","embeddable":true,"href":"https:\/\/www.europesays.com\/no\/wp-json\/wp\/v2\/categories?post=5365"},{"taxonomy":"post_tag","embeddable":true,"href":"https:\/\/www.europesays.com\/no\/wp-json\/wp\/v2\/tags?post=5365"}],"curies":[{"name":"wp","href":"https:\/\/api.w.org\/{rel}","templated":true}]}}