{"id":53662,"date":"2025-10-06T08:16:07","date_gmt":"2025-10-06T08:16:07","guid":{"rendered":"https:\/\/www.europesays.com\/no\/53662\/"},"modified":"2025-10-06T08:16:07","modified_gmt":"2025-10-06T08:16:07","slug":"windows-skjuler-en-startknapp-funksjon-de-fa-som-kjenner-den-bruker-den-daglig","status":"publish","type":"post","link":"https:\/\/www.europesays.com\/no\/53662\/","title":{"rendered":"Windows skjuler en startknapp-funksjon: De f\u00e5 som kjenner den bruker den daglig"},"content":{"rendered":"<p>De fleste Windows-brukere kjenner Start-knappen som inngangen til programmer og s\u00f8k. F\u00e6rre vet at et h\u00f8yreklikk p\u00e5 knappen \u00e5pner en egen meny med direkte tilgang til sentrale systemfunksjoner. <\/p>\n<p>Denne s\u00e5kalte Power User-menyen har v\u00e6rt en del av Windows siden versjon 8 og er fremdeles en nyttig snarvei for b\u00e5de erfarne og vanlige brukere.<\/p>\n<p>Et h\u00f8yreklikk eller tastekombinasjonen [Windows] + [X] \u00e5pner menyen, som inneholder rundt 20 forskjellige valg. <\/p>\n<p>Her finner man blant annet Enhetsbehandling, Diskbehandling, Oppgavebehandling, Kommandolinje og innstillinger for str\u00f8m. <\/p>\n<p>P\u00e5 denne m\u00e5ten slipper man \u00e5 lete seg gjennom dype undermenyer og f\u00e5r i stedet rask tilgang til viktige verkt\u00f8y.<\/p>\n<p>Det skriver mediet <a href=\"https:\/\/www.chip.de\/news\/software\/versteckte-startbutton-funktion-in-windows-wer-sie-kennt-nutzt-sie-taeglich_4566b1fc-96e6-40c1-ab55-5dde12925aba.html\" target=\"_blank\" rel=\"noopener nofollow\">chip<\/a>.<\/p>\n<p>Et verkt\u00f8y for alle<\/p>\n<p>Navnet kan gi inntrykk av at funksjonen bare er for spesielt interesserte, men Power User-menyen er nyttig for alle som \u00f8nsker en raskere vei til systemets kjernefunksjoner. <\/p>\n<p>Skal man avslutte en prosess, endre innstillinger for maskinvare eller \u00e5pne kontrollpanelet, er menyen ofte den enkleste l\u00f8sningen.<\/p>\n<p>Innholdet kan variere litt mellom Windows-versjoner, men hensikten er den samme: \u00e5 tilby en rask og oversiktlig inngang til de mest sentrale funksjonene.<\/p>\n<p>Muligheter for tilpasning<\/p>\n<p>Microsoft gir ikke brukerne noen offisiell m\u00e5te \u00e5 endre innholdet i Power User-menyen p\u00e5. De som \u00f8nsker mer fleksibilitet, kan benytte tredjepartsprogrammer som Win+X Menu Editor. <\/p>\n<p>Med dette verkt\u00f8yet kan man legge til nye snarveier, fjerne lite brukte elementer eller endre rekkef\u00f8lgen p\u00e5 punktene.<\/p>\n<p>Tilpasningen krever en viss teknisk forst\u00e5else, men gir samtidig mulighet til \u00e5 skreddersy menyen slik at den passer bedre til egne behov.<\/p>\n<p>En ofte oversett snarvei<\/p>\n<p>Power User-menyen er et av de verkt\u00f8yene i Windows som altfor mange overser, selv om den kan gj\u00f8re hverdagen enklere. <\/p>\n<p>Den fungerer som en samlet inngang til systemets viktigste funksjoner og sparer tid n\u00e5r man skal justere innstillinger eller feils\u00f8ke.<\/p>\n<p>\u00c5 kjenne til denne snarveien er derfor en fordel for alle som \u00f8nsker en mer effektiv bruk av Windows.<\/p>\n","protected":false},"excerpt":{"rendered":"De fleste Windows-brukere kjenner Start-knappen som inngangen til programmer og s\u00f8k. F\u00e6rre vet at et h\u00f8yreklikk p\u00e5 knappen&hellip;\n","protected":false},"author":2,"featured_media":53663,"comment_status":"","ping_status":"","sticky":false,"template":"","format":"standard","meta":{"footnotes":""},"categories":[57],"tags":[30,28,29,65,63,64,66,70,69,67,68],"class_list":{"0":"post-53662","1":"post","2":"type-post","3":"status-publish","4":"format-standard","5":"has-post-thumbnail","7":"category-vitenskap-og-teknologi","8":"tag-no","9":"tag-norge","10":"tag-norway","11":"tag-science","12":"tag-science-and-technology","13":"tag-scienceandtechnology","14":"tag-technology","15":"tag-teknologi","16":"tag-vitenskap","17":"tag-vitenskap-og-teknologi","18":"tag-vitenskapteknologi"},"share_on_mastodon":{"url":"","error":""},"_links":{"self":[{"href":"https:\/\/www.europesays.com\/no\/wp-json\/wp\/v2\/posts\/53662","targetHints":{"allow":["GET"]}}],"collection":[{"href":"https:\/\/www.europesays.com\/no\/wp-json\/wp\/v2\/posts"}],"about":[{"href":"https:\/\/www.europesays.com\/no\/wp-json\/wp\/v2\/types\/post"}],"author":[{"embeddable":true,"href":"https:\/\/www.europesays.com\/no\/wp-json\/wp\/v2\/users\/2"}],"replies":[{"embeddable":true,"href":"https:\/\/www.europesays.com\/no\/wp-json\/wp\/v2\/comments?post=53662"}],"version-history":[{"count":0,"href":"https:\/\/www.europesays.com\/no\/wp-json\/wp\/v2\/posts\/53662\/revisions"}],"wp:featuredmedia":[{"embeddable":true,"href":"https:\/\/www.europesays.com\/no\/wp-json\/wp\/v2\/media\/53663"}],"wp:attachment":[{"href":"https:\/\/www.europesays.com\/no\/wp-json\/wp\/v2\/media?parent=53662"}],"wp:term":[{"taxonomy":"category","embeddable":true,"href":"https:\/\/www.europesays.com\/no\/wp-json\/wp\/v2\/categories?post=53662"},{"taxonomy":"post_tag","embeddable":true,"href":"https:\/\/www.europesays.com\/no\/wp-json\/wp\/v2\/tags?post=53662"}],"curies":[{"name":"wp","href":"https:\/\/api.w.org\/{rel}","templated":true}]}}