{"id":53720,"date":"2025-10-06T09:40:09","date_gmt":"2025-10-06T09:40:09","guid":{"rendered":"https:\/\/www.europesays.com\/no\/53720\/"},"modified":"2025-10-06T09:40:09","modified_gmt":"2025-10-06T09:40:09","slug":"iphone-17e-er-kanskje-ikke-verdt-a-vente-pa-og-dette-er-grunnen","status":"publish","type":"post","link":"https:\/\/www.europesays.com\/no\/53720\/","title":{"rendered":"iPhone 17e er kanskje ikke verdt \u00e5 vente p\u00e5 \u2013 og dette er grunnen"},"content":{"rendered":"<ul id=\"e6a4c356-ce8e-4ee0-aae9-5d376f50f504\">\n<li><strong>iPhone 17e kan f\u00e5 en 60Hz-skjerm<\/strong><\/li>\n<li><strong>Den kan ogs\u00e5 beholde det samme enkeltkameraet som forgjengeren<\/strong><\/li>\n<li><strong>Designet og brikken kan imidlertid oppgraderes<\/strong><\/li>\n<\/ul>\n<p id=\"7acf2ead-90a3-472a-bee3-366b8fdf587f\">iPhone 17-serien er n\u00e5 lansert, men en modell med samme navn kan likevel v\u00e6re underveis \u2013 det er sannsynlig at vi f\u00e5r se iPhone 17e neste \u00e5r. Men hvis du planlegger \u00e5 vente p\u00e5 Apples neste mellomklassemodell, burde du kanskje tenke deg grundig om.<\/p>\n<p>If\u00f8lge <a data-analytics-id=\"inline-link\" href=\"https:\/\/global.techradar.com\/no-no\/tag\/apple\" data-auto-tag-linker=\"true\" data-url=\"https:\/\/global.techradar.com\/no-no\/tag\/apple\" data-hl-processed=\"none\" data-before-rewrite-localise=\"https:\/\/global.techradar.com\/no-no\/tag\/apple\" rel=\"nofollow noopener\" target=\"_blank\">Apple<\/a>-ekspert Mark Gurman, som skriver i sitt nyhetsbrev Power On for <a data-analytics-id=\"inline-link\" href=\"https:\/\/www.bloomberg.com\/news\/newsletters\/2025-09-28\/apple-s-chatgpt-rival-m5-macbook-air-new-monitor-timing-ads-coming-to-maps-mg3ne6rw\" target=\"_blank\" data-url=\"https:\/\/www.bloomberg.com\/news\/newsletters\/2025-09-28\/apple-s-chatgpt-rival-m5-macbook-air-new-monitor-timing-ads-coming-to-maps-mg3ne6rw\" referrerpolicy=\"no-referrer-when-downgrade\" data-hl-processed=\"none\" rel=\"nofollow noopener\">Bloomberg<\/a> (via <a data-analytics-id=\"inline-link\" href=\"https:\/\/www.phonearena.com\/news\/iphone-17e-wont-be-as-good-as-iphone-16e_id174441\" target=\"_blank\" data-url=\"https:\/\/www.phonearena.com\/news\/iphone-17e-wont-be-as-good-as-iphone-16e_id174441\" referrerpolicy=\"no-referrer-when-downgrade\" data-hl-processed=\"none\" rel=\"nofollow noopener\">Phone Arena<\/a>), vil ikke iPhone 17e engang komme i n\u00e6rheten av \u00e5 matche den vanlige iPhone 17. Det er i kontrast til <a data-analytics-id=\"inline-link\" href=\"https:\/\/global.techradar.com\/no-no\/phones\/iphone\/test-iphone-16e\" target=\"_blank\" data-url=\"https:\/\/global.techradar.com\/no-no\/phones\/iphone\/test-iphone-16e\" data-hl-processed=\"none\" data-before-rewrite-localise=\"https:\/\/global.techradar.com\/no-no\/phones\/iphone\/test-iphone-16e\" rel=\"nofollow noopener\">iPhone 16e<\/a>, som i det minste hadde en lignende skjerm og samme prosessorbrikke som iPhone 16.<\/p>\n<p>Med iPhone 17e ser det imidlertid ut til at vi m\u00e5 n\u00f8ye oss med en 60Hz-skjerm, i stedet for 120Hz-panelet som finnes i iPhone 17. iPhone 17e vil angivelig ogs\u00e5 f\u00e5 det samme 48MP enkeltlinse-hovedkameraet som iPhone 16e.<\/p>\n<p>Du kan like<\/p>\n<p class=\"vanilla-image-block\" style=\"padding-top:56.25%;\">\n<p><img decoding=\"async\" src=\"https:\/\/www.europesays.com\/no\/wp-content\/uploads\/2025\/10\/5STpyXCTUXH5NtmuqTHdy4.jpg\" alt=\"Apple iPhone 16e\"   loading=\"lazy\" data-new-v2-image=\"true\" data-original-mos=\"https:\/\/www.europesays.com\/no\/wp-content\/uploads\/2025\/10\/5STpyXCTUXH5NtmuqTHdy4.jpg\" data-pin-media=\"https:\/\/www.europesays.com\/no\/wp-content\/uploads\/2025\/10\/5STpyXCTUXH5NtmuqTHdy4.jpg\"\/>\n<\/p>\n<p>iPhone 16e var et overbevisende alternativ til iPhone 16. (Image credit: Future \/ Lance Ulanoff)<a id=\"elk-741324a2-2e9b-469e-b3be-1b99958e71ba\" href=\"\" data-url=\"\" target=\"_blank\" referrerpolicy=\"no-referrer-when-downgrade\" data-hl-processed=\"none\"\/>Mer kraft og nytt utseende<a id=\"elk-seasonal\" href=\"\" data-url=\"\" target=\"_blank\" referrerpolicy=\"no-referrer-when-downgrade\" data-hl-processed=\"none\"\/><\/p>\n<p id=\"4a715790-c261-43f3-839a-7229094ebd4d-0\">Hva blir forbedret? If\u00f8lge lekkasjen vil iPhone 17e ligne mer p\u00e5 iPhone 16, noe som betyr at Dynamic Island vil erstatte den gamle utstansingen som var p\u00e5 iPhone 16e. Den vil ogs\u00e5 v\u00e6re drevet av A19-brikken, noe som kan bety at den vil matche iPhone 17 i ytelse.<\/p>\n<p>Til tross for dette, med sin enklere skjerm og enkeltkamera p\u00e5 baksiden, kan den f\u00f8les som en mindre attraktiv modell. Men det ser ut til \u00e5 v\u00e6re et bevisst trekk fra Apple, som angivelig \u00f8nsker \u00e5 differensiere iPhone 17 og iPhone 17e tydeligere enn de gjorde mellom iPhone 16 og iPhone 16e.<\/p>\n<p>P\u00e5 denne m\u00e5ten vil iPhone 17e bli et mer \u00e5penbart budsjettalternativ, mens iPhone 17 kan forbli det \u00e5penbare valget for de som kan betale litt mer \u2013 og som \u00f8nsker \u00e5 f\u00e5 mest mulig ut av telefonen sin.<\/p>\n<p>Ingenting av dette er bekreftet enn\u00e5, men Mark Gurman har en utmerket merittliste n\u00e5r det gjelder Apple-lekkasjer, s\u00e5 det er god grunn til \u00e5 tro at informasjonen er n\u00f8yaktig \u2013 spesielt siden den stemmer overens med <a data-analytics-id=\"inline-link\" href=\"https:\/\/www.techradar.com\/phones\/iphone\/the-iphone-17e-could-get-these-3-upgrades-according-to-new-leak-including-the-super-useful-dynamic-island\" target=\"_blank\" rel=\"nofollow noopener\">tidligere rykter om iPhone 17e<\/a>.<\/p>\n<p class=\"newsletter-form__strapline\">Registrer deg for siste nytt, anmeldelser, meninger, toppteknologiske tilbud og mer.<\/p>\n<p>Vi f\u00e5r imidlertid ikke offisielle spesifikasjoner med det f\u00f8rste. iPhone 16e ble lansert i februar, men <a data-analytics-id=\"inline-link\" href=\"https:\/\/www.techradar.com\/phones\/iphone\/new-iphone-17e-leak-suggests-well-get-a-new-model-every-year-heres-when-to-expect-it-and-what-we-want-to-see\" target=\"_blank\" rel=\"nofollow noopener\">den eneste lekkede tidslinjen for iPhone 17e<\/a> peker mot en lansering i mai.<\/p>\n<p><a id=\"elk-98c77320-4a3f-4770-944b-c8c8e4391b39\" href=\"\" data-url=\"\" target=\"_blank\" referrerpolicy=\"no-referrer-when-downgrade\" data-hl-processed=\"none\"\/><\/p>\n<p>Dagens b\u00e4sta priser p\u00e5 iPhone 17-serien<\/p>\n<p><a id=\"elk-videre-lesning\" href=\"\" data-url=\"\" target=\"_blank\" referrerpolicy=\"no-referrer-when-downgrade\" data-hl-processed=\"none\"\/>Videre lesning<\/p>\n","protected":false},"excerpt":{"rendered":"iPhone 17e kan f\u00e5 en 60Hz-skjerm Den kan ogs\u00e5 beholde det samme enkeltkameraet som forgjengeren Designet og brikken&hellip;\n","protected":false},"author":2,"featured_media":53721,"comment_status":"","ping_status":"","sticky":false,"template":"","format":"standard","meta":{"footnotes":""},"categories":[57],"tags":[30,28,29,65,63,64,66,70,69,67,68],"class_list":{"0":"post-53720","1":"post","2":"type-post","3":"status-publish","4":"format-standard","5":"has-post-thumbnail","7":"category-vitenskap-og-teknologi","8":"tag-no","9":"tag-norge","10":"tag-norway","11":"tag-science","12":"tag-science-and-technology","13":"tag-scienceandtechnology","14":"tag-technology","15":"tag-teknologi","16":"tag-vitenskap","17":"tag-vitenskap-og-teknologi","18":"tag-vitenskapteknologi"},"share_on_mastodon":{"url":"","error":""},"_links":{"self":[{"href":"https:\/\/www.europesays.com\/no\/wp-json\/wp\/v2\/posts\/53720","targetHints":{"allow":["GET"]}}],"collection":[{"href":"https:\/\/www.europesays.com\/no\/wp-json\/wp\/v2\/posts"}],"about":[{"href":"https:\/\/www.europesays.com\/no\/wp-json\/wp\/v2\/types\/post"}],"author":[{"embeddable":true,"href":"https:\/\/www.europesays.com\/no\/wp-json\/wp\/v2\/users\/2"}],"replies":[{"embeddable":true,"href":"https:\/\/www.europesays.com\/no\/wp-json\/wp\/v2\/comments?post=53720"}],"version-history":[{"count":0,"href":"https:\/\/www.europesays.com\/no\/wp-json\/wp\/v2\/posts\/53720\/revisions"}],"wp:featuredmedia":[{"embeddable":true,"href":"https:\/\/www.europesays.com\/no\/wp-json\/wp\/v2\/media\/53721"}],"wp:attachment":[{"href":"https:\/\/www.europesays.com\/no\/wp-json\/wp\/v2\/media?parent=53720"}],"wp:term":[{"taxonomy":"category","embeddable":true,"href":"https:\/\/www.europesays.com\/no\/wp-json\/wp\/v2\/categories?post=53720"},{"taxonomy":"post_tag","embeddable":true,"href":"https:\/\/www.europesays.com\/no\/wp-json\/wp\/v2\/tags?post=53720"}],"curies":[{"name":"wp","href":"https:\/\/api.w.org\/{rel}","templated":true}]}}