{"id":5373,"date":"2025-08-11T19:41:09","date_gmt":"2025-08-11T19:41:09","guid":{"rendered":"https:\/\/www.europesays.com\/no\/5373\/"},"modified":"2025-08-11T19:41:09","modified_gmt":"2025-08-11T19:41:09","slug":"sylvi-listhaug-trykket-ikke-pa-statsministerknapp","status":"publish","type":"post","link":"https:\/\/www.europesays.com\/no\/5373\/","title":{"rendered":"Sylvi Listhaug trykket ikke p\u00e5 statsministerknapp"},"content":{"rendered":"\n<p class=\"_lead_1bvmi_2 _lead_xtcu6_50 layout-component text-serif-m layout-normal text-serif-l layout-component layout-wide layout-padded _wide_17hqh_1 layout-padded\">Det er mindre enn \u00e9n m\u00e5ned igjen f\u00f8r valget og partilederne er samlet til debatt. <\/p>\n<p> <img class=\"_image_qp4xg_65 layout-component layout-wide\" data-fullscreen- data-track-element-type=\"Article image fullscreen\" data-track-name=\"ImageFullscreen\" fetchpriority=\"high\" decoding=\"sync\" loading=\"eager\" height=\"102\" itemprop=\"image\"  src=\"https:\/\/www.europesays.com\/no\/wp-content\/uploads\/2025\/08\/15b5d7ae2d0979dacb0243360e0d10da.jpg\"  style=\"object-position:50% 50%;aspect-ratio:1.75;height:auto;object-fit:cover;width:100%\" width=\"102\"\/>  Rapporterer fra Arendal Oppdatert mandag 11. august kl. 21:39     <\/p>\n<p class=\"_paragraph_1bvmi_4 _paragraph_xtcu6_10 layout-component text-serif-m layout-normal text-serif-m layout-padded\">Debatten startet med at partilederne ble spurt hvem som er statsministerkandidat. <\/p>\n<p class=\"_paragraph_1bvmi_4 _paragraph_xtcu6_10 layout-component text-serif-m layout-normal text-serif-m layout-padded\">Kun Jonas Gahr St\u00f8re (Ap) og Erna Solberg (H) trykket p\u00e5 knappen, som talerstolene er utstyrt med. Frp-leder Sylvi Listhaug forholdt seg i ro. <\/p>\n<p class=\"_paragraph_1bvmi_4 _paragraph_xtcu6_10 layout-component text-serif-m layout-normal text-serif-m layout-padded\">Hun ble spurt av Fredrik Solvang om hvorfor det var s\u00e5 vanskelig for henne \u00e5 si ja eller nei.<\/p>\n<p class=\"_paragraph_1bvmi_4 _paragraph_xtcu6_10 layout-component text-serif-m layout-normal text-serif-m layout-padded\">\u2013 Jeg tror det er journalistene som kl\u00f8r seg i hodet. Velgerne har skj\u00f8nt det, sier Listhaug. <\/p>\n<p class=\"_paragraph_1bvmi_4 _paragraph_xtcu6_10 layout-component text-serif-m layout-normal text-serif-m layout-padded\">Hun sier at det er naturlig at det st\u00f8rste partiet f\u00e5r statsministeren. Frp har v\u00e6rt det st\u00f8rste partiet p\u00e5 meningsm\u00e5lingene p\u00e5 h\u00f8yresiden i mange m\u00e5neder.<\/p>\n<p class=\"_paragraph_1bvmi_4 _paragraph_xtcu6_10 layout-component text-serif-m layout-normal text-serif-m layout-padded\">Listhaug ble utfordret p\u00e5 hvor hun skal f\u00e5 penger til \u00e5 <a href=\"https:\/\/www.vg.no\/nyheter\/i\/RzV32d\/stoltenberg-ut-mot-listhaugs-budsjett-uansvarlig\" data-track-element-type=\"Link\" data-track-id=\"link:RzV32d\" class=\"_link_1bvmi_39\" rel=\"nofollow noopener\" target=\"_blank\">kutte 150 milliarder kroner<\/a> i skatter og avgifter. Dette tallet har Ap-regjeringen regnet ut at Frp-kuttene vil koste \u2013 og Listhaug bestrider ikke tallene.<\/p>\n<p class=\"_paragraph_1bvmi_4 _paragraph_xtcu6_10 layout-component text-serif-m layout-normal text-serif-m layout-padded\">\u2013 Vi erkjenner at dette ikke g\u00e5r an \u00e5 gjennomf\u00f8re p\u00e5 ett \u00e5r. Kanskje g\u00e5r det ikke p\u00e5 fire \u00e5r. Men vi vil komme godt i gang, sier Listhaug. <\/p>\n<p>Gikk i strupen <\/p>\n<p class=\"_paragraph_1bvmi_4 _paragraph_xtcu6_10 layout-component text-serif-m layout-normal text-serif-m layout-padded\">Ap-leder og statsminister Jonas Gahr St\u00f8re ble utfordret av programlederne p\u00e5 fattigdom i Norge. <\/p>\n<p class=\"_paragraph_1bvmi_4 _paragraph_xtcu6_10 layout-component text-serif-m layout-normal text-serif-m layout-padded\">I forlengelse av det angrep Listhaug ham for \u00f8kte skatter og feil prioriteringer av statens penger, som <a href=\"https:\/\/www.vg.no\/nyheter\/i\/EyGjK2\/sylvi-listhaug-vil-stanse-statlige-subsidier-til-morrow\" data-track-element-type=\"Link\" data-track-id=\"link:EyGjK2\" class=\"_link_1bvmi_39\" rel=\"nofollow noopener\" target=\"_blank\">subsidieringen av Morrow batterifabrikk<\/a>. <\/p>\n<p class=\"_paragraph_1bvmi_4 _paragraph_xtcu6_10 layout-component text-serif-m layout-normal text-serif-m layout-padded\">\u2013 Det er visjonsl\u00f8st det St\u00f8re holder p\u00e5 med. Han skal bare fortsette som i dag, vi skal isteden overlate dette landet bedre til neste generasjon, sa hun. <\/p>\n<p><img alt=\"Foto: G\u00f8ran Bohlin \/ VG\" class=\"_image_qp4xg_65 layout-component layout-normal\" data-fullscreen- data-track-element-type=\"Article image fullscreen\" data-track-name=\"ImageFullscreen\" decoding=\"async\" loading=\"lazy\" height=\"5504\" itemprop=\"image\"  src=\"https:\/\/www.europesays.com\/no\/wp-content\/uploads\/2025\/08\/27c457e8-da29-4797-8e55-143852648fb2\"  style=\"object-position:0% 0%\" width=\"8256\"\/>Foto: G\u00f8ran Bohlin \/ VG<\/p>\n<p class=\"_paragraph_1bvmi_4 _paragraph_xtcu6_10 layout-component text-serif-m layout-normal text-serif-m layout-padded\">St\u00f8re svarte med \u00e5 p\u00e5peke at Frp n\u00e5 er st\u00f8rst p\u00e5 m\u00e5lingene og at alternativet n\u00e5 er det han kaller en \u00abFremskrittsparti-dominerert H\u00f8yre-regjering\u00bb.<\/p>\n<p class=\"_paragraph_1bvmi_4 _paragraph_xtcu6_10 layout-component text-serif-m layout-normal text-serif-m layout-padded\">\u2013 Ingenting av det Sylvi Listhaug sa her treffer disse fattige familiene. De g\u00e5r til valg p\u00e5 150 milliarder kroner i kutt, H\u00f8yre skal kutte 60 milliarder. Det er oppskrift p\u00e5 at renta g\u00e5r opp, sier St\u00f8re. <\/p>\n<p>Tippet gratis-tall<\/p>\n<p class=\"_paragraph_1bvmi_4 _paragraph_xtcu6_10 layout-component text-serif-m layout-normal text-serif-m layout-padded\">R\u00f8dt-leder Marie Sneve Martinussen ble utfordret p\u00e5 hvor mye hun vil \u00f8ke skattene \u2013 og hvor mange ganger de hadde brukt ordet gratis i partiprogrammet.<\/p>\n<p class=\"_paragraph_1bvmi_4 _paragraph_xtcu6_10 layout-component text-serif-m layout-normal text-serif-m layout-padded\">\u2013 Gjett da! <\/p>\n<p class=\"_paragraph_1bvmi_4 _paragraph_xtcu6_10 layout-component text-serif-m layout-normal text-serif-m layout-padded\">\u2013 Nei, 28 kanskje, sier Martinussen.<\/p>\n<p class=\"_paragraph_1bvmi_4 _paragraph_xtcu6_10 layout-component text-serif-m layout-normal text-serif-m layout-padded\">\u2013 32, svarte Solvang. <\/p>\n<p class=\"_paragraph_1bvmi_4 _paragraph_xtcu6_10 layout-component text-serif-m layout-normal text-serif-m layout-padded\">\u2013 Det var ganske n\u00e6rme da, sa hun til latter fra salen. <\/p>\n<p><img alt=\"FIKK APPLAUS: Marie Sneve Martinussen h\u00f8stet latter da hun nesten tippet riktig da hun skulle si hvor mange ganger de brukte gratis i partiprogrammet.  Foto: G\u00f8ran Bohlin \/ VG\" class=\"_image_qp4xg_65 layout-component layout-normal\" data-fullscreen- data-track-element-type=\"Article image fullscreen\" data-track-name=\"ImageFullscreen\" decoding=\"async\" loading=\"lazy\" height=\"5504\" itemprop=\"image\"  src=\"https:\/\/www.europesays.com\/no\/wp-content\/uploads\/2025\/08\/7be54c7f-9e91-464a-aeb9-3479bebe43aa\"  style=\"object-position:0% 0%\" width=\"8256\"\/>FIKK APPLAUS: Marie Sneve Martinussen h\u00f8stet latter da hun nesten tippet riktig da hun skulle si hvor mange ganger de brukte gratis i partiprogrammet.  Foto: G\u00f8ran Bohlin \/ VGUnder \u00e9n m\u00e5ned igjen<\/p>\n<p class=\"_paragraph_1bvmi_4 _paragraph_xtcu6_10 layout-component text-serif-m layout-normal text-serif-m layout-padded\"><a href=\"https:\/\/www.vg.no\/tag\/partilederdebatten?utm_source=vg-article&amp;utm_medium=auto-tagger&amp;utm_campaign=wgWK2M\" class=\"_link_1bvmi_39\" rel=\"nofollow noopener\" target=\"_blank\">Partilederdebatten<\/a> i Arendalsuka setter for alvor i gang den intense delen av valgkampen.<\/p>\n<p class=\"_paragraph_1bvmi_4 _paragraph_xtcu6_10 layout-component text-serif-m layout-normal text-serif-m layout-padded\">Om bare 28 dager er velgernes siste mulighet til \u00e5 bestemme hvem som skal styre Norge de neste fire \u00e5rene. P\u00e5 valgkvelden den 8. september blir resultatet av stortingsvalget klart. <\/p>\n<p class=\"_paragraph_1bvmi_4 _paragraph_xtcu6_10 layout-component text-serif-m layout-normal text-serif-m layout-padded\">NRKs partilederdebatt foreg\u00e5r i Kulturhuset i Arendal. Den ledes i \u00e5r av Fredrik Solvang og Ingerid Stenvold. <\/p>\n","protected":false},"excerpt":{"rendered":"Det er mindre enn \u00e9n m\u00e5ned igjen f\u00f8r valget og partilederne er samlet til debatt. Rapporterer fra Arendal&hellip;\n","protected":false},"author":2,"featured_media":5374,"comment_status":"","ping_status":"","sticky":false,"template":"","format":"standard","meta":{"footnotes":""},"categories":[10],"tags":[20,21,24,25,15,22,23,13,30,28,281,29,14,16,1303,199,26,27,205],"class_list":{"0":"post-5373","1":"post","2":"type-post","3":"status-publish","4":"format-standard","5":"has-post-thumbnail","7":"category-norge","8":"tag-breaking-news","9":"tag-breakingnews","10":"tag-featured-news","11":"tag-featurednews","12":"tag-headlines","13":"tag-latest-news","14":"tag-latestnews","15":"tag-news","16":"tag-no","17":"tag-norge","18":"tag-norsk-politikk","19":"tag-norway","20":"tag-nyheter","21":"tag-overskrifter","22":"tag-partilederdebatten","23":"tag-stortingsvalg","24":"tag-top-stories","25":"tag-topstories","26":"tag-vgsamfunn"},"share_on_mastodon":{"url":"","error":""},"_links":{"self":[{"href":"https:\/\/www.europesays.com\/no\/wp-json\/wp\/v2\/posts\/5373","targetHints":{"allow":["GET"]}}],"collection":[{"href":"https:\/\/www.europesays.com\/no\/wp-json\/wp\/v2\/posts"}],"about":[{"href":"https:\/\/www.europesays.com\/no\/wp-json\/wp\/v2\/types\/post"}],"author":[{"embeddable":true,"href":"https:\/\/www.europesays.com\/no\/wp-json\/wp\/v2\/users\/2"}],"replies":[{"embeddable":true,"href":"https:\/\/www.europesays.com\/no\/wp-json\/wp\/v2\/comments?post=5373"}],"version-history":[{"count":0,"href":"https:\/\/www.europesays.com\/no\/wp-json\/wp\/v2\/posts\/5373\/revisions"}],"wp:featuredmedia":[{"embeddable":true,"href":"https:\/\/www.europesays.com\/no\/wp-json\/wp\/v2\/media\/5374"}],"wp:attachment":[{"href":"https:\/\/www.europesays.com\/no\/wp-json\/wp\/v2\/media?parent=5373"}],"wp:term":[{"taxonomy":"category","embeddable":true,"href":"https:\/\/www.europesays.com\/no\/wp-json\/wp\/v2\/categories?post=5373"},{"taxonomy":"post_tag","embeddable":true,"href":"https:\/\/www.europesays.com\/no\/wp-json\/wp\/v2\/tags?post=5373"}],"curies":[{"name":"wp","href":"https:\/\/api.w.org\/{rel}","templated":true}]}}