{"id":53810,"date":"2025-10-06T12:32:09","date_gmt":"2025-10-06T12:32:09","guid":{"rendered":"https:\/\/www.europesays.com\/no\/53810\/"},"modified":"2025-10-06T12:32:09","modified_gmt":"2025-10-06T12:32:09","slug":"det-smalt-i-leggen-underveis","status":"publish","type":"post","link":"https:\/\/www.europesays.com\/no\/53810\/","title":{"rendered":"\u2013 Det smalt i leggen underveis"},"content":{"rendered":"\n<p class=\"_lead_1994c_2 _lead_xtcu6_50 layout-component text-serif-m layout-normal text-serif-l layout-component layout-wide layout-padded _wide_17hqh_1 layout-padded\">Mandag morgen fikk Cecilia Br\u00e6khus (44) et signal om at det var riktig tidspunkt \u00e5 avslutte boksekarrieren. <\/p>\n<p><img alt=\"LIKE BLID: Cecilia Br\u00e6khus f\u00e5r hjelp med \u00e5 tilpasse krykkene. Leggskaden bekymrer henne ikke like mye som den ville gjort dersom hun fortsatt var aktiv.  Foto: Privat\" class=\"_image_qp4xg_65 layout-component layout-wide\" data-fullscreen- data-track-element-type=\"Article image fullscreen\" data-track-name=\"ImageFullscreen\" fetchpriority=\"high\" decoding=\"sync\" loading=\"eager\" height=\"1409\" itemprop=\"image\"  src=\"https:\/\/www.europesays.com\/no\/wp-content\/uploads\/2025\/10\/58891d1d-6989-453f-854c-244371d676b4\"  style=\"object-position:53.02734375% 33.569907735982966%\" width=\"1536\"\/>LIKE BLID: Cecilia Br\u00e6khus f\u00e5r hjelp med \u00e5 tilpasse krykkene. Leggskaden bekymrer henne ikke like mye som den ville gjort dersom hun fortsatt var aktiv.  Foto: Privat<\/p>\n<ul aria-hidden=\"true\" class=\"_images_1y6fe_106\">\n<li><a class=\"_link_1y6fe_111\" href=\"https:\/\/www.vg.no\/forfatter\/per-opsahl\" style=\"z-index:1\" title=\"Per Opsahl\" rel=\"nofollow noopener\" target=\"_blank\"><img alt=\"Bilde av Per Opsahl\" class=\"_image_1y6fe_88\" fetchpriority=\"low\" loading=\"lazy\" decoding=\"async\" itemprop=\"image\"  src=\"https:\/\/www.europesays.com\/no\/wp-content\/uploads\/2025\/10\/1759753928_74_66d2bf0a-e0a8-491f-ade2-e848104671c4\"  width=\"480\"\/><\/a><\/li>\n<\/ul>\n<p> Oppdatert mandag 6. oktober kl. 14:05    <\/p>\n<ul class=\"_list_1994c_3 _list_64s2r_85 _unordered_1994c_105 text-sans-m\">\n<li class=\"_item_1994c_30\">Cecilia Br\u00e6khus har avsluttet sin boksekarrieren.<\/li>\n<li class=\"_item_1994c_30\">N\u00e5 venter hun p\u00e5 MR-unders\u00f8kelse for skade i akillessenen.<\/li>\n<li class=\"_item_1994c_30\">Hun betrakter skaden som en bekreftelse p\u00e5 at det var riktig tidspunkt \u00e5 gi seg.<\/li>\n<li class=\"_item_1994c_30\">Br\u00e6khus vant sin siste kamp og sikret to VM-belter i super weltervekt.<\/li>\n<\/ul>\n<p>Vis mer <\/p>\n<p class=\"_paragraph_1994c_4 _paragraph_xtcu6_10 layout-component text-serif-m layout-normal text-serif-m layout-padded\">Mens hun venter p\u00e5 en MR-unders\u00f8kelse for \u00e5 finne ut hvor omfattende skaden i den h\u00f8yre leggen er, har hun f\u00e5tt utdelt krykker p\u00e5 Volvat Majorstuen. <\/p>\n<p class=\"_paragraph_1994c_4 _paragraph_xtcu6_10 layout-component text-serif-m layout-normal text-serif-m layout-padded\">\u2013 Er dette en bekreftelse p\u00e5 at det var riktig \u00e5 legge opp n\u00e5? <\/p>\n<p class=\"_paragraph_1994c_4 _paragraph_xtcu6_10 layout-component text-serif-m layout-normal text-serif-m layout-padded\">\u2013 Haha, ja! Normalt ville dette v\u00e6rt helt krise, og skapt bekymring for neste kamp. N\u00e5 kan jeg egentlig bare ta det som det kommer uten at det er krise, sier Br\u00e6khus til VG. <\/p>\n<ul class=\"_list_1994c_3 _list_xtcu6_9 _unordered_1994c_105 layout-component text-serif-m layout-normal text-serif-m layout-padded\">\n<li class=\"_item_1994c_30\"><strong class=\"_strong_1994c_25\">Les ogs\u00e5: <a href=\"https:\/\/www.vg.no\/sport\/i\/8qr6oW\/cecilia-braekhus-etter-avskjedskampen-jeg-gir-meg-mens-leken-er-god\" data-track-element-type=\"Link\" data-track-id=\"link:8qr6oW\" class=\"_link_1994c_39\" rel=\"nofollow noopener\" target=\"_blank\">\u2013 Jeg gir meg mens leken er god<\/a><\/strong><\/li>\n<\/ul>\n<p class=\"_paragraph_1994c_4 _paragraph_xtcu6_10 layout-component text-serif-m layout-normal text-serif-m layout-padded\">VG har sett legens vurdering av skaden, som beskrives slik:<\/p>\n<p class=\"_paragraph_1994c_4 _paragraph_xtcu6_10 layout-component text-serif-m layout-normal text-serif-m layout-padded\">\u00abMistenker kronisk tendinopato med akutt forverring i partiell ruptur i overgang achillesen\/gastrocnemicus.\u00bb<\/p>\n<p class=\"_paragraph_1994c_4 _paragraph_xtcu6_10 layout-component text-serif-m layout-normal text-serif-m layout-padded\">Det er med andre ord mistanke om at en langvarig overbelastningsskade i akillessenen er forverret. Det er sannsynligvis en delvis avrivning der akillessenen m\u00f8ter leggmuskelen.<\/p>\n<p class=\"_paragraph_1994c_4 _paragraph_xtcu6_10 layout-component text-serif-m layout-normal text-serif-m layout-padded\">\u2013 N\u00e5 f\u00e5r vi bare se hva MR-bildene viser. Jeg f\u00e5r svar om et par dager, sier Br\u00e6khus og legger til: <\/p>\n<p class=\"_paragraph_1994c_4 _paragraph_xtcu6_10 layout-component text-serif-m layout-normal text-serif-m layout-padded\">\u2013 Jeg krysser fingrene for at dette ikke m\u00e5 opereres.<\/p>\n<p><img alt=\"AVSLUTTET MED STIL: Cecilia Br\u00e6khus treffer med en \u00abrett venstre\u00bb p\u00e5 Ema Kozin.   Foto: Bj\u00f8rn S. Delebekk \/ VG\" class=\"_image_qp4xg_65 layout-component layout-normal\" data-fullscreen- data-track-element-type=\"Article image fullscreen\" data-track-name=\"ImageFullscreen\" decoding=\"async\" loading=\"lazy\" height=\"2560\" itemprop=\"image\"  src=\"https:\/\/www.europesays.com\/no\/wp-content\/uploads\/2025\/10\/10e56457-f144-48f6-a780-c02a92800073\"  style=\"object-position:41.380208333333336% 36.6796875%\" width=\"3840\"\/>AVSLUTTET MED STIL: Cecilia Br\u00e6khus treffer med en \u00abrett venstre\u00bb p\u00e5 Ema Kozin.   Foto: Bj\u00f8rn S. Delebekk \/ VG<\/p>\n<p class=\"_paragraph_1994c_4 _paragraph_xtcu6_10 layout-component text-serif-m layout-normal text-serif-m layout-padded\">Skaden merket hun godt underveis i l\u00f8rdagens kamp \u2013 den siste i karrieren til boksedronningen. <\/p>\n<p class=\"_paragraph_1994c_4 _paragraph_xtcu6_10 layout-component text-serif-m layout-normal text-serif-m layout-padded\">\u2013 Det smalt i leggen underveis i kampen, men da var jeg s\u00e5 full av adrenalin. Jeg tenkte ikke s\u00e5 mye mer over det, sier Br\u00e6khus. <\/p>\n<p class=\"_paragraph_1994c_4 _paragraph_xtcu6_10 layout-component text-serif-m layout-normal text-serif-m layout-padded\"><strong class=\"_strong_1994c_25\">VG+: <a href=\"https:\/\/www.vg.no\/sport\/i\/3Mr1jA\/cecilia-braekhus-forteller-mer-om-samboeren-og-sammenligner-avskjeden-med-kjaerstebrudd\" data-track-element-type=\"Link\" data-track-id=\"link:3Mr1jA\" class=\"_link_1994c_39\" rel=\"nofollow noopener\" target=\"_blank\">Br\u00e6khus om fremtidsplanene og den \u00abhemmelige samboeren\u00bb<\/a><\/strong><\/p>\n<p class=\"_paragraph_1994c_4 _paragraph_xtcu6_10 layout-component text-serif-m layout-normal text-serif-m layout-padded\">Heller ikke s\u00f8ndag merket hun noe spesielt, for da tok hun det sv\u00e6rt rolig. <\/p>\n<p class=\"_paragraph_1994c_4 _paragraph_xtcu6_10 layout-component text-serif-m layout-normal text-serif-m layout-padded\">\u2013 Dagen etter kamp er man uansett ganske m\u00f8rbanket, og jeg beveget meg ikke s\u00e5 mye, forklarer Br\u00e6khus. <\/p>\n<p class=\"_paragraph_1994c_4 _paragraph_xtcu6_10 layout-component text-serif-m layout-normal text-serif-m layout-padded\">Kvelden i forveien <a href=\"https:\/\/www.vg.no\/sport\/i\/XjvgLg\/cecilia-braekhus-slo-ema-kozin-i-avslutningskampen\" data-track-element-type=\"Link\" data-track-id=\"link:XjvgLg\" class=\"_link_1994c_39\" rel=\"nofollow noopener\" target=\"_blank\">hadde hun g\u00e5tt ti runder mot slovenske Ema Kozin<\/a> i Nova Spektrum Lillestr\u00f8m. <\/p>\n<p><img alt=\"Foto: Bj\u00f8rn S. Delebekk \/ VG\" class=\"_image_qp4xg_65 layout-component layout-normal\" data-fullscreen- data-track-element-type=\"Article image fullscreen\" data-track-name=\"ImageFullscreen\" decoding=\"async\" loading=\"lazy\" height=\"3840\" itemprop=\"image\"  src=\"https:\/\/www.europesays.com\/no\/wp-content\/uploads\/2025\/10\/eef6d242-ddef-4741-9d0f-e90bd1661c13\"  style=\"object-position:0% 0%\" width=\"3519\"\/>Foto: Bj\u00f8rn S. Delebekk \/ VG<\/p>\n<p class=\"_paragraph_1994c_4 _paragraph_xtcu6_10 layout-component text-serif-m layout-normal text-serif-m layout-padded\">Den klare poengseieren s\u00f8rget for at Br\u00e6khus kunne juble over to VM-belter i super weltervekt.<\/p>\n<p class=\"_paragraph_1994c_4 _paragraph_xtcu6_10 layout-component text-serif-m layout-normal text-serif-m layout-padded\"> Et perfekt punktum etter den aller siste kampen i en lang og historisk karriere. <\/p>\n<p class=\"_paragraph_1994c_4 _paragraph_xtcu6_10 layout-component text-serif-m layout-normal text-serif-m layout-padded\">Det var f\u00f8rst mandag morgen skaden virkelig slo til. 44-\u00e5ringen var tidlig oppe for \u00e5 v\u00e6re med i et NRK-intervju, og etterp\u00e5 fikk hun store smerter. <\/p>\n<p class=\"_paragraph_1994c_4 _paragraph_xtcu6_10 layout-component text-serif-m layout-normal text-serif-m layout-padded\">\u2013 Hvor vondt er det n\u00e5?<\/p>\n<p class=\"_paragraph_1994c_4 _paragraph_xtcu6_10 layout-component text-serif-m layout-normal text-serif-m layout-padded\">\u2013 Jeg har h\u00f8y smerteteterskel, men n\u00e5 er det s\u00e5pass vondt at jeg ikke klarer \u00e5 g\u00e5. Adrenalinet er borte, for \u00e5 si det s\u00e5nn, sier Br\u00e6khus. <\/p>\n<p>Cecilia Carmen Linda Br\u00e6khus<\/p>\n<ul class=\"_list_1994c_3 _list_xtcu6_9 _list_16v91_9 _unordered_1994c_105 layout-component text-serif-m layout-normal text-sans-m layout-padded\">\n<li class=\"_item_1994c_30\">F\u00f8dt: 28. september 1981 (44 \u00e5r).<\/li>\n<li class=\"_item_1994c_30\">Kallenavn: \u00abThe First Lady\u00bb.<\/li>\n<li class=\"_item_1994c_30\">H\u00f8yde 171 cm<\/li>\n<li class=\"_item_1994c_30\">Proffstatistikk: 39 seirer (9 KO) \u2013 \u00e9n uavgjort \u2013 to tap.<\/li>\n<li class=\"_item_1994c_30\">Hadde en solid amat\u00f8rkarriere med EM-s\u00f8lv, EM-gull og VM-s\u00f8lv.<\/li>\n<li class=\"_item_1994c_30\">Debuterte som proffbokser i januar 2007.<\/li>\n<li class=\"_item_1994c_30\">Tok sine to f\u00f8rste VM-titler (WBA, WBC) i weltervekt i mars 2009 da hun slo danske Vinni Skovgaard p\u00e5 poeng i sin syvende proffkamp.<\/li>\n<li class=\"_item_1994c_30\">Tok sin tredje tittel (WBO) mot amerikanske Victoria Cisneros i mai 2010.<\/li>\n<li class=\"_item_1994c_30\">Fikk prisen \u00ab\u00c5rets idrettsnavn\u00bb p\u00e5 Idrettsgallaen i 2013. Det var spesielt ettersom proffboksing p\u00e5 det tidspunktet var forbudt i Norge.<\/li>\n<li class=\"_item_1994c_30\">Den fjerde store tittelen (IBF) tok hun fra Ivana Habazin i september 2014.<\/li>\n<li class=\"_item_1994c_30\">Ble den f\u00f8rste \u00abundisputed champion\u00bb i kvinneboksingens historie \u2013 med alle de fire store titlene.<\/li>\n<li class=\"_item_1994c_30\">Slo franske Anne-Sophie Mathis p\u00e5 teknisk knockout i andre runde i Oslo Spektrum 1. oktober 2016. Det f\u00f8rste proffstevnet i Norge siden 1981.<\/li>\n<li class=\"_item_1994c_30\">Tapte for f\u00f8rste i proffkarrieren mot amerikanske Jessica McCaskill i august 2020. Tapte ogs\u00e5 returkampen i mars 2021.<\/li>\n<li class=\"_item_1994c_30\">Gikk VM-kamp mot Terri Harper om WBO-tittelen i super weltervekt i oktober 2023 \u2013 det endte uavgjort og Harper beholdt beltet.<\/li>\n<li class=\"_item_1994c_30\">Vant p\u00e5 poeng mot amerikanske Maricela Cornejo i august, og sikret seg \u00abinterim-tittelen\u00bb til WBC i super weltervekt (70 kg).<\/li>\n<li class=\"_item_1994c_30\">Vant p\u00e5 poeng i sin siste kamp mot Ema Kozin, og kapret super weltervekt-titlene til WBC og WBO.<\/li>\n<\/ul>\n<p>Vis mer<\/p>\n<p class=\"_paragraph_1994c_4 _paragraph_xtcu6_10 layout-component text-serif-m layout-normal text-serif-m layout-padded\">For snart 11 \u00e5r siden gikk <a href=\"https:\/\/www.vg.no\/sport\/i\/k7adB\/braekhus-med-tre-brudd-i-foten-naa-var-jeg-griseheldig\" data-track-element-type=\"Link\" data-track-id=\"link:k7adB\" class=\"_link_1994c_39\" rel=\"nofollow noopener\" target=\"_blank\">Br\u00e6khus store deler av VM-kampen mot Jennifer Retzke med tre brudd i foten<\/a>. Den gangen var det krise ettersom hun var p\u00e5 toppen av karrieren, og hadde h\u00e5p om \u00e5 bokse sin f\u00f8rste kamp p\u00e5 hjemmebane i Norge. <\/p>\n<p class=\"_paragraph_1994c_4 _paragraph_xtcu6_10 layout-component text-serif-m layout-normal text-serif-m layout-padded\">Se opptak av l\u00f8rdagens boksestevne: <\/p>\n","protected":false},"excerpt":{"rendered":"Mandag morgen fikk Cecilia Br\u00e6khus (44) et signal om at det var riktig tidspunkt \u00e5 avslutte boksekarrieren. LIKE&hellip;\n","protected":false},"author":2,"featured_media":53811,"comment_status":"","ping_status":"","sticky":false,"template":"","format":"standard","meta":{"footnotes":""},"categories":[5],"tags":[1563,20,21,1610,24,25,15,19,843,22,23,17,18,13,30,28,29,14,16,26,27],"class_list":{"0":"post-53810","1":"post","2":"type-post","3":"status-publish","4":"format-standard","5":"has-post-thumbnail","7":"category-overskrifter","8":"tag-boksing","9":"tag-breaking-news","10":"tag-breakingnews","11":"tag-cecilia-braekhus","12":"tag-featured-news","13":"tag-featurednews","14":"tag-headlines","15":"tag-hovedoppslag","16":"tag-kampsport","17":"tag-latest-news","18":"tag-latestnews","19":"tag-main-news","20":"tag-mainnews","21":"tag-news","22":"tag-no","23":"tag-norge","24":"tag-norway","25":"tag-nyheter","26":"tag-overskrifter","27":"tag-top-stories","28":"tag-topstories"},"share_on_mastodon":{"url":"","error":""},"_links":{"self":[{"href":"https:\/\/www.europesays.com\/no\/wp-json\/wp\/v2\/posts\/53810","targetHints":{"allow":["GET"]}}],"collection":[{"href":"https:\/\/www.europesays.com\/no\/wp-json\/wp\/v2\/posts"}],"about":[{"href":"https:\/\/www.europesays.com\/no\/wp-json\/wp\/v2\/types\/post"}],"author":[{"embeddable":true,"href":"https:\/\/www.europesays.com\/no\/wp-json\/wp\/v2\/users\/2"}],"replies":[{"embeddable":true,"href":"https:\/\/www.europesays.com\/no\/wp-json\/wp\/v2\/comments?post=53810"}],"version-history":[{"count":0,"href":"https:\/\/www.europesays.com\/no\/wp-json\/wp\/v2\/posts\/53810\/revisions"}],"wp:featuredmedia":[{"embeddable":true,"href":"https:\/\/www.europesays.com\/no\/wp-json\/wp\/v2\/media\/53811"}],"wp:attachment":[{"href":"https:\/\/www.europesays.com\/no\/wp-json\/wp\/v2\/media?parent=53810"}],"wp:term":[{"taxonomy":"category","embeddable":true,"href":"https:\/\/www.europesays.com\/no\/wp-json\/wp\/v2\/categories?post=53810"},{"taxonomy":"post_tag","embeddable":true,"href":"https:\/\/www.europesays.com\/no\/wp-json\/wp\/v2\/tags?post=53810"}],"curies":[{"name":"wp","href":"https:\/\/api.w.org\/{rel}","templated":true}]}}