{"id":53851,"date":"2025-10-06T13:28:09","date_gmt":"2025-10-06T13:28:09","guid":{"rendered":"https:\/\/www.europesays.com\/no\/53851\/"},"modified":"2025-10-06T13:28:09","modified_gmt":"2025-10-06T13:28:09","slug":"rammet-i-angrep","status":"publish","type":"post","link":"https:\/\/www.europesays.com\/no\/53851\/","title":{"rendered":"Rammet i angrep"},"content":{"rendered":"<p class=\"kicker bg-teal color_mobile_bg-teal text-black color_mobile_text-black hasTextPadding mobile-hasTextPadding\" style=\"\">Tekno<\/p>\n<p>  Norske kunder kan v\u00e6re ber\u00f8rt av et massivt dataangrep.<\/p>\n<p>\n    &#8211; ALVORLIG: Cyberkriminelle hevder \u00e5 ha lastet ned millioner av Ikea-kundenes personopplysninger. Foto: Yves Herman \/ Reuters \/ NTB\n  <\/p>\n<p>Den svenske m\u00f8belgiganten Ikea er blant selskapene som er rammet av et omfattende datainnbrudd mot CRM-plattformen Salesforce. Det melder\u00a0<a href=\"https:\/\/techwatch.no\/nyheter\/strategi\/article18607404.ece\" rel=\"nofollow noopener\" target=\"_blank\">TechWatch<\/a>.<\/p>\n<p>Plattformen brukes av bedrifter over hele verden til kundeh\u00e5ndtering.<\/p>\n<p>Bak angrepet st\u00e5r hackergruppa UNC6040, som hevder \u00e5 ha lastet ned hele 13 gigabyte med kundedata \u2013 tilsvarende rundt 14 millioner dataposter \u2013 knyttet til IKEA.<\/p>\n<p class=\"font-weight-bold m-font-weight-bold\" data-lab-font_weight=\"font-weight-bold\">Omfanget er s\u00e5 stort at ogs\u00e5 norske kunder kan v\u00e6re ber\u00f8rt.<\/p>\n<p>DinSide har v\u00e6rt i kontakt med Ikea, som bekrefter at de kjenner til rapporter om en potensiell Salesforce-relatert hendelse som omtaler IKEA.<\/p>\n<p>    <a itemprop=\"url\" href=\"https:\/\/dinside.dagbladet.no\/data\/advarer-iphone-brukere\/83599353\" rel=\"nofollow noopener\" target=\"_blank\"><\/p>\n<p>      <img loading=\"lazy\" decoding=\"async\" src=\"https:\/\/www.europesays.com\/no\/wp-content\/uploads\/2025\/10\/83609745.webp\" width=\"147\" height=\"98\" title=\"Advarer Iphone-brukere\" alt=\"\" class=\"lazyload\" style=\"--aspect-ratio-image: 1.50; \"\/><\/p>\n<p>        Advarer Iphone-brukere<\/p>\n<p>    <\/a><\/p>\n<p>Ikea har i dag rundt 3200 ansatte i Norge. I fjor omsatte selskapet for 8,8 milliarder kroner, og over 9 millioner kunder bes\u00f8kte de norske varehusene.<\/p>\n<p>Nettbutikken IKEA.no hadde samtidig mer enn 50 millioner bes\u00f8k, skriver\u00a0<a href=\"https:\/\/techwatch.no\/nyheter\/strategi\/article18607404.ece\" rel=\"nofollow noopener\" target=\"_blank\">TechWatch<\/a>.<\/p>\n<p>&#8211; Tilliten og sikkerheten til v\u00e5re medarbeidere og kunder er v\u00e5r absolutt viktigste prioritet, og det jobbes n\u00e5 med \u00e5 se p\u00e5 saken, sier Stine Odland, som er pressevakt i Ikea, til DinSide.<\/p>\n<p>Hun forteller at de ikke har mer informasjon p\u00e5 n\u00e5v\u00e6rende tidspunkt.<\/p>\n<p>Sikkerhetsekspert Lars Erik Berg i Semaphore kaller angrepet \u00abalvorlig\u00bb.<\/p>\n<p>&#8211; Ut fra mengden data gruppen sier de har hentet ut per kunde, kan dette v\u00e6re et sv\u00e6rt alvorlig datainnbrudd, sier han til\u00a0<a href=\"https:\/\/techwatch.no\/nyheter\/strategi\/article18607404.ece\" rel=\"nofollow noopener\" target=\"_blank\">TechWatch<\/a>.<\/p>\n","protected":false},"excerpt":{"rendered":"Tekno Norske kunder kan v\u00e6re ber\u00f8rt av et massivt dataangrep. &#8211; ALVORLIG: Cyberkriminelle hevder \u00e5 ha lastet ned&hellip;\n","protected":false},"author":2,"featured_media":53852,"comment_status":"","ping_status":"","sticky":false,"template":"","format":"standard","meta":{"footnotes":""},"categories":[5],"tags":[20,21,1606,3146,24,25,15,19,7368,22,23,17,18,13,30,28,29,14,16,26,27],"class_list":{"0":"post-53851","1":"post","2":"type-post","3":"status-publish","4":"format-standard","5":"has-post-thumbnail","7":"category-overskrifter","8":"tag-breaking-news","9":"tag-breakingnews","10":"tag-data","11":"tag-datainnbrudd","12":"tag-featured-news","13":"tag-featurednews","14":"tag-headlines","15":"tag-hovedoppslag","16":"tag-ikea","17":"tag-latest-news","18":"tag-latestnews","19":"tag-main-news","20":"tag-mainnews","21":"tag-news","22":"tag-no","23":"tag-norge","24":"tag-norway","25":"tag-nyheter","26":"tag-overskrifter","27":"tag-top-stories","28":"tag-topstories"},"share_on_mastodon":{"url":"","error":""},"_links":{"self":[{"href":"https:\/\/www.europesays.com\/no\/wp-json\/wp\/v2\/posts\/53851","targetHints":{"allow":["GET"]}}],"collection":[{"href":"https:\/\/www.europesays.com\/no\/wp-json\/wp\/v2\/posts"}],"about":[{"href":"https:\/\/www.europesays.com\/no\/wp-json\/wp\/v2\/types\/post"}],"author":[{"embeddable":true,"href":"https:\/\/www.europesays.com\/no\/wp-json\/wp\/v2\/users\/2"}],"replies":[{"embeddable":true,"href":"https:\/\/www.europesays.com\/no\/wp-json\/wp\/v2\/comments?post=53851"}],"version-history":[{"count":0,"href":"https:\/\/www.europesays.com\/no\/wp-json\/wp\/v2\/posts\/53851\/revisions"}],"wp:featuredmedia":[{"embeddable":true,"href":"https:\/\/www.europesays.com\/no\/wp-json\/wp\/v2\/media\/53852"}],"wp:attachment":[{"href":"https:\/\/www.europesays.com\/no\/wp-json\/wp\/v2\/media?parent=53851"}],"wp:term":[{"taxonomy":"category","embeddable":true,"href":"https:\/\/www.europesays.com\/no\/wp-json\/wp\/v2\/categories?post=53851"},{"taxonomy":"post_tag","embeddable":true,"href":"https:\/\/www.europesays.com\/no\/wp-json\/wp\/v2\/tags?post=53851"}],"curies":[{"name":"wp","href":"https:\/\/api.w.org\/{rel}","templated":true}]}}