{"id":53859,"date":"2025-10-06T13:47:11","date_gmt":"2025-10-06T13:47:11","guid":{"rendered":"https:\/\/www.europesays.com\/no\/53859\/"},"modified":"2025-10-06T13:47:11","modified_gmt":"2025-10-06T13:47:11","slug":"den-bestselgende-forfatteren-jilly-cooper-er-dod","status":"publish","type":"post","link":"https:\/\/www.europesays.com\/no\/53859\/","title":{"rendered":"Den bestselgende forfatteren Jilly Cooper er d\u00f8d"},"content":{"rendered":"<p>  Den bestselgende britiske forfatteren ble 88 \u00e5r gammel.<\/p>\n<p>\n    Jilly Cooper p\u00e5 et arrangement i Derbyshire i England. Foto: Lucy Ray\/PA via AP\n  <\/p>\n<p>\u2013 Det er med stor sorg at vi kunngj\u00f8r d\u00f8dsfallet til Jilly Cooper, som d\u00f8de s\u00f8ndag morgen etter et fall, heter det i en uttalelse fra forlaget hennes.\u00a0<\/p>\n<p>Den bestselgende forfatteren var kjent for sine frekke, s\u00e5kalte \u00abbonbuster\u00bb-romaner, som omhandlet skandalene og sexlivene til velst\u00e5ende sosiale kretser p\u00e5 landet, inkludert Rivals, Riders og Polo, skriver <a href=\"https:\/\/news.sky.com\/story\/author-jilly-cooper-has-died-13445808\" rel=\"nofollow noopener\" target=\"_blank\">Sky news<\/a>.\u00a0<\/p>\n<p>    <a itemprop=\"url\" href=\"https:\/\/sol.no\/nyheter\/slar-tilbake-en-vanskelig-beslutning\/83572685\" rel=\"nofollow noopener\" target=\"_blank\"><\/p>\n<p>      <img loading=\"lazy\" decoding=\"async\" src=\"https:\/\/www.europesays.com\/no\/wp-content\/uploads\/2025\/10\/83572821.webp\" width=\"980\" height=\"441\" title=\"Sl\u00e5r tilbake: - En vanskelig beslutning\" alt=\"\" class=\"lazyload\" style=\"--aspect-ratio-image: 2.22; \"\/><\/p>\n<p>        Sl\u00e5r tilbake: &#8211; En vanskelig beslutning<\/p>\n<p>sol.no<\/p>\n<p>    <\/a><\/p>\n<p>I l\u00f8pet av hennes 50 \u00e5r lange karriere solgte hun over 11 millioner eksemplarer av sine dristige b\u00f8ker.\u00a0<\/p>\n<p>\u2013 Mamma var det skinnende lyset i livene v\u00e5re. Kj\u00e6rligheten hennes for familien og venner kjente ingen grenser, skriver barna hennes, Felix og Emily, i <a href=\"https:\/\/www.bbc.com\/news\/live\/cg50q3p94gqt?post=asset%3Aca9e8006-e001-4bba-aed0-bca86bf9b5a1#post\" rel=\"nofollow noopener\" target=\"_blank\">en uttalelse<\/a>.\u00a0\u00a0<\/p>\n<p>\u2013 Hennes uventede bortgang kom som et fullstendig sjokk.\u00a0<\/p>\n<p>    <a itemprop=\"url\" href=\"https:\/\/sol.no\/nyheter\/blir-15-timer-lang-opera\/81262625\" rel=\"nofollow noopener\" target=\"_blank\"><\/p>\n<p>      <img loading=\"lazy\" decoding=\"async\" src=\"https:\/\/www.europesays.com\/no\/wp-content\/uploads\/2025\/10\/81262642.webp\" width=\"980\" height=\"441\" title=\"Blir 15 timer lang opera\" alt=\"\" class=\"lazyload\" style=\"--aspect-ratio-image: 2.22; \"\/><\/p>\n<p>        Blir 15 timer lang opera<\/p>\n<p>sol.no<\/p>\n<p>    <\/a><\/p>\n<p>De er stolte av alt hun har oppn\u00e5dd og sier det er vanskelig \u00e5 forestille seg livet uten smilet og latteren hennes.\u00a0<\/p>\n<p>Cooper ble f\u00f8dt i Essex i England, i 1937. Hun oppn\u00e5dde stor kommersiell suksess med sine erotiske noveller p\u00e5 1980-tallet. I fjor ble \u00abRivals\u00bb adaptert til en TV-serie, som hun jobbet p\u00e5 som ut\u00f8vende produsent.\u00a0<\/p>\n","protected":false},"excerpt":{"rendered":"Den bestselgende britiske forfatteren ble 88 \u00e5r gammel. Jilly Cooper p\u00e5 et arrangement i Derbyshire i England. Foto:&hellip;\n","protected":false},"author":2,"featured_media":53860,"comment_status":"","ping_status":"","sticky":false,"template":"","format":"standard","meta":{"footnotes":""},"categories":[12],"tags":[20,21,576,24,25,6884,15,410,22,23,13,30,28,29,14,16,26,27,42,43,44,45],"class_list":{"0":"post-53859","1":"post","2":"type-post","3":"status-publish","4":"format-standard","5":"has-post-thumbnail","7":"category-verden","8":"tag-breaking-news","9":"tag-breakingnews","10":"tag-dodsfall","11":"tag-featured-news","12":"tag-featurednews","13":"tag-forfatter","14":"tag-headlines","15":"tag-kultur","16":"tag-latest-news","17":"tag-latestnews","18":"tag-news","19":"tag-no","20":"tag-norge","21":"tag-norway","22":"tag-nyheter","23":"tag-overskrifter","24":"tag-top-stories","25":"tag-topstories","26":"tag-verden","27":"tag-world","28":"tag-world-news","29":"tag-worldnews"},"share_on_mastodon":{"url":"","error":""},"_links":{"self":[{"href":"https:\/\/www.europesays.com\/no\/wp-json\/wp\/v2\/posts\/53859","targetHints":{"allow":["GET"]}}],"collection":[{"href":"https:\/\/www.europesays.com\/no\/wp-json\/wp\/v2\/posts"}],"about":[{"href":"https:\/\/www.europesays.com\/no\/wp-json\/wp\/v2\/types\/post"}],"author":[{"embeddable":true,"href":"https:\/\/www.europesays.com\/no\/wp-json\/wp\/v2\/users\/2"}],"replies":[{"embeddable":true,"href":"https:\/\/www.europesays.com\/no\/wp-json\/wp\/v2\/comments?post=53859"}],"version-history":[{"count":0,"href":"https:\/\/www.europesays.com\/no\/wp-json\/wp\/v2\/posts\/53859\/revisions"}],"wp:featuredmedia":[{"embeddable":true,"href":"https:\/\/www.europesays.com\/no\/wp-json\/wp\/v2\/media\/53860"}],"wp:attachment":[{"href":"https:\/\/www.europesays.com\/no\/wp-json\/wp\/v2\/media?parent=53859"}],"wp:term":[{"taxonomy":"category","embeddable":true,"href":"https:\/\/www.europesays.com\/no\/wp-json\/wp\/v2\/categories?post=53859"},{"taxonomy":"post_tag","embeddable":true,"href":"https:\/\/www.europesays.com\/no\/wp-json\/wp\/v2\/tags?post=53859"}],"curies":[{"name":"wp","href":"https:\/\/api.w.org\/{rel}","templated":true}]}}