{"id":53953,"date":"2025-10-06T15:41:12","date_gmt":"2025-10-06T15:41:12","guid":{"rendered":"https:\/\/www.europesays.com\/no\/53953\/"},"modified":"2025-10-06T15:41:12","modified_gmt":"2025-10-06T15:41:12","slug":"ulykker-og-hendelser-tonsberg-tusenvis-av-skademeldinger-etter-amy-hittil","status":"publish","type":"post","link":"https:\/\/www.europesays.com\/no\/53953\/","title":{"rendered":"Ulykker og hendelser, T\u00f8nsberg | Tusenvis av skademeldinger etter Amy hittil"},"content":{"rendered":"\n<p>Det skriver <a rel=\"noopener nofollow\" href=\"https:\/\/www.aftenposten.no\/norge\/i\/Ey3arK\/skademeldingene-stroemmer-inn-etter-ekstremvaeret-amy\" target=\"_blank\">Aftenposten<\/a>.<\/p>\n<p>Tryg Forsikring har f\u00e5tt inn 1.667 skademeldinger mandag ettermiddag.<\/p>\n<p><b>\u2013 Vi forventer at det vil komme flere skademeldinger utover uken som f\u00f8lge av str\u00f8mbruddene, sier Torbj\u00f8rn Brandeggen til avisen.<\/b><\/p>\n<p>Fremtind har s\u00e5 langt mottatt 1.300 skademeldinger. De regner med at det kommer flere etter hvert.<\/p>\n<p>\u2013 Flere vil nok melde fra n\u00e5r stormen har roet seg, sier pressekontakt Therese Hofstad-Nielsen.<\/p>\n<p>  <a href=\"https:\/\/www.tb.no\/5-76-2693637\" class=\"related-teaser has-image default-gallery-teaser article--c-eRUmMG article--c-eRUmMG-jKCPdD-design-default\" rel=\"nofollow noopener\" target=\"_blank\"><\/p>\n<p>    <img decoding=\"async\" loading=\"lazy\"  src=\"https:\/\/www.europesays.com\/no\/wp-content\/uploads\/2025\/10\/ball+.png\" alt=\"\" class=\"brick-c-cFOWSL\" style=\"\"\/><\/p>\n<p>\n            Bildeserie<\/p>\n<p>              BILDESERIE: Store skader etter stormen Amy\n        <\/p>\n<p>  <\/a><br \/>\n  \u2013 Sjekk hytta s\u00e5 fort som mulig!<\/p>\n<p>Frende forsikring opplyser at de har mottatt 600 skademeldinger per mandag ettermiddag.<\/p>\n<p><b>Blant de 600 skadene Frende har f\u00e5tt inn til n\u00e5, er det 40 skader p\u00e5 fritidsb\u00e5t og 80 p\u00e5 bil, mens de langt fleste er bygningsskader, opplyser selskapet i en <a rel=\"noopener nofollow\" href=\"https:\/\/kommunikasjon.ntb.no\/pressemelding\/18675585\/bikket-600-skader-sjekk-hytter-bater-og-naust?publisherId=5653809&amp;lang=no\" target=\"_blank\">pressemelding<\/a>.<\/b><\/p>\n<p>\u2013 Det er garantert mange skader som ikke er oppdaget enn\u00e5, sier kommunikasjonssjef Heidi Tofter\u00e5 Slettemoen.<\/p>\n<p>Hun oppfordret folk til \u00e5 sjekke hytter, b\u00e5t og naust for skader s\u00e5 fort som mulig.<\/p>\n<p>\u2013 Uvant med mye vann og vind samtidig<\/p>\n<p>Gjensidige hadde mandag formiddag mottatt 2500 skademeldinger, men antallet \u00f8kte stadig.<\/p>\n<p>\u2013 Det har v\u00e6rt en uvant cocktail med mye vann og vind samtidig. Vi har hatt st\u00f8rre hendelser p\u00e5 hver av faktorene, men n\u00e5 er det et sammensurium av begge. Det gj\u00f8r det mer krevende, sier kommunikasjonssjef Bjarne Aani Rysstad for skadeforsikring til NTB.<\/p>\n<p>  <a href=\"https:\/\/www.tb.no\/5-76-2693776\" class=\"related-teaser has-image default-story-teaser article--c-eRUmMG article--c-eRUmMG-jKCPdD-design-default\" rel=\"nofollow noopener\" target=\"_blank\"><\/p>\n<p>    <img decoding=\"async\" loading=\"lazy\"  src=\"https:\/\/www.europesays.com\/no\/wp-content\/uploads\/2025\/10\/image_7BB0AC4B-A6CA-4017-B3D3-337BA7B3DC84_1759739536.heic\" alt=\"\" class=\"brick-c-cFOWSL\" style=\"\"\/><\/p>\n<p>\n            Les ogs\u00e5<\/p>\n<p>              Flommen har skapt store \u00f8deleggelser hos Martin: \u2013 Skader for mellom 100 og 150 millioner kroner\n        <\/p>\n<p>  <\/a><\/p>\n<p>De fleste skadene som er meldt inn per mandag formiddag, dreier seg om vann- og vindskader. De fleste gjelder skader p\u00e5 bygninger, men det er ogs\u00e5 meldt inn flere skader p\u00e5 biler, b\u00e5ter og fra campingplasser.<\/p>\n<p>\u2013 Trykket fortsetter og tallene \u00f8ker kontinuerlig, sier han.<\/p>\n<p>En betydelig hendelse<\/p>\n<p>Det er for tidlig \u00e5 si noe om kostnadene.<\/p>\n<p><b>\u2013 Vi er midt oppi det med kontakt med kunder og takstfolk som er ute og besiktiger og ansl\u00e5r kostnadene, sier han.<\/b><\/p>\n<p>Rysstad venter mange flere skademeldinger de neste dagene og understreker at det ikke er noen tvil om at dette er en betydelig hendelse.<\/p>\n<p>\u2013 Det er for tidlig \u00e5 si hvor denne hendelsen havner p\u00e5 lista, men dette er en veldig stor og alvorlig hendelse, sier han.<\/p>\n<p>  <a href=\"https:\/\/www.tb.no\/5-76-2693733\" class=\"related-teaser has-image default-story-teaser article--c-eRUmMG article--c-eRUmMG-jKCPdD-design-default\" rel=\"nofollow noopener\" target=\"_blank\"><\/p>\n<p>    <img decoding=\"async\" loading=\"lazy\"  src=\"https:\/\/www.europesays.com\/no\/wp-content\/uploads\/2025\/10\/REGN+OG+REGNBUE-2_1.jpg\" alt=\"\" class=\"brick-c-cFOWSL\" style=\"\"\/><\/p>\n<p>\n            Les ogs\u00e5<\/p>\n<p>              \u00abAmy\u00bb har herjet ferdig: \u2013 Uka ser veldig bra ut\n        <\/p>\n<p>  <\/a><br \/>\n  Advarer mot \u00e5 rydde opp selv<\/p>\n<p>Flere tr\u00e6r har veltet i uv\u00e6ret, men Statsforvalteren advarer mot \u00e5 starte oppryddingsarbeidet selv.<\/p>\n<p><b>\u2013 Vindfelte tre, kanskje ogs\u00e5 med rotvelt, kan v\u00e6re en farlig felle p\u00e5 grunn av store spenninger i stammen og roten. Dette er spesielt farlig ryddearbeid og b\u00f8r ikke gj\u00f8res av personer uten erfaring og kunnskap, st\u00e5r det i pressemeldingen fra Statsforvalteren.no.<\/b><\/p>\n<p>Arbeidet b\u00f8r gj\u00f8res av profesjonelle skogsentrepren\u00f8rer og andre med fagkunnskap.<\/p>\n<p>\u2013 Til og med hvis du bare skal fjerne ett enkelt veltet tre i nabolaget, b\u00f8r du be om hjelp fra folk med erfaring, st\u00e5r det.<\/p>\n<p>  <a href=\"https:\/\/www.tb.no\/5-76-2693971\" class=\"related-teaser has-image default-story-teaser article--c-eRUmMG article--c-eRUmMG-jKCPdD-design-default\" rel=\"nofollow noopener\" target=\"_blank\"><\/p>\n<p>    <img decoding=\"async\" loading=\"lazy\"  src=\"https:\/\/www.europesays.com\/no\/wp-content\/uploads\/2025\/10\/DSC_5350.JPG\" alt=\"\" class=\"brick-c-cFOWSL\" style=\"\"\/><\/p>\n<p>\n            Les ogs\u00e5<\/p>\n<p>              Advarer mot farlig rydding etter Amy\n        <\/p>\n<p>  <\/a><\/p>\n","protected":false},"excerpt":{"rendered":"Det skriver Aftenposten. Tryg Forsikring har f\u00e5tt inn 1.667 skademeldinger mandag ettermiddag. \u2013 Vi forventer at det vil&hellip;\n","protected":false},"author":2,"featured_media":53954,"comment_status":"","ping_status":"","sticky":false,"template":"","format":"standard","meta":{"footnotes":""},"categories":[5],"tags":[36,20,21,962,24,25,15,19,22,23,17,18,13,30,28,29,14,16,1510,26,27,431,941],"class_list":{"0":"post-53953","1":"post","2":"type-post","3":"status-publish","4":"format-standard","5":"has-post-thumbnail","7":"category-overskrifter","8":"tag-art","9":"tag-breaking-news","10":"tag-breakingnews","11":"tag-faerder","12":"tag-featured-news","13":"tag-featurednews","14":"tag-headlines","15":"tag-hovedoppslag","16":"tag-latest-news","17":"tag-latestnews","18":"tag-main-news","19":"tag-mainnews","20":"tag-news","21":"tag-no","22":"tag-norge","23":"tag-norway","24":"tag-nyheter","25":"tag-overskrifter","26":"tag-story","27":"tag-top-stories","28":"tag-topstories","29":"tag-tonsberg","30":"tag-ulykker-og-hendelser"},"share_on_mastodon":{"url":"","error":""},"_links":{"self":[{"href":"https:\/\/www.europesays.com\/no\/wp-json\/wp\/v2\/posts\/53953","targetHints":{"allow":["GET"]}}],"collection":[{"href":"https:\/\/www.europesays.com\/no\/wp-json\/wp\/v2\/posts"}],"about":[{"href":"https:\/\/www.europesays.com\/no\/wp-json\/wp\/v2\/types\/post"}],"author":[{"embeddable":true,"href":"https:\/\/www.europesays.com\/no\/wp-json\/wp\/v2\/users\/2"}],"replies":[{"embeddable":true,"href":"https:\/\/www.europesays.com\/no\/wp-json\/wp\/v2\/comments?post=53953"}],"version-history":[{"count":0,"href":"https:\/\/www.europesays.com\/no\/wp-json\/wp\/v2\/posts\/53953\/revisions"}],"wp:featuredmedia":[{"embeddable":true,"href":"https:\/\/www.europesays.com\/no\/wp-json\/wp\/v2\/media\/53954"}],"wp:attachment":[{"href":"https:\/\/www.europesays.com\/no\/wp-json\/wp\/v2\/media?parent=53953"}],"wp:term":[{"taxonomy":"category","embeddable":true,"href":"https:\/\/www.europesays.com\/no\/wp-json\/wp\/v2\/categories?post=53953"},{"taxonomy":"post_tag","embeddable":true,"href":"https:\/\/www.europesays.com\/no\/wp-json\/wp\/v2\/tags?post=53953"}],"curies":[{"name":"wp","href":"https:\/\/api.w.org\/{rel}","templated":true}]}}