{"id":53957,"date":"2025-10-06T15:48:13","date_gmt":"2025-10-06T15:48:13","guid":{"rendered":"https:\/\/www.europesays.com\/no\/53957\/"},"modified":"2025-10-06T15:48:13","modified_gmt":"2025-10-06T15:48:13","slug":"helse-nord-lederlonninger-lonnsspiralen-fortsetter","status":"publish","type":"post","link":"https:\/\/www.europesays.com\/no\/53957\/","title":{"rendered":"Helse Nord, Lederl\u00f8nninger | L\u00f8nnsspiralen fortsetter"},"content":{"rendered":"\n<p>Den nye direkt\u00f8ren for kommunikasjon og samfunnskontakt i Helse Nord f\u00e5r en svimlende \u00e5rsl\u00f8nn p\u00e5 1.850.000 kroner. Det melder Avisa Nordland.<\/p>\n<p>Dette er ikke bare en rekordh\u00f8y l\u00f8nn for stillingen som n\u00e5 tas over av Kim Hannisdal. Den er 230.000 kroner h\u00f8yere enn l\u00f8nna til forgjengeren Skjalg Fjellheim, som selv toppet l\u00f8nnslista for kommunikasjonsdirekt\u00f8rer i helseforetakene da han fikk jobben i 2023.<\/p>\n<p>I tillegg til rekordl\u00f8nna f\u00e5r Hannisdal ogs\u00e5 tilleggsgoder &#8211; 12 ekstra feriedager, og gratis pendlerbolig i Bod\u00f8. Han bor i Oslo.<\/p>\n<p>Dette er goder som skattebetalerne dekker, for en direkt\u00f8r som leder en kommunikasjonsavdeling p\u00e5 fire ansatte.<\/p>\n<p>Direkt\u00f8r Marit Lind hevder \u00e5 m\u00e5tte tilby konkurransedyktige betingelser for \u00e5 rekruttere riktig kompetanse.<\/p>\n<p>Den begrunnelsen henger ikke p\u00e5 greip. Hannisdal har v\u00e6rt fungerende vikar i stillingen i ett \u00e5r, og var allerede rekruttert til s\u00e6rdeles gode betingelser. En kvart million p\u00e5 toppen av dette sender s\u00e6rdeles d\u00e5rlige signaler.<\/p>\n<p>   <img decoding=\"async\" width=\"3918\" height=\"2635\" fetchpriority=\"low\"  loading=\"lazy\"  src=\"https:\/\/www.europesays.com\/no\/wp-content\/uploads\/2025\/10\/Marit+Lind.jpg\" alt=\"Helse Nord Styrem\u00f8te. Marit Lind,direkt\u00f8r, Renate Larsen ,Styreleder. Info sjef. Skjalg Fjellheim. Husebekk p\u00e5 storskjerm fra UNN og Tonje Elisabeth Hansen, Senior R\u00e5dgiver. Foto Torgrim Rath Olsen\" class=\"brick-c-cFOWSL\" style=\"--brick-image-ratio: 3918 \/ 2635;\"\/><\/p>\n<p>    TOPPSJEF: Marit Lind i Helse Nord |<br \/>\n    Foto: Torgrim Rath Olsen\n  <\/p>\n<p>Det som er enda mer betenkelig er at stillingen ikke engang ble lyst ut. Man har rett og slett innsatt en kommunikasjonsdirekt\u00f8r for vesentlig bedre betingelser enn forgjengeren, uten \u00e5 utlyse en konkurranse om jobben.<\/p>\n<p>Helse Nord har ikke engang fors\u00f8kt \u00e5 f\u00e5 ned direkt\u00f8rkostnader ved alminnelig utlysning. Som s\u00e5 mange andre statlige foretak, har de bare innfunnet seg med at de m\u00e5 betale mer for hver gang en direkt\u00f8r f\u00e5r et jobbtilbud.<\/p>\n<p>Derfor \u00f8ker l\u00f8nningene i toppsjiktet i staten i en ukontrollert fart.<\/p>\n<p>Det er lett n\u00e5r man ikke bruker sine egne penger. Men det g\u00e5r p\u00e5 tilliten l\u00f8s.<\/p>\n<p>  <a href=\"https:\/\/www.nordnorskdebatt.no\/5-124-390698\" class=\"related-teaser has-image default-opinion-teaser article--c-eRUmMG article--c-eRUmMG-jKCPdD-design-default\" rel=\"nofollow noopener\" target=\"_blank\"><\/p>\n<p>    <img decoding=\"async\" loading=\"lazy\"  src=\"https:\/\/www.europesays.com\/no\/wp-content\/uploads\/2025\/10\/Kim+Hannisdal+2.jpg\" alt=\"\" class=\"brick-c-cFOWSL\" style=\"\"\/><\/p>\n<p>\n            Les ogs\u00e5<\/p>\n<p>              Kan vi kommunisere oss til bedre helse?\n        <\/p>\n<p>  <\/a><\/p>\n<p>Kritikken mot Helse Nord er gl\u00f8dende, og det er ikke overraskende. Kontrasten til l\u00f8nna hos mange som faktisk yter helsetjenester er deprimerende. Men ogs\u00e5 kontrasten til det som skjedde da UNN skulle rekruttere ny sykehusdirekt\u00f8r er interessant.<\/p>\n<p>Sykehuset, som Helse Nords sparekniv rammer hardt, fikk en ny direkt\u00f8r i fjor. David Johansen, fikk 300.000 kroner mindre i l\u00f8nn enn sin forgjenger Anita Schumacher.<\/p>\n<p>Johansen har til sm\u00f8r p\u00e5 skiva. Han er fortsatt den best l\u00f8nna sykehusdirekt\u00f8ren i Nord-Norge med sine 2,1 millioner kroner i \u00e5rsl\u00f8nn.<\/p>\n<p>Han har ogs\u00e5 ansvar for 7000 ansatte og et budsjett p\u00e5 10 milliarder kroner i landsdelens desidert st\u00f8rste enkeltvirksomhet.<\/p>\n","protected":false},"excerpt":{"rendered":"Den nye direkt\u00f8ren for kommunikasjon og samfunnskontakt i Helse Nord f\u00e5r en svimlende \u00e5rsl\u00f8nn p\u00e5 1.850.000 kroner. Det&hellip;\n","protected":false},"author":2,"featured_media":53958,"comment_status":"","ping_status":"","sticky":false,"template":"","format":"standard","meta":{"footnotes":""},"categories":[5],"tags":[36,20,21,24,25,15,8164,19,8166,22,23,246,8165,17,18,13,30,28,29,14,1533,16,26,27],"class_list":{"0":"post-53957","1":"post","2":"type-post","3":"status-publish","4":"format-standard","5":"has-post-thumbnail","7":"category-overskrifter","8":"tag-art","9":"tag-breaking-news","10":"tag-breakingnews","11":"tag-featured-news","12":"tag-featurednews","13":"tag-headlines","14":"tag-helse-nord","15":"tag-hovedoppslag","16":"tag-kim-hannisdal","17":"tag-latest-news","18":"tag-latestnews","19":"tag-leder","20":"tag-lederlonninger","21":"tag-main-news","22":"tag-mainnews","23":"tag-news","24":"tag-no","25":"tag-norge","26":"tag-norway","27":"tag-nyheter","28":"tag-opinion","29":"tag-overskrifter","30":"tag-top-stories","31":"tag-topstories"},"share_on_mastodon":{"url":"","error":""},"_links":{"self":[{"href":"https:\/\/www.europesays.com\/no\/wp-json\/wp\/v2\/posts\/53957","targetHints":{"allow":["GET"]}}],"collection":[{"href":"https:\/\/www.europesays.com\/no\/wp-json\/wp\/v2\/posts"}],"about":[{"href":"https:\/\/www.europesays.com\/no\/wp-json\/wp\/v2\/types\/post"}],"author":[{"embeddable":true,"href":"https:\/\/www.europesays.com\/no\/wp-json\/wp\/v2\/users\/2"}],"replies":[{"embeddable":true,"href":"https:\/\/www.europesays.com\/no\/wp-json\/wp\/v2\/comments?post=53957"}],"version-history":[{"count":0,"href":"https:\/\/www.europesays.com\/no\/wp-json\/wp\/v2\/posts\/53957\/revisions"}],"wp:featuredmedia":[{"embeddable":true,"href":"https:\/\/www.europesays.com\/no\/wp-json\/wp\/v2\/media\/53958"}],"wp:attachment":[{"href":"https:\/\/www.europesays.com\/no\/wp-json\/wp\/v2\/media?parent=53957"}],"wp:term":[{"taxonomy":"category","embeddable":true,"href":"https:\/\/www.europesays.com\/no\/wp-json\/wp\/v2\/categories?post=53957"},{"taxonomy":"post_tag","embeddable":true,"href":"https:\/\/www.europesays.com\/no\/wp-json\/wp\/v2\/tags?post=53957"}],"curies":[{"name":"wp","href":"https:\/\/api.w.org\/{rel}","templated":true}]}}