{"id":53967,"date":"2025-10-06T16:01:14","date_gmt":"2025-10-06T16:01:14","guid":{"rendered":"https:\/\/www.europesays.com\/no\/53967\/"},"modified":"2025-10-06T16:01:14","modified_gmt":"2025-10-06T16:01:14","slug":"vi-moter-kroniske-smertepasienter-pa-en-darlig-mate","status":"publish","type":"post","link":"https:\/\/www.europesays.com\/no\/53967\/","title":{"rendered":"\u2013 Vi m\u00f8ter kroniske smertepasienter p\u00e5 en d\u00e5rlig m\u00e5te"},"content":{"rendered":"\n<ul class=\"_list_1994c_3 _list_64s2r_85 _unordered_1994c_105 text-sans-m\">\n<li class=\"_item_1994c_30\">Lege Ole Petter Hjelle kritiserer legeutdanningen for manglende oppl\u00e6ring i behandling av komplekse smerter.<\/li>\n<li class=\"_item_1994c_30\">Han mener fokuset er for mye p\u00e5 blodpr\u00f8ver og medisinske verdier, og for lite p\u00e5 pasientenes livsutfordringer.<\/li>\n<li class=\"_item_1994c_30\">Hjelle foresl\u00e5r bedre oppl\u00e6ring i empati, tilgjengelige behandlingsmetoder og fokus p\u00e5 forebygging.<\/li>\n<\/ul>\n<p>Vis mer <\/p>\n<p class=\"_paragraph_1994c_4 _paragraph_xtcu6_10 layout-component text-serif-m layout-normal text-serif-m layout-padded\">\u2013 Vi l\u00e6rer rett og slett for lite om hvordan vi skal hjelpe folk med livsutfordringene sine. Vi tar blodpr\u00f8ver, og vi sender dem til MR. Det er verkt\u00f8yene vi bruker og n\u00e5r pr\u00f8vene ikke viser noen unormale funn, har vi ikke mer \u00e5 stille opp med. En av f\u00f8lgene er at pasientene f\u00f8ler de ikke blir sett og trodd, sier Ole Petter Hjelle.<\/p>\n<p class=\"_paragraph_1994c_4 _paragraph_xtcu6_10 layout-component text-serif-m layout-normal text-serif-m layout-padded\">Han har bakgrunn som fastlege gjennom 15 \u00e5r. Da var han totalt utslitt, blant annet fordi han opplevde \u00e5 ha for d\u00e5rlig tid til pasientene sine. En god del pasienter trenger mer enn et kvarter til tyve minutter n\u00e5r de er inne hos legen.<\/p>\n<p class=\"_paragraph_1994c_4 _paragraph_xtcu6_10 layout-component text-serif-m layout-normal text-serif-m layout-padded\">I dag er Hjelle allmennlege p\u00e5 Volvat en dag i uken og jobber i tillegg ved Universitetet i Innlandet, hvor han underviser b\u00e5de leger og sykepleiere i medisinske fag. Han er ogs\u00e5 leder av ABEL-instituttet.<\/p>\n<p class=\"_paragraph_1994c_4 _paragraph_xtcu6_10 layout-component text-serif-m layout-normal text-serif-m layout-padded\"><strong class=\"_strong_1994c_25\">\u00d8nsker du \u00e5 vite mer om langvarige smerter?<\/strong><a href=\"https:\/\/tv.vg.no\/serier\/harald-og-sytepavene?categoryId=100577\" class=\"_link_1994c_39\" rel=\"nofollow noopener\" target=\"_blank\"> Se VGTV-serien \u00abHarald og sytepavene\u00bb her<\/a>.<\/p>\n<p class=\"_paragraph_1994c_4 _paragraph_xtcu6_10 layout-component text-serif-m layout-normal text-serif-m layout-padded\">Legen, som har doktorgrad i nevrobiologi, mener norske helseutdanninger har store mangler n\u00e5r det gjelder \u00e5 l\u00e6re helsepersonell behandling av langvarige smerter og andre komplekse plager.<\/p>\n<p class=\"_paragraph_1994c_4 _paragraph_xtcu6_10 layout-component text-serif-m layout-normal text-serif-m layout-padded\">\u2013 Vi m\u00f8ter kroniske smertepasienter p\u00e5 en d\u00e5rlig m\u00e5te, mener han.<\/p>\n<p class=\"_paragraph_1994c_4 _paragraph_xtcu6_10 layout-component text-serif-m layout-normal text-serif-m layout-padded\">Han husker selv hvordan han som medisinstudent p\u00e5 midten av 90-tallet opplevde hvor lite fokus det var p\u00e5 underliggende \u00e5rsaker og h\u00e5ndtering av livsutfordringer.<\/p>\n<p><img alt=\"Foto: morten brun \/ morten brun\" class=\"_image_qp4xg_65 layout-component layout-normal\" data-fullscreen- data-track-element-type=\"Article image fullscreen\" data-track-name=\"ImageFullscreen\" decoding=\"async\" loading=\"lazy\" height=\"7952\" itemprop=\"image\"  src=\"https:\/\/www.europesays.com\/no\/wp-content\/uploads\/2025\/10\/56b58986-3de1-4d44-8288-c6095cc50d8d\"  style=\"object-position:0% 0%\" width=\"5304\"\/>Foto: morten brun \/ morten brun<\/p>\n<p class=\"_paragraph_1994c_4 _paragraph_xtcu6_10 layout-component text-serif-m layout-normal text-serif-m layout-padded\">\u2013 Behandlingen i helsevesenet, og fokuset i legeutdanningen, handler for ofte om blodpr\u00f8veverdier, vektkurver, operasjoner og medikamenter. Og for lite om livsutfordringer og psykologiske aspekter, sier han.<\/p>\n<p class=\"_paragraph_1994c_4 _paragraph_xtcu6_10 layout-component text-serif-m layout-normal text-serif-m layout-padded\">Hjelle beskriver hvordan mange pasientgrupper ikke f\u00e5r den hjelpen de trenger: Mennesker med fedme f\u00e5r ikke hjelp til overspisingsutfordringer, mens kreftpasienter som blir erkl\u00e6rt \u00abmedisinsk friske\u00bb ikke f\u00e5r st\u00f8tte til \u00e5 leve med fatigue fatigue Fatigue er en vedvarende f\u00f8lelse av tretthet eller utmattelse som ikke g\u00e5r over med hvile, ofte opplevd av personer med kroniske sykdommer.og andre senvirkninger.<\/p>\n<p class=\"_paragraph_1994c_4 _paragraph_xtcu6_10 layout-component text-serif-m layout-normal text-serif-m layout-padded\">Les: <a href=\"https:\/\/www.vg.no\/helse\/i\/xmB27V\/langvarige-smerter-koster-staten-over-100-milliarder\" data-track-element-type=\"Link\" data-track-id=\"link:xmB27V\" class=\"_link_1994c_39\" rel=\"nofollow noopener\" target=\"_blank\">Langvarige smerter koster samfunnet mer enn kreft og hjertesykdommer<\/a><\/p>\n<p> \u00d8kt fokus p\u00e5 legestudiet<\/p>\n<p class=\"_paragraph_1994c_4 _paragraph_xtcu6_10 layout-component text-serif-m layout-normal text-serif-m layout-padded\">Magnus L\u00f8berg er prodekan prodekan En prodekan er en lederstilling ved et universitet, ofte ansvarlig for spesifikke omr\u00e5der som studier eller forskning innen et fakultet.for studier ved Det medisinske fakultetet, Universitetet i Oslo. Han p\u00e5peker at det seks\u00e5rige medisinstudiet er en grunnutdanning som skal romme mye, og de fataller fleste leger spesialiserer seg ytterligere for \u00e5 g\u00e5 mer i dybden, n\u00e5r de kommer ut i jobb.<\/p>\n<p><img decoding=\"async\" alt=\"Bilde av Magnus L\u00f8berg\" class=\"_image_ygndg_42\" height=\"27\" itemprop=\"image\" loading=\"lazy\"  src=\"https:\/\/www.europesays.com\/no\/wp-content\/uploads\/2025\/10\/685e54a1-0b96-458e-8efc-f756f915f84a\"  width=\"40\"\/><strong class=\"_name_ygndg_51 title-serif-xs\">Magnus L\u00f8berg<\/strong><\/p>\n<p class=\"_paragraph_1994c_4 text-sans-m _description_ygndg_56\">Prodekan for studier ved Det medisinske fakultetet, Universitetet i Oslo.<\/p>\n<p class=\"_paragraph_1994c_4 _paragraph_xtcu6_10 layout-component text-serif-m layout-normal text-serif-m layout-padded\">\u2013 Det betyr ikke at fokus p\u00e5 underliggende \u00e5rsaker og livsutfordringer er frav\u00e6rende i studiet. Kommunikasjon er en viktig del av studiet slik det er lagt opp i dag, men det kommer p\u00e5 ulike tidspunkt. Vi har medisinske atferdsfag, psykiatri, allmennmedisin og praksisperioder. <\/p>\n<p class=\"_paragraph_1994c_4 _paragraph_xtcu6_10 layout-component text-serif-m layout-normal text-serif-m layout-padded\">L\u00f8berg p\u00e5peker at det har blitt mer fokus p\u00e5 dette de siste 20 \u00e5rene fordi kunnskapen om psykologiske metoder i behandlingen av en rekke tilstander i allmennpraksis, har \u00f8kt.<\/p>\n<p> Nye verkt\u00f8y<\/p>\n<p class=\"_paragraph_1994c_4 _paragraph_xtcu6_10 layout-component text-serif-m layout-normal text-serif-m layout-padded\">Hjelle mener at leger ofte m\u00f8ter pasienter med skepsis dersom det ikke er objektive funn p\u00e5 unders\u00f8kelser, som kan forklare smertene. <\/p>\n<p class=\"_paragraph_1994c_4 _paragraph_xtcu6_10 layout-component text-serif-m layout-normal text-serif-m layout-padded\">Han peker p\u00e5 at TV-serien \u00abHarald og sytepavene\u00bb viser inspirerende resultater, men at behandlingsmetodene som brukes der ikke er tilgjengelige for alle pasienter i Norge.<\/p>\n<p class=\"_paragraph_1994c_4 _paragraph_xtcu6_10 layout-component text-serif-m layout-normal text-serif-m layout-padded\">\u2013 Det viktigste, og mest tilgjengelige, verkt\u00f8yet fastleger har, er sterke smertestillende medisiner, som vi vet ikke er en god l\u00f8sning i det lange l\u00f8p, sier han.<\/p>\n<p class=\"_paragraph_1994c_4 _paragraph_xtcu6_10 layout-component text-serif-m layout-normal text-serif-m layout-padded\">Ole Petter Hjelle og fysioterapeut Andreas Lycke kommer med fem konkrete forslag for \u00e5 bedre situasjonen:<\/p>\n<ul class=\"_list_1994c_3 _list_xtcu6_9 _unordered_1994c_105 layout-component text-serif-m layout-normal text-serif-m layout-padded\">\n<li class=\"_item_1994c_30\">Gi helsepersonell \u00f8kt kunnskap om underliggende \u00e5rsaker til langvarige smerter, fedme, psykiske plager og muskelskjelettplager.\u2013 F\u00f8rst da blir det mulig \u00e5 tilby riktige l\u00f8sninger p\u00e5 problemene, eller sende videre til fagpersonell som har den rette kompetansen, sier han.<\/li>\n<li class=\"_item_1994c_30\">Gi helsepersonell empatisk veiledning. \u2013 \u00c5 m\u00f8te pasienter med langvarige og komplekse plager med st\u00f8tte, forst\u00e5else og empati, er helt n\u00f8dvendig for \u00e5 etablere et godt samarbeid, sier Hjelle. Han p\u00e5peker at denne typen kommunikasjon krever mye praktisk trening.<\/li>\n<li class=\"_item_1994c_30\"> Flere tilgjengelige behandlingsmetoder. \u2013 Med gode digitale verkt\u00f8y er det mulig \u00e5 tilby effektiv behandling uavhengig av bosted. Det sparer ogs\u00e5 tid b\u00e5de for behandler og pasient, sier Hjelle. Han mener f.eks. innholdet fra smerteklinikken kunne v\u00e6rt tilbudt gjennom digital psykoedukasjon psykoedukasjon Psykoedukasjon er en behandlingsmetode som inneb\u00e6rer \u00e5 gi pasienter og deres familier informasjon og kunnskap om en sykdom for \u00e5 bedre h\u00e5ndtere den.og veiledningssamtaler p\u00e5 video.<\/li>\n<li class=\"_item_1994c_30\"> Forebygging. Investor mer i forebygging av sykdommer som rammer flest og koster mest.\u2013 Vi vet at muskelskjelettplager, psykiske plager, fedme og diabetes i sv\u00e6rt stor grad kan forebygges gjennom sunne levevaner, sier han.<\/li>\n<li class=\"_item_1994c_30\">Enkel tilgang til helhetlig, individuell helseveiledning. \u2013 Det er det tiltaket vi vet har best effekt for varig endring av levevaner, sier Hjelle.<\/li>\n<\/ul>\n<p class=\"_paragraph_1994c_4 _paragraph_xtcu6_10 layout-component text-serif-m layout-normal text-serif-m layout-padded\">Han understreker at selv med nye og effektive behandlingsmetoder st\u00e5r helsevesenet overfor en enorm ressursmangel, der en eldre befolkning gj\u00f8r at stadig flere trenger behandling.<\/p>\n<p class=\"_paragraph_1994c_4 _paragraph_xtcu6_10 layout-component text-serif-m layout-normal text-serif-m layout-padded\">\u2013 Vi kan ikke behandle oss ut av problemene, men det er helt n\u00f8dvendig \u00e5 unng\u00e5 at s\u00e5 mange havner i behandlingsk\u00f8en, sier Hjelle.<\/p>\n<p>Les ogs\u00e5<\/p>\n<p class=\"_paragraph_1994c_4 _paragraph_xtcu6_10 layout-component text-serif-m layout-normal text-serif-m layout-padded\">Vil du lese mer om helse og trening? VGs magasin Helse best\u00e5r av 100 sider om kroppen, formen og hodet \u2013 og kan kj\u00f8pes i <a href=\"https:\/\/butikk.vg.no\/products\/vg-helse-september-2025\" class=\"_link_1994c_39\" rel=\"nofollow noopener\" target=\"_blank\">v\u00e5r nettbutikk (fri frakt!)<\/a><\/p>\n<p><img alt=\"\" class=\"_image_qp4xg_65 layout-component layout-normal\" data-fullscreen- data-track-element-type=\"Article image fullscreen\" data-track-name=\"ImageFullscreen\" decoding=\"async\" loading=\"lazy\" height=\"798\" itemprop=\"image\"  src=\"https:\/\/www.europesays.com\/no\/wp-content\/uploads\/2025\/10\/f32617f4-aa68-44a8-b309-8b42f9d116f0\"  style=\"object-position:0% 0%\" width=\"620\"\/>    <\/p>\n","protected":false},"excerpt":{"rendered":"Lege Ole Petter Hjelle kritiserer legeutdanningen for manglende oppl\u00e6ring i behandling av komplekse smerter. Han mener fokuset er&hellip;\n","protected":false},"author":2,"featured_media":53968,"comment_status":"","ping_status":"","sticky":false,"template":"","format":"standard","meta":{"footnotes":""},"categories":[10],"tags":[20,21,8167,24,25,15,2901,8168,22,23,13,30,28,29,14,16,26,27,1995],"class_list":{"0":"post-53967","1":"post","2":"type-post","3":"status-publish","4":"format-standard","5":"has-post-thumbnail","7":"category-norge","8":"tag-breaking-news","9":"tag-breakingnews","10":"tag-far-ikke-hjelp","11":"tag-featured-news","12":"tag-featurednews","13":"tag-headlines","14":"tag-kroniske-smerter","15":"tag-langvarig-smerte","16":"tag-latest-news","17":"tag-latestnews","18":"tag-news","19":"tag-no","20":"tag-norge","21":"tag-norway","22":"tag-nyheter","23":"tag-overskrifter","24":"tag-top-stories","25":"tag-topstories","26":"tag-vghelseoglivet"},"share_on_mastodon":{"url":"","error":""},"_links":{"self":[{"href":"https:\/\/www.europesays.com\/no\/wp-json\/wp\/v2\/posts\/53967","targetHints":{"allow":["GET"]}}],"collection":[{"href":"https:\/\/www.europesays.com\/no\/wp-json\/wp\/v2\/posts"}],"about":[{"href":"https:\/\/www.europesays.com\/no\/wp-json\/wp\/v2\/types\/post"}],"author":[{"embeddable":true,"href":"https:\/\/www.europesays.com\/no\/wp-json\/wp\/v2\/users\/2"}],"replies":[{"embeddable":true,"href":"https:\/\/www.europesays.com\/no\/wp-json\/wp\/v2\/comments?post=53967"}],"version-history":[{"count":0,"href":"https:\/\/www.europesays.com\/no\/wp-json\/wp\/v2\/posts\/53967\/revisions"}],"wp:featuredmedia":[{"embeddable":true,"href":"https:\/\/www.europesays.com\/no\/wp-json\/wp\/v2\/media\/53968"}],"wp:attachment":[{"href":"https:\/\/www.europesays.com\/no\/wp-json\/wp\/v2\/media?parent=53967"}],"wp:term":[{"taxonomy":"category","embeddable":true,"href":"https:\/\/www.europesays.com\/no\/wp-json\/wp\/v2\/categories?post=53967"},{"taxonomy":"post_tag","embeddable":true,"href":"https:\/\/www.europesays.com\/no\/wp-json\/wp\/v2\/tags?post=53967"}],"curies":[{"name":"wp","href":"https:\/\/api.w.org\/{rel}","templated":true}]}}