{"id":53981,"date":"2025-10-06T16:16:25","date_gmt":"2025-10-06T16:16:25","guid":{"rendered":"https:\/\/www.europesays.com\/no\/53981\/"},"modified":"2025-10-06T16:16:25","modified_gmt":"2025-10-06T16:16:25","slug":"%e2%88%92-tek-norge-forsvarer-plattformmakten-ikke-barnas-frihet","status":"publish","type":"post","link":"https:\/\/www.europesays.com\/no\/53981\/","title":{"rendered":"\u2212 Tek Norge forsvarer plattformmakten, ikke barnas frihet"},"content":{"rendered":"<p class=\"text-md pt-2 pb-8 mb-3 text-base border-b border-brandNeutral-900 dark:border-brandNeutral-100\">Dette debattinnlegget gir uttrykk for skribentens meninger. Innlegg kan sendes til debatt@digi.no.<\/p>\n<p>Regjeringen vil endelig innf\u00f8re en 15-\u00e5rsgrense for sosiale medier. Det liker Tek Norge d\u00e5rlig. De hevder et forbud vil frata barn retten til \u00e5 delta i samfunnet.<\/p>\n<p>Men bak ordene om frihet og fellesskap skjuler det seg kun \u00f8konomiske interesser.<\/p>\n<p>Tek Norge, tidligere IKT-Norge, har nylig levert sitt <a href=\"https:\/\/www.digi.no\/artikler\/bransjen-skeptisk-til-15-arsgrense-i-some\/562992\" rel=\"nofollow noopener\" target=\"_blank\">h\u00f8ringssvar<\/a> til regjeringens forslag om en 15-\u00e5rsgrense for sosiale medier. De advarer mot at et forbud kan svekke barns rett til \u00e5 uttrykke seg, delta i samfunnsdebatten og finne tilh\u00f8righet.<\/p>\n<p><strong>Argumentasjonen er polert, empatisk og strategisk. Men den b\u00f8r leses med et kritisk blikk.<\/strong><\/p>\n<p>Interesseorganisasjon<\/p>\n<p>Tek Norge er ikke en barnerettsorganisasjon. De er en interesseorganisasjon for det digitale n\u00e6ringslivet, og representerer selskaper som Meta, Snapchat, Google, TikTok, Apple, Huawei og Amazon Web Services, alle med forretningsmodeller som tjener penger p\u00e5 barns og unges oppmerksomhet.<\/p>\n<p>N\u00e5r en organisasjon som Tek Norge g\u00e5r hardt ut mot et tiltak som kan begrense datainnsamling, skjermtid og algoritmisk manipulering, handler det ikke om barnas rettigheter, men utelukkende om plattformselskapenes inntekter.<\/p>\n<p>Kommersielt kamuflert omsorg<\/p>\n<p>Tek Norge hevder at et forbud vil skape mer utrygghet, fordi barn kan flytte seg til d\u00e5rlig modererte plattformer utenfor EU. De viser til eksempler fra Frankrike og S\u00f8r-Korea, hvor aldersbegrensninger har blitt omg\u00e5tt.<\/p>\n<p>Men argumentet bommer p\u00e5 poenget. Dette handler ikke om at barn m\u00e5 forlate sosiale medier, men at de er fanget der allerede.<\/p>\n<p>Forskning fra blant annet Oxford Internet Institute, NOVA og Statens Medietilsyn viser en tydelig sammenheng mellom \u00f8kt bruk av sosiale medier og psykiske helseplager. Vi snakker om lavere selvf\u00f8lelse, konsentrasjonsproblemer, d\u00e5rligere s\u00f8vn, kroppspress, angst og depresjon.<\/p>\n<p>Dette er ikke utilsiktede bivirkninger, men direkte konsekvenser av<br \/>plattformgigantenes design. Plattformene er bygget for \u00e5 skape avhengighet og emosjonell stimulans, ikke for \u00e5 fremme kritisk tenkning eller fellesskap.<\/p>\n<p><strong>\u00c5 hevde at vi b\u00f8r unng\u00e5 et forbud fordi \u00abbarn vil finne andre veier\u00bb, er som \u00e5 si at vi ikke b\u00f8r ha aldersgrense for alkohol fordi noen kj\u00f8per smuglersprit. Argumentet er moralsk defensivt og teknologisk servilt.<\/strong><\/p>\n<p><a class=\"group clear-both w-full !no-underline my-8 sm:my-12 bg-stone-50 dark:bg-brandStone-700 dark:text-brandNeutral-100 flex items-stretch flex-nowrap\" href=\"https:\/\/www.digi.no\/artikler\/intervju-nets-stanset-over-1000-falske-nettsteder\/562298\" rel=\"nofollow noopener\" target=\"_blank\"><img decoding=\"async\" class=\" object-cover h-full w-full transition-transform duration-700 ease-in-out group-hover:scale-[1.05] will-change-transform\" src=\"https:\/\/www.europesays.com\/no\/wp-content\/uploads\/2025\/09\/1758550814_164_snorre_nets.jpg\"  alt=\"Snorre Corneliussen i Nets forteller at kampen mot digitale svindlere aldri tar slutt. Selskapet stanser \u00e5rlig over 1000 falske nettbutikker.\" loading=\"lazy\"\/><\/p>\n<p>Les ogs\u00e5:<\/p>\n<p class=\"group-hover:underline text-brandNeutral-900 dark:text-brandNeutral-100 mt-2 text-base sm:text-xl leading-5 sm:leading-6 font-bold\">Nets: Stanset over 1000 falske nettsteder<\/p>\n<p><\/a>Unicef som skjold<\/p>\n<p>I sitt h\u00f8ringssvar viser Tek Norge <a href=\"https:\/\/www.unicef.org\/documents\/policy-note-drawing-line-digital-spaces\" target=\"_blank\" rel=\"noopener nofollow\">til Unicef<\/a>, som advarer mot at forbudet kan begrense barns tilgang til informasjon og digitale fellesskap.<\/p>\n<p>Det er et klassisk retorisk grep \u00e5 l\u00e5ne autoritet fra en humanit\u00e6r organisasjon for \u00e5 legitimere kommersielle interesser.<\/p>\n<p>Unicef har aldri sagt at barn b\u00f8r ha ubegrenset tilgang til manipulerende algoritmer. De argumenterer derimot for trygge, ansvarlige digitale milj\u00f8er, og det er det stikk motsatte av hva dagens sosiale medier tilbyr.<\/p>\n<p><strong>\u00c5 bruke FN-retorikk for \u00e5 beskytte markedsandeler er ikke samfunnsansvar, men \u00abtillits-vasking\u00bb, der kommersielle interesser vasker sine motiver gjennom humanistisk retorikk.<\/strong><\/p>\n<p>Skjermavhengighet<\/p>\n<p>Barns rett til ytring og deltakelse er grunnleggende. Men den m\u00e5 balanseres mot retten til beskyttelse. I dag er det ikke ytringsfriheten som trues, men barns evne til \u00e5 v\u00e6re til stede i sitt eget liv.<\/p>\n<p>Vi har aldersgrenser for film, spill, alkohol og kj\u00f8ret\u00f8y. Det er ikke for \u00e5<br \/>kontrollere, men for \u00e5 beskytte.<\/p>\n<p><strong>At sosiale medier fortsatt st\u00e5r uten en slik grense, er et historisk paradoks, gitt hvor sterke og destruktive de psykologiske mekanismene bak teknologien er.<\/strong><\/p>\n<p>Tek Norge fremstiller forslaget som et angrep p\u00e5 frihet. Men det handler om digital folkehelse. Om \u00e5 skape et n\u00f8dvendig pusterom for utvikling, l\u00e6ring og relasjoner uten konstant stimuli fra algoritmer som vet mer om ten\u00e5ringens emosjoner enn foreldrene gj\u00f8r.<\/p>\n<p>Teknologisk h\u00e5pl\u00f8shet<\/p>\n<p>Tek Norge hevder at loven er teknisk og juridisk umulig \u00e5 h\u00e5ndheve. Det er en kjent hersketeknikk \u00e5 p\u00e5st\u00e5 at noe ikke lar seg gj\u00f8re, for \u00e5 slippe \u00e5 gj\u00f8re noe.<\/p>\n<p>Men teknologien for aldersverifisering er i rask utvikling, og EUs digitale lommebok vil gi nye l\u00f8sninger. \u00c5 vente med \u00e5 beskytte barn til vi har \u00abperfekte systemer\u00bb er som \u00e5 nekte \u00e5 bruke bilbelte fordi det<br \/>en gang var vanskelig \u00e5 produsere.<\/p>\n<p>Dette er ikke et sp\u00f8rsm\u00e5l om teknologisk gjennomf\u00f8rbarhet, men et sp\u00f8rsm\u00e5l om politisk vilje og moralsk ryggrad.<\/p>\n<p>Hvem kontrollerer hvem?<\/p>\n<p>Tek Norge skriver p\u00e5 sin egen nettside at de vil v\u00e6re en \u00abklar stemme i fortellingen om det digitale Norge\u00bb. Det er prisverdig. Men den stemmen b\u00f8r ikke v\u00e6re et ekko av Silicon Valley.<\/p>\n<p><strong>Vi st\u00e5r midt i en samfunnsendring der barns psykiske helse, oppmerksomhet og tillit er valuta. Da m\u00e5 vi t\u00f8rre \u00e5 sp\u00f8rre hvem det er som kontrollerer hvem. Og det sp\u00f8rsm\u00e5let unng\u00e5r Tek Norge.<\/strong><\/p>\n<p>For dette handler om teknologien som bruker barna, ikke motsatt. Barnas rett til trygghet, utvikling og helse m\u00e5 alltid veie tyngre enn plattformindustriens rett til \u00f8konomisk vekst.<\/p>\n<p>Derfor er ikke 15-\u00e5rs aldersgrense feil vei \u00e5 g\u00e5. Det er den eneste veien som leder fremover.<\/p>\n<p><a class=\"group clear-both w-full !no-underline my-8 sm:my-12 bg-stone-50 dark:bg-brandStone-700 dark:text-brandNeutral-100 flex items-stretch flex-nowrap\" href=\"https:\/\/www.digi.no\/artikler\/nytt-slag-mot-samtykk-eller-betal\/561675\" rel=\"nofollow noopener\" target=\"_blank\"><img decoding=\"async\" class=\" object-cover h-full w-full transition-transform duration-700 ease-in-out group-hover:scale-[1.05] will-change-transform\" src=\"https:\/\/www.europesays.com\/no\/wp-content\/uploads\/2025\/10\/NTB_pPf1sA8qnps.jpg\"  alt=\"N\u00e5r avisene finnes p\u00e5 nett, m\u00e5 de finansieres annerledes. Men \u00e5 leve av annonser kan bli vanskelig p\u00e5 sikt.\" loading=\"lazy\"\/><\/p>\n<p>Les ogs\u00e5:<\/p>\n<p class=\"group-hover:underline text-brandNeutral-900 dark:text-brandNeutral-100 mt-2 text-base sm:text-xl leading-5 sm:leading-6 font-bold\">Nytt slag mot samtykk eller betal<\/p>\n<p><\/a><\/p>\n<p>Anmerkning fra redaksjonen:<\/p>\n<p>Nyg\u00e5rd-Hansen jobber som foredragsholder og konferansier, men tar ogs\u00e5 kommunikasjonsoppdrag, blant annet for flere teknologiselskaper. Hans <a href=\"https:\/\/hanspetter.info\/kundeliste\/\" target=\"_blank\" rel=\"noopener nofollow\">kundeliste er tilgjengelig her<\/a>.<\/p>\n","protected":false},"excerpt":{"rendered":"Dette debattinnlegget gir uttrykk for skribentens meninger. Innlegg kan sendes til debatt@digi.no. Regjeringen vil endelig innf\u00f8re en 15-\u00e5rsgrense&hellip;\n","protected":false},"author":2,"featured_media":53982,"comment_status":"","ping_status":"","sticky":false,"template":"","format":"standard","meta":{"footnotes":""},"categories":[5],"tags":[20,21,24,25,15,19,1216,1354,22,23,17,18,13,30,28,29,14,16,26,27],"class_list":{"0":"post-53981","1":"post","2":"type-post","3":"status-publish","4":"format-standard","5":"has-post-thumbnail","7":"category-overskrifter","8":"tag-breaking-news","9":"tag-breakingnews","10":"tag-featured-news","11":"tag-featurednews","12":"tag-headlines","13":"tag-hovedoppslag","14":"tag-it-politikk","15":"tag-juss-og-samfunn","16":"tag-latest-news","17":"tag-latestnews","18":"tag-main-news","19":"tag-mainnews","20":"tag-news","21":"tag-no","22":"tag-norge","23":"tag-norway","24":"tag-nyheter","25":"tag-overskrifter","26":"tag-top-stories","27":"tag-topstories"},"share_on_mastodon":{"url":"","error":""},"_links":{"self":[{"href":"https:\/\/www.europesays.com\/no\/wp-json\/wp\/v2\/posts\/53981","targetHints":{"allow":["GET"]}}],"collection":[{"href":"https:\/\/www.europesays.com\/no\/wp-json\/wp\/v2\/posts"}],"about":[{"href":"https:\/\/www.europesays.com\/no\/wp-json\/wp\/v2\/types\/post"}],"author":[{"embeddable":true,"href":"https:\/\/www.europesays.com\/no\/wp-json\/wp\/v2\/users\/2"}],"replies":[{"embeddable":true,"href":"https:\/\/www.europesays.com\/no\/wp-json\/wp\/v2\/comments?post=53981"}],"version-history":[{"count":0,"href":"https:\/\/www.europesays.com\/no\/wp-json\/wp\/v2\/posts\/53981\/revisions"}],"wp:featuredmedia":[{"embeddable":true,"href":"https:\/\/www.europesays.com\/no\/wp-json\/wp\/v2\/media\/53982"}],"wp:attachment":[{"href":"https:\/\/www.europesays.com\/no\/wp-json\/wp\/v2\/media?parent=53981"}],"wp:term":[{"taxonomy":"category","embeddable":true,"href":"https:\/\/www.europesays.com\/no\/wp-json\/wp\/v2\/categories?post=53981"},{"taxonomy":"post_tag","embeddable":true,"href":"https:\/\/www.europesays.com\/no\/wp-json\/wp\/v2\/tags?post=53981"}],"curies":[{"name":"wp","href":"https:\/\/api.w.org\/{rel}","templated":true}]}}