{"id":54107,"date":"2025-10-06T18:21:15","date_gmt":"2025-10-06T18:21:15","guid":{"rendered":"https:\/\/www.europesays.com\/no\/54107\/"},"modified":"2025-10-06T18:21:15","modified_gmt":"2025-10-06T18:21:15","slug":"hole-politikk-og-samfunn-advarer-folk-som-har-tenkt-a-rydde-etter-uvaeret","status":"publish","type":"post","link":"https:\/\/www.europesays.com\/no\/54107\/","title":{"rendered":"Hole, Politikk og samfunn | Advarer folk som har tenkt \u00e5 rydde etter uv\u00e6ret"},"content":{"rendered":"\n<p>I en nyhetsmelding fra kommunen skriver de at de jobber med \u00e5 sikre de mest utsatte omr\u00e5dene, men at mange rotvelt fortsatt ligger igjen &#8211; s\u00e6rlig p\u00e5 privat eiendom.<\/p>\n<p>Uforutsigbart<\/p>\n<p>I den forbindelse oppfordrer de til \u00e5 v\u00e6re forsiktig ved opprydding, da veltede tr\u00e6r kan v\u00e6re b\u00e5de ustabile og farlige \u00e5 h\u00e5ndtere.<\/p>\n<p>\u2013 Vi oppfordrer alle grunneiere til \u00e5 vise stor aktsomhet. Tr\u00e6r som har veltet kan st\u00e5 i spenn, og v\u00e6re uforutsigbare. Ved feil h\u00e5ndtering kan de sl\u00e5 tilbake med stor kraft og utgj\u00f8re fare for liv og helse, advarer de.<\/p>\n<p>  <a href=\"https:\/\/www.ringblad.no\/5-45-2118961\" class=\"related-teaser has-image default-story-teaser article--c-eRUmMG article--c-eRUmMG-jKCPdD-design-default\" wp_automatic_readability=\"1\" rel=\"nofollow noopener\" target=\"_blank\"><\/p>\n<p>    For abonnenter<\/p>\n<p>    <img decoding=\"async\" loading=\"lazy\"  src=\"https:\/\/www.europesays.com\/no\/wp-content\/uploads\/2025\/10\/_FRO3380.JPG\" alt=\"\" class=\"brick-c-cFOWSL\" style=\"\"\/><\/p>\n<p>\n            Les ogs\u00e5<\/p>\n<p>  Trine har v\u00e6rt uten str\u00f8m siden l\u00f8rdag: \u2013 Har 14 hester p\u00e5 g\u00e5rden<\/p>\n<p>  <\/a><\/p>\n<p>  <a href=\"https:\/\/www.ringblad.no\/5-45-2118899\" class=\"related-teaser has-image default-story-teaser article--c-eRUmMG article--c-eRUmMG-jKCPdD-design-default\" wp_automatic_readability=\"1\" rel=\"nofollow noopener\" target=\"_blank\"><\/p>\n<p>    For abonnenter<\/p>\n<p>    <img decoding=\"async\" loading=\"lazy\"  src=\"https:\/\/www.europesays.com\/no\/wp-content\/uploads\/2025\/10\/Svein+A%CC%8Age+Eriksen+-+Str%C3%B8mbrudd+%282+of+7%29.jpg\" alt=\"\" class=\"brick-c-cFOWSL\" style=\"\"\/><\/p>\n<p>\n            Les ogs\u00e5<\/p>\n<p>  Svein \u00c5ge savnet informasjon om str\u00f8mbrudd: \u2013 Det er altfor d\u00e5rlig<\/p>\n<p>  <\/a><br \/>\n  Huskeliste<\/p>\n<p>Kommunen har derfor en huskeliste i fire punkter til innbyggerne.<\/p>\n<p>\u2013 Ikke fors\u00f8k \u00e5 rydde rotvelt uten riktig kompetanse og utstyr<\/p>\n<p>\u2013 Hold god avstand til veltede tr\u00e6r og r\u00f8tter<\/p>\n<p>\u2013 Kontakt profesjonelle akt\u00f8rer dersom du er usikker p\u00e5 hvordan du skal h\u00e5ndtere situasjonen<\/p>\n<p>\u2013 Spesielt barn og unge, men innbyggere generelt oppfordres til \u00e5 holde seg unna omr\u00e5der med rotvelt<\/p>\n<p>  <a href=\"https:\/\/www.ringblad.no\/5-45-2118881\" class=\"related-teaser has-image default-story-teaser article--c-eRUmMG article--c-eRUmMG-jKCPdD-design-default\" wp_automatic_readability=\"1\" rel=\"nofollow noopener\" target=\"_blank\"><\/p>\n<p>    <img decoding=\"async\" loading=\"lazy\"  src=\"https:\/\/www.europesays.com\/no\/wp-content\/uploads\/2025\/10\/tyristubben...jfif\" alt=\"\" class=\"brick-c-cFOWSL\" style=\"\"\/><\/p>\n<p>\n            Les ogs\u00e5<\/p>\n<p>  H\u00f8nefoss-jentene lurte \u00abAmy\u00bb: \u2013 Vi m\u00e5tte booke om flyet<\/p>\n<p>  <\/a><\/p>\n<p>  <a href=\"https:\/\/www.ringblad.no\/5-45-2118316\" class=\"related-teaser has-image default-gallery-teaser article--c-eRUmMG article--c-eRUmMG-jKCPdD-design-default\" wp_automatic_readability=\"1\" rel=\"nofollow noopener\" target=\"_blank\"><\/p>\n<p>    For abonnenter<\/p>\n<p>    <img decoding=\"async\" loading=\"lazy\"  src=\"https:\/\/www.europesays.com\/no\/wp-content\/uploads\/2025\/10\/_DSC6513_1.jpg\" alt=\"\" class=\"brick-c-cFOWSL\" style=\"\"\/><\/p>\n<p>\n            Bildeserie<\/p>\n<p>  Se bildene: Ekstremv\u00e6ret herjer &#8211; her ryddes tr\u00e6rne fra veien<\/p>\n<p>  <\/a><br \/>\n  Prioriterer<\/p>\n<p>Hole kommune lover at de f\u00f8lger situasjonen n\u00f8ye, og at de vil fortsette \u00e5 prioritere sikring av tr\u00e6r som utgj\u00f8r en fare for offentlig ferdsel.<\/p>\n<p>\u2013 Hold avstand, og v\u00e6r forsiktig der du ferdes, poengterer de.<\/p>\n<p>  <a href=\"https:\/\/www.ringblad.no\/5-45-2118157\" class=\"related-teaser default-story-teaser article--c-eRUmMG article--c-eRUmMG-jKCPdD-design-default article--c-eRUmMG-kpKLOW-cv\" wp_automatic_readability=\"1\" rel=\"nofollow noopener\" target=\"_blank\"><\/p>\n<p>\n            Les ogs\u00e5<\/p>\n<p>  F\u00f8lg ekstremv\u00e6ret \u00abAmy\u00bb i ringeriksregionen<\/p>\n<p>  <\/a><\/p>\n<p>  <a href=\"https:\/\/www.ringblad.no\/5-45-2118811\" class=\"related-teaser has-image default-story-teaser article--c-eRUmMG article--c-eRUmMG-jKCPdD-design-default\" wp_automatic_readability=\"1\" rel=\"nofollow noopener\" target=\"_blank\"><\/p>\n<p>    For abonnenter<\/p>\n<p>    <img decoding=\"async\" loading=\"lazy\"  src=\"https:\/\/www.europesays.com\/no\/wp-content\/uploads\/2025\/10\/_DSC6629.jpg\" alt=\"\" class=\"brick-c-cFOWSL\" style=\"\"\/><\/p>\n<p>\n            Les ogs\u00e5<\/p>\n<p>  J\u00f8rn v\u00e5knet av et brak. Da kom naboen til unnsetning<\/p>\n<p>  <\/a><\/p>\n<p>  <a href=\"https:\/\/www.ringblad.no\/5-45-2118748\" class=\"related-teaser has-image default-story-teaser article--c-eRUmMG article--c-eRUmMG-jKCPdD-design-default\" wp_automatic_readability=\"1\" rel=\"nofollow noopener\" target=\"_blank\"><\/p>\n<p>    For abonnenter<\/p>\n<p>    <img decoding=\"async\" loading=\"lazy\"  src=\"https:\/\/www.europesays.com\/no\/wp-content\/uploads\/2025\/10\/_DSC6584.jpg\" alt=\"\" class=\"brick-c-cFOWSL\" style=\"\"\/><\/p>\n<p>\n            Les ogs\u00e5<\/p>\n<p>  Rydder i kaoset: \u2013 Bare langs veien v\u00e5r hadde det g\u00e5tt ned 35 tr\u00e6r<\/p>\n<p>  <\/a><\/p>\n<p>  <a href=\"https:\/\/www.ringblad.no\/5-45-2118537\" class=\"related-teaser has-image default-story-teaser article--c-eRUmMG article--c-eRUmMG-jKCPdD-design-default\" wp_automatic_readability=\"1\" rel=\"nofollow noopener\" target=\"_blank\"><\/p>\n<p>    <img decoding=\"async\" loading=\"lazy\"  src=\"https:\/\/www.europesays.com\/no\/wp-content\/uploads\/2025\/10\/F%C3%B8ie+kveld.png\" alt=\"\" class=\"brick-c-cFOWSL\" style=\"\"\/><\/p>\n<p>\n            Les ogs\u00e5<\/p>\n<p>  Str\u00f8mkunder reagerer. F\u00f8ie: \u2013 Det har v\u00e6rt krevende<\/p>\n<p>  <\/a><\/p>\n<p>  <a href=\"https:\/\/www.ringblad.no\/5-45-2118400\" class=\"related-teaser has-image default-story-teaser article--c-eRUmMG article--c-eRUmMG-jKCPdD-design-default\" wp_automatic_readability=\"1\" rel=\"nofollow noopener\" target=\"_blank\"><\/p>\n<p>    For abonnenter<\/p>\n<p>    <img decoding=\"async\" loading=\"lazy\"  src=\"https:\/\/www.europesays.com\/no\/wp-content\/uploads\/2025\/10\/Tre+ved+huset+Jernslett_1.jpg\" alt=\"\" class=\"brick-c-cFOWSL\" style=\"\"\/><\/p>\n<p>\n            Les ogs\u00e5<\/p>\n<p>  Plutselig h\u00f8rte familien et brak: \u2013 Tr\u00e6rne knekker som pinner<\/p>\n<p>  <\/a><\/p>\n<p>  <a href=\"https:\/\/www.ringblad.no\/5-45-2118385\" class=\"related-teaser has-image default-story-teaser article--c-eRUmMG article--c-eRUmMG-jKCPdD-design-default\" wp_automatic_readability=\"1\" rel=\"nofollow noopener\" target=\"_blank\"><\/p>\n<p>    For abonnenter<\/p>\n<p>    <img decoding=\"async\" loading=\"lazy\"  src=\"https:\/\/www.europesays.com\/no\/wp-content\/uploads\/2025\/10\/IMG_5295.jpg\" alt=\"\" class=\"brick-c-cFOWSL\" style=\"\"\/><\/p>\n<p>\n            Les ogs\u00e5<\/p>\n<p>  Jon ble oppringt av naboen: \u2013 Utrolig nok har det klart seg<\/p>\n<p>  <\/a><\/p>\n","protected":false},"excerpt":{"rendered":"I en nyhetsmelding fra kommunen skriver de at de jobber med \u00e5 sikre de mest utsatte omr\u00e5dene, men&hellip;\n","protected":false},"author":2,"featured_media":54108,"comment_status":"","ping_status":"","sticky":false,"template":"","format":"standard","meta":{"footnotes":""},"categories":[10],"tags":[36,20,21,7931,24,25,15,2696,22,23,13,30,28,29,14,16,1282,1510,26,27],"class_list":{"0":"post-54107","1":"post","2":"type-post","3":"status-publish","4":"format-standard","5":"has-post-thumbnail","7":"category-norge","8":"tag-art","9":"tag-breaking-news","10":"tag-breakingnews","11":"tag-ekstremvaeret-amy","12":"tag-featured-news","13":"tag-featurednews","14":"tag-headlines","15":"tag-hole","16":"tag-latest-news","17":"tag-latestnews","18":"tag-news","19":"tag-no","20":"tag-norge","21":"tag-norway","22":"tag-nyheter","23":"tag-overskrifter","24":"tag-politikk-og-samfunn","25":"tag-story","26":"tag-top-stories","27":"tag-topstories"},"share_on_mastodon":{"url":"","error":""},"_links":{"self":[{"href":"https:\/\/www.europesays.com\/no\/wp-json\/wp\/v2\/posts\/54107","targetHints":{"allow":["GET"]}}],"collection":[{"href":"https:\/\/www.europesays.com\/no\/wp-json\/wp\/v2\/posts"}],"about":[{"href":"https:\/\/www.europesays.com\/no\/wp-json\/wp\/v2\/types\/post"}],"author":[{"embeddable":true,"href":"https:\/\/www.europesays.com\/no\/wp-json\/wp\/v2\/users\/2"}],"replies":[{"embeddable":true,"href":"https:\/\/www.europesays.com\/no\/wp-json\/wp\/v2\/comments?post=54107"}],"version-history":[{"count":0,"href":"https:\/\/www.europesays.com\/no\/wp-json\/wp\/v2\/posts\/54107\/revisions"}],"wp:featuredmedia":[{"embeddable":true,"href":"https:\/\/www.europesays.com\/no\/wp-json\/wp\/v2\/media\/54108"}],"wp:attachment":[{"href":"https:\/\/www.europesays.com\/no\/wp-json\/wp\/v2\/media?parent=54107"}],"wp:term":[{"taxonomy":"category","embeddable":true,"href":"https:\/\/www.europesays.com\/no\/wp-json\/wp\/v2\/categories?post=54107"},{"taxonomy":"post_tag","embeddable":true,"href":"https:\/\/www.europesays.com\/no\/wp-json\/wp\/v2\/tags?post=54107"}],"curies":[{"name":"wp","href":"https:\/\/api.w.org\/{rel}","templated":true}]}}