{"id":54121,"date":"2025-10-06T18:30:27","date_gmt":"2025-10-06T18:30:27","guid":{"rendered":"https:\/\/www.europesays.com\/no\/54121\/"},"modified":"2025-10-06T18:30:27","modified_gmt":"2025-10-06T18:30:27","slug":"debatt-glimt-debatt-hat-logner-og-kronikk","status":"publish","type":"post","link":"https:\/\/www.europesays.com\/no\/54121\/","title":{"rendered":"Debatt, Glimt-debatt | Hat, l\u00f8gner og kronikk"},"content":{"rendered":"\n<p>Nok en gang har vi opplevd et mer eller mindre motivert \u00abangrep\u00bb p\u00e5 alt som har med Bod\u00f8\/Glimt og Bod\u00f8 by \u00e5 gj\u00f8re. Avisa Nordlys fra Troms\u00f8 hjelper mange av disse frustrerte bod\u00f8haterne med \u00e5 f\u00e5 fram sine narrativer, spesielt rundt det som handler om Glimt.<\/p>\n<p>Senest i g\u00e5r sto det <a href=\"https:\/\/www.an.no\/hvorfor-liker-ingen-glimt\/o\/5-4-2253526\" rel=\"Follow nofollow noopener\" target=\"_blank\">en kronikk i nevnte avis, videreformidlet av AN, en kronikk s\u00e5 skakkj\u00f8rt, uriktig og fylt med s\u00e5 mye s\u00f8plete meninger man kan f\u00e5 pakket inn i et innlegg<\/a>.<\/p>\n<p>Jeg koser meg noen ganger med fauskev\u00e6ringen Egon Holstads betraktninger om dette og hint, og bosatt i Troms\u00f8 har han jo virkelig m\u00f8tt meningsfeller n\u00e5r det gjelder synet p\u00e5 Bod\u00f8 og Glimt. Men han skriver godt, og gjerne krydret med glimrende bruk av sarkasme og ironi, som i seg selv kan v\u00e6re en vanskelig \u00f8velse. Denne kronikken \u00abHvorfor liker ingen Glimt\u00bb rekker ikke Holstad opp til anklene.<\/p>\n<p>Jeg skrev for en tid tilbake et innlegg i AN med overskriften \u00ab<a href=\"https:\/\/www.an.no\/er-det-ikke-deilig-a-ha-noen-a-hate\/o\/5-4-1908578\" rel=\"Follow nofollow noopener\" target=\"_blank\">Er det ikke deilig \u00e5 ha noen \u00e5 hate?<\/a>\u00bb dette skrev jeg p\u00e5 bakgrunn av noen sure oppst\u00f8t fra eks troms\u00f8spiller \u00c5rst. Der skinner det gjennom hvor dypt forakten for klubben v\u00e5r stikker, og n\u00e5r da media der oppe spinner p\u00e5 narrativ rundt overganger, rundt flytting av kamper og andre episoder Glimt har v\u00e6rt involvert i de siste \u00e5rene blir fr\u00f8ene til hatet s\u00e5dd i troms\u00f8jorda. Men hvor bredt og dypt stikker s\u00e5 den uviljen og forakten for Bod\u00f8 og Glimt der oppe ishavsbyen? Hvorfor er det s\u00e5 vanskelig \u00e5 se at den nordnorske rivalen har v\u00e6rt en \u00e5penbaring ikke bare i Norge, men ute i Europa?<\/p>\n<p>P\u00e5 70\u2019tallet da jeg vokste opp i Bod\u00f8 var det egentlig bare Glimt det handlet om i nord, Mj\u00f8lner hadde riktignok v\u00e6rt det f\u00f8rste nordnorske innslaget i \u00f8verste divisjon, men det var Glimt som var slagskipet, og cupseieren i 75 var en begivenhet som hele Nord-Norge stilte seg bak, og bejublet. Hvor var Troms\u00f8 p\u00e5 denne tida? Det var ingen som tenkte p\u00e5 de i fotballsammenheng, det var stor avstand mellom klubbene noe som viste seg da Glimt vant 9\u20130 i 2. runde i cupen i 1977.<\/p>\n<p>Da 80\u2019tallet kom \u00e5 Glimt forsvant inn i glemselen, tok Troms\u00f8 over som beste lag i Nord-Norge, men heller ikke da kan jeg huske noen mishagsytringer eller noe hatprat p\u00e5 byen ang\u00e5ende Troms\u00f8, jeg var i milit\u00e6ret i 82, hadde et veldig godt forhold til de Troms\u00f8v\u00e6ringene jeg tjenestegjorde sammen med der. Tror til og med jeg synes det var stas da Troms\u00f8 slo LSK p\u00e5 Ullev\u00e5l i 86.<\/p>\n<p>90-tallet kom jo med Glimts framgang, series\u00f8lv og cupgull i 93, og det var vel egentlig p\u00e5 den tiden man begynte \u00e5 snakke om rivalisering, kampen om Nord-Norge osv. ikke minst fikk man episoder som \u00abAabrekkstupet\u00bb p\u00e5 Aspmyra og den bitre cupfinalen i 96.<\/p>\n<p>Men etter hvert kom SoMe-tidsalderen, der man kan sitte hjemme over tastaturet og spy ut galle og eder over saker, mennesker og ting man ikke liker. Og n\u00e5r man da ogs\u00e5 f\u00e5r medier som liker \u00e5 fyre oppunder, ja da f\u00e5r man den perfekte storm. S\u00e5 da sp\u00f8r man seg, er dette hatet medieskapt? Hvis s\u00e5 er tilfelle har ikke media ansvaret for \u00e5 roe ned, istedenfor \u00e5 holde liv i gl\u00f8rne? Hvorfor godtar et redakt\u00f8rstyrt organ at fordomsfulle, l\u00f8gnaktige p\u00e5stander ukritisk blir spredt utover nettet?<\/p>\n<p>Jeg registrerer at en del troms\u00f8supportere tar avstand fra den type kronikker som det vi fikk servert i g\u00e5r, det er positivt \u00e5 se, men allikevel er fr\u00f8et s\u00e5dd, de som gjerne vil fortsette hatet f\u00e5r p\u00e5 bakgrunn av det som skrives, enda mer vann p\u00e5 m\u00f8lla.<\/p>\n<p>Jeg m\u00e5 innr\u00f8mme at min antipati mot Troms\u00f8 ikke blir noe mindre, jeg \u00f8nsker ikke Troms\u00f8 IL noe godt, jeg h\u00e5per de m\u00f8ter mye motgang i \u00e5rene som kommer. Jeg hater ingen, men hadde helst sett at andre nordnorske klubber hadde blitt v\u00e5re argeste rivaler i nord.<\/p>\n<p>Man blir jo ikke mer vennligsinnet overfor enkelte, n\u00e5r man f\u00e5r servert slikt s\u00f8ppel som dette innlegget, og hadde det v\u00e6rt en halvfull polkagris p\u00e5 en brun pub der oppe som satt \u00e5 remja, s\u00e5 kunne man jo bare ledd av det hele.<\/p>\n<p>Det er forkastelig og i ytterste konsekvens farlig, fordi de da legitimerer hat som igjen kan resultere i mer alvorlige hendelser.<\/p>\n<p>Vi supportere har et ansvar, media har et ansvar, vi har alle et ansvar, hvem p\u00e5tar seg ansvaret?<\/p>\n<p>Heia Glimt og fred p\u00e5 jord. <\/p>\n","protected":false},"excerpt":{"rendered":"Nok en gang har vi opplevd et mer eller mindre motivert \u00abangrep\u00bb p\u00e5 alt som har med Bod\u00f8\/Glimt&hellip;\n","protected":false},"author":2,"featured_media":54122,"comment_status":"","ping_status":"","sticky":false,"template":"","format":"standard","meta":{"footnotes":""},"categories":[59],"tags":[36,37,8187,6885,30,2698,28,29,1533,83,82],"class_list":{"0":"post-54121","1":"post","2":"type-post","3":"status-publish","4":"format-standard","5":"has-post-thumbnail","7":"category-sport","8":"tag-art","9":"tag-debatt","10":"tag-glimt-debatt","11":"tag-hat","12":"tag-no","13":"tag-nord-norge","14":"tag-norge","15":"tag-norway","16":"tag-opinion","17":"tag-sport","18":"tag-sports"},"share_on_mastodon":{"url":"","error":""},"_links":{"self":[{"href":"https:\/\/www.europesays.com\/no\/wp-json\/wp\/v2\/posts\/54121","targetHints":{"allow":["GET"]}}],"collection":[{"href":"https:\/\/www.europesays.com\/no\/wp-json\/wp\/v2\/posts"}],"about":[{"href":"https:\/\/www.europesays.com\/no\/wp-json\/wp\/v2\/types\/post"}],"author":[{"embeddable":true,"href":"https:\/\/www.europesays.com\/no\/wp-json\/wp\/v2\/users\/2"}],"replies":[{"embeddable":true,"href":"https:\/\/www.europesays.com\/no\/wp-json\/wp\/v2\/comments?post=54121"}],"version-history":[{"count":0,"href":"https:\/\/www.europesays.com\/no\/wp-json\/wp\/v2\/posts\/54121\/revisions"}],"wp:featuredmedia":[{"embeddable":true,"href":"https:\/\/www.europesays.com\/no\/wp-json\/wp\/v2\/media\/54122"}],"wp:attachment":[{"href":"https:\/\/www.europesays.com\/no\/wp-json\/wp\/v2\/media?parent=54121"}],"wp:term":[{"taxonomy":"category","embeddable":true,"href":"https:\/\/www.europesays.com\/no\/wp-json\/wp\/v2\/categories?post=54121"},{"taxonomy":"post_tag","embeddable":true,"href":"https:\/\/www.europesays.com\/no\/wp-json\/wp\/v2\/tags?post=54121"}],"curies":[{"name":"wp","href":"https:\/\/api.w.org\/{rel}","templated":true}]}}