{"id":54123,"date":"2025-10-06T18:31:13","date_gmt":"2025-10-06T18:31:13","guid":{"rendered":"https:\/\/www.europesays.com\/no\/54123\/"},"modified":"2025-10-06T18:31:13","modified_gmt":"2025-10-06T18:31:13","slug":"underholdning-skal-vi-danse-elleville-seertall-for-skal-vi-danse","status":"publish","type":"post","link":"https:\/\/www.europesays.com\/no\/54123\/","title":{"rendered":"Underholdning, Skal vi danse | Elleville seertall for \u00abSkal vi danse\u00bb"},"content":{"rendered":"\n<p><a href=\"https:\/\/www.nettavisen.no\/kjendis\/elleville-seertall-for-skal-vi-danse\/s\/5-95-2655348\" rel=\"Follow nofollow noopener\" target=\"_blank\">NETTAVISEN<\/a>: L\u00f8rdag kveld var \u00abSkal vi danse\u00bb endelig tilbake p\u00e5 skjermen, og forventningene har v\u00e6rt h\u00f8ye etter ett \u00e5rs pause fra TV-skjermen.<\/p>\n<p>Over 774.000 seere fulgte premieren p\u00e5 \u00abSkal vi danse\u00bb denne helgen, f\u00e5r Nettavisen bekreftet.<\/p>\n<p>\u2013 Dette er den mest sette premieren noensinne, sier programredakt\u00f8r Trygve R\u00f8nningen i TV 2.<\/p>\n<p>Premieren i 2023 ble sett av 645.000 etter like mange dager.<\/p>\n<p>  <a href=\"https:\/\/www.rb.no\/5-43-2581426\" class=\"related-teaser has-image default-story-teaser article--c-eRUmMG article--c-eRUmMG-jKCPdD-design-default\" wp_automatic_readability=\"1\" rel=\"nofollow noopener\" target=\"_blank\"><\/p>\n<p>    For abonnenter<\/p>\n<p>    <img decoding=\"async\" loading=\"lazy\"  src=\"https:\/\/www.europesays.com\/no\/wp-content\/uploads\/2025\/10\/att.hxMKe2vegQZ_3EiVkiAYwDgzL1Z8nZ7ZbXSkp5S5NYc_1.JPG\" alt=\"\" class=\"brick-c-cFOWSL\" style=\"\"\/><\/p>\n<p>\n            Les ogs\u00e5<\/p>\n<p>  Ble m\u00f8tt av skap og skuffer p\u00e5 vidt gap: \u2013 Ergerlig<\/p>\n<p>  <\/a><\/p>\n<p>  <a href=\"https:\/\/www.rb.no\/5-43-2578352\" class=\"related-teaser has-image default-story-teaser article--c-eRUmMG article--c-eRUmMG-jKCPdD-design-default\" wp_automatic_readability=\"1\" rel=\"nofollow noopener\" target=\"_blank\"><\/p>\n<p>    For abonnenter<\/p>\n<p>    <img decoding=\"async\" loading=\"lazy\"  src=\"https:\/\/www.europesays.com\/no\/wp-content\/uploads\/2025\/10\/5_43_1993899_drone_lB8renskog_ettermiddag_3.jpg\" alt=\"\" class=\"brick-c-cFOWSL\" style=\"\"\/><\/p>\n<p>\n            Les ogs\u00e5<\/p>\n<p>  Politiet: To barn utsatt for vold etter \u00abringpigg\u00bb<\/p>\n<p>  <\/a><\/p>\n<p>  <a href=\"https:\/\/www.rb.no\/5-43-2578533\" class=\"related-teaser has-image default-story-teaser article--c-eRUmMG article--c-eRUmMG-jKCPdD-design-default\" wp_automatic_readability=\"1\" rel=\"nofollow noopener\" target=\"_blank\"><\/p>\n<p>    For abonnenter<\/p>\n<p>    <img decoding=\"async\" loading=\"lazy\"  src=\"https:\/\/www.europesays.com\/no\/wp-content\/uploads\/2025\/10\/FrognerBarnehage-2.jpg\" alt=\"\" class=\"brick-c-cFOWSL\" style=\"\"\/><\/p>\n<p>\n            Les ogs\u00e5<\/p>\n<p>  Folk r\u00f8yker og b\u00e6sjer i barnehagen: \u2013 Det er frustrerende<\/p>\n<p>  <\/a><\/p>\n","protected":false},"excerpt":{"rendered":"NETTAVISEN: L\u00f8rdag kveld var \u00abSkal vi danse\u00bb endelig tilbake p\u00e5 skjermen, og forventningene har v\u00e6rt h\u00f8ye etter ett&hellip;\n","protected":false},"author":2,"featured_media":54124,"comment_status":"","ping_status":"","sticky":false,"template":"","format":"standard","meta":{"footnotes":""},"categories":[58],"tags":[36,71,30,28,29,2280,1510,208,72],"class_list":{"0":"post-54123","1":"post","2":"type-post","3":"status-publish","4":"format-standard","5":"has-post-thumbnail","7":"category-underholdning","8":"tag-art","9":"tag-entertainment","10":"tag-no","11":"tag-norge","12":"tag-norway","13":"tag-skal-vi-danse","14":"tag-story","15":"tag-tv-2","16":"tag-underholdning"},"share_on_mastodon":{"url":"","error":""},"_links":{"self":[{"href":"https:\/\/www.europesays.com\/no\/wp-json\/wp\/v2\/posts\/54123","targetHints":{"allow":["GET"]}}],"collection":[{"href":"https:\/\/www.europesays.com\/no\/wp-json\/wp\/v2\/posts"}],"about":[{"href":"https:\/\/www.europesays.com\/no\/wp-json\/wp\/v2\/types\/post"}],"author":[{"embeddable":true,"href":"https:\/\/www.europesays.com\/no\/wp-json\/wp\/v2\/users\/2"}],"replies":[{"embeddable":true,"href":"https:\/\/www.europesays.com\/no\/wp-json\/wp\/v2\/comments?post=54123"}],"version-history":[{"count":0,"href":"https:\/\/www.europesays.com\/no\/wp-json\/wp\/v2\/posts\/54123\/revisions"}],"wp:featuredmedia":[{"embeddable":true,"href":"https:\/\/www.europesays.com\/no\/wp-json\/wp\/v2\/media\/54124"}],"wp:attachment":[{"href":"https:\/\/www.europesays.com\/no\/wp-json\/wp\/v2\/media?parent=54123"}],"wp:term":[{"taxonomy":"category","embeddable":true,"href":"https:\/\/www.europesays.com\/no\/wp-json\/wp\/v2\/categories?post=54123"},{"taxonomy":"post_tag","embeddable":true,"href":"https:\/\/www.europesays.com\/no\/wp-json\/wp\/v2\/tags?post=54123"}],"curies":[{"name":"wp","href":"https:\/\/api.w.org\/{rel}","templated":true}]}}