{"id":54165,"date":"2025-10-06T19:32:12","date_gmt":"2025-10-06T19:32:12","guid":{"rendered":"https:\/\/www.europesays.com\/no\/54165\/"},"modified":"2025-10-06T19:32:12","modified_gmt":"2025-10-06T19:32:12","slug":"mosjoen-samferdsel-solgte-togbilletter-pa-strekningen-de-ikke-kan-operere-tog-pa-vi-beklager-eventuelle-ulemper","status":"publish","type":"post","link":"https:\/\/www.europesays.com\/no\/54165\/","title":{"rendered":"Mosj\u00f8en, Samferdsel | Solgte togbilletter p\u00e5 strekningen de ikke kan operere tog p\u00e5: \u2013 Vi beklager eventuelle ulemper"},"content":{"rendered":"\n<p>\u2013 Den tekniske feilen som f\u00f8rte til at varselet falt ut, er uheldig.<\/p>\n<p>Det sier Randi Ness, direkt\u00f8r kommunikasjon og marked, om billettsituasjonen.<\/p>\n<p>Reisende fra Trondheim til Mosj\u00f8en hadde mulighet til \u00e5 bestille tog hele veien.<\/p>\n<p>Det til tross for at strekningen ble <a href=\"https:\/\/www.helg.no\/raset-i-levanger-lammer-nordlandsbanen-ma-belage-seg-pa-buss-for-tog-og-krevende-reiserute\/s\/5-24-1090214\" rel=\"Follow nofollow noopener\" target=\"_blank\">rammet av ras<\/a> p\u00e5 Levanger, l\u00f8rdag 30. august.<\/p>\n<p>   <img decoding=\"async\" width=\"1206\" height=\"2622\" fetchpriority=\"low\"  loading=\"lazy\"  src=\"https:\/\/www.europesays.com\/no\/wp-content\/uploads\/2025\/10\/IMG_9917.PNG\" alt=\"\" class=\"brick-c-cFOWSL\" style=\"--brick-image-ratio: 1206 \/ 2622;\"\/><\/p>\n<p>    FEIL: Her er det fors\u00f8kt \u00e5 bestille togbillett 16.november 2026, med tog hele reiseruten fra Trondheim<br \/>\n    Foto: Skjermdump VY\n  <\/p>\n<p>\u2013 SJ Norge befinner seg i en utfordrende situasjon hvor vi per i dag ikke kan operere tog p\u00e5 den nordlige siden av bruddet p\u00e5 Nesvatn. Frem til slutten av oktober m\u00e5ned er det kun mulig \u00e5 bestille buss for tog. Etter november er det som du sier, togbilletter i salg, sier Ness.<\/p>\n<p>\u2013 Hvordan er det mulig at reisende kan bestille togbilletter, p\u00e5 en strekning som er rammet av et stort ras?<\/p>\n<p>\u2013 Vi \u00f8nsker ikke \u00e5 fjerne muligheten for \u00e5 bestille reiser, og vi skal s\u00f8rge for at v\u00e5re passasjerer blir fraktet, men det skulle v\u00e6rt et varsel som sa at disse avgangene hadde mulig buss for tog. Det har vi n\u00e5 blitt oppmerksom p\u00e5 at det mangler, og det vil n\u00e5 bli ordnet.<\/p>\n<p>\u2013 Hva skjer for de reisende som har bestilt billett?<\/p>\n<p>\u2013 De reisende som har kj\u00f8pt billett vil motta informasjon via e-post og\/eller SMS dersom det blir buss for tog. Vi beklager eventuelle ulemper dette m\u00e5tte medf\u00f8re og takker for deres forst\u00e5else.<\/p>\n<p>Ness forteller at de jobber med ulike driftsopplegg nord for bruddet.<\/p>\n<p>\u2013 Vi h\u00e5per \u00e5 kunne kj\u00f8re noen tog s\u00e5 snart det er mulig. For \u00e5 f\u00e5 dette til, er vi avhengig av \u00e5 f\u00e5 p\u00e5 plass midlertidig verkstedsfasiliteter nord for bruddet. Vi har god dialog med Bane NOR Eiendom om dette n\u00e5.<\/p>\n","protected":false},"excerpt":{"rendered":"\u2013 Den tekniske feilen som f\u00f8rte til at varselet falt ut, er uheldig. Det sier Randi Ness, direkt\u00f8r&hellip;\n","protected":false},"author":2,"featured_media":54166,"comment_status":"","ping_status":"","sticky":false,"template":"","format":"standard","meta":{"footnotes":""},"categories":[5],"tags":[36,20,21,24,25,15,19,22,23,17,18,1068,13,30,28,29,14,16,223,8191,1510,26,27,224,1203],"class_list":{"0":"post-54165","1":"post","2":"type-post","3":"status-publish","4":"format-standard","5":"has-post-thumbnail","7":"category-overskrifter","8":"tag-art","9":"tag-breaking-news","10":"tag-breakingnews","11":"tag-featured-news","12":"tag-featurednews","13":"tag-headlines","14":"tag-hovedoppslag","15":"tag-latest-news","16":"tag-latestnews","17":"tag-main-news","18":"tag-mainnews","19":"tag-mosjoen","20":"tag-news","21":"tag-no","22":"tag-norge","23":"tag-norway","24":"tag-nyheter","25":"tag-overskrifter","26":"tag-samferdsel","27":"tag-sj-nord","28":"tag-story","29":"tag-top-stories","30":"tag-topstories","31":"tag-trafikk","32":"tag-vefsn"},"share_on_mastodon":{"url":"","error":""},"_links":{"self":[{"href":"https:\/\/www.europesays.com\/no\/wp-json\/wp\/v2\/posts\/54165","targetHints":{"allow":["GET"]}}],"collection":[{"href":"https:\/\/www.europesays.com\/no\/wp-json\/wp\/v2\/posts"}],"about":[{"href":"https:\/\/www.europesays.com\/no\/wp-json\/wp\/v2\/types\/post"}],"author":[{"embeddable":true,"href":"https:\/\/www.europesays.com\/no\/wp-json\/wp\/v2\/users\/2"}],"replies":[{"embeddable":true,"href":"https:\/\/www.europesays.com\/no\/wp-json\/wp\/v2\/comments?post=54165"}],"version-history":[{"count":0,"href":"https:\/\/www.europesays.com\/no\/wp-json\/wp\/v2\/posts\/54165\/revisions"}],"wp:featuredmedia":[{"embeddable":true,"href":"https:\/\/www.europesays.com\/no\/wp-json\/wp\/v2\/media\/54166"}],"wp:attachment":[{"href":"https:\/\/www.europesays.com\/no\/wp-json\/wp\/v2\/media?parent=54165"}],"wp:term":[{"taxonomy":"category","embeddable":true,"href":"https:\/\/www.europesays.com\/no\/wp-json\/wp\/v2\/categories?post=54165"},{"taxonomy":"post_tag","embeddable":true,"href":"https:\/\/www.europesays.com\/no\/wp-json\/wp\/v2\/tags?post=54165"}],"curies":[{"name":"wp","href":"https:\/\/api.w.org\/{rel}","templated":true}]}}