{"id":54171,"date":"2025-10-06T19:39:10","date_gmt":"2025-10-06T19:39:10","guid":{"rendered":"https:\/\/www.europesays.com\/no\/54171\/"},"modified":"2025-10-06T19:39:10","modified_gmt":"2025-10-06T19:39:10","slug":"ulykker-og-hendelser-ulykker-mann-omkom-etter-arbeidsulykke-ved-sagbruk","status":"publish","type":"post","link":"https:\/\/www.europesays.com\/no\/54171\/","title":{"rendered":"Ulykker og hendelser, Ulykker | Mann omkom etter arbeidsulykke ved sagbruk"},"content":{"rendered":"\n<p>(<a href=\"https:\/\/www.oa.no\/alvorlig-arbeidsulykke-ved-sagbruk\/s\/5-35-2169304\" rel=\"Follow nofollow noopener\" target=\"_blank\">Oppland Arbeiderblad<\/a>): Mandag kveld rykket n\u00f8detatene ut til en arbeidsulykke ved et sagbruk i S\u00f8r-Aurdal.<\/p>\n<p>Politiets operasjonsleder Jannicke Silseth Eide betegnet ulykken som alvorlig. Politiet fikk melding om hendelsen klokka 17.52.<\/p>\n<p>Luftambulansen kom etter hvert p\u00e5 stedet, og if\u00f8lge et vitne OA har snakket med hadde helikopteret fortsatt ikke lettet fra stedet ved 18.45-tiden.<\/p>\n<p>Oppland Arbeiderblad har ogs\u00e5 v\u00e6rt i kontakt med politiets operasjonssentral. De hadde forel\u00f8pig ikke flere opplysninger om hendelsen enn det de allerede hadde meldt.<\/p>\n<p>Like etter klokka 19 opplyste politiet at de vil foreta unders\u00f8kelser p\u00e5 stedet og foreta avh\u00f8r av vitner for \u00e5 f\u00e5 klarhet i hendelsesforl\u00f8pet.<\/p>\n<p>Klokken 21.20 mandag kveld opplyser politiet at personen som var involvert i arbeidsulykken har omkommet.<\/p>\n<p>\u2013 En lokal mann i 30-\u00e5rene er bekreftet omkommet etter \u00e5 ha havnet i klem i forbindelse med arbeid med lift p\u00e5 stedet. Politiet har startet etterforskning og det gjenst\u00e5r flere unders\u00f8kelser for \u00e5 f\u00e5 klarhet i hendelsesforl\u00f8pet, sier Jannicke Silseth Eide.<\/p>\n<p>De p\u00e5r\u00f8rende er varslet.<\/p>\n","protected":false},"excerpt":{"rendered":"(Oppland Arbeiderblad): Mandag kveld rykket n\u00f8detatene ut til en arbeidsulykke ved et sagbruk i S\u00f8r-Aurdal. Politiets operasjonsleder Jannicke&hellip;\n","protected":false},"author":2,"featured_media":54100,"comment_status":"","ping_status":"","sticky":false,"template":"","format":"standard","meta":{"footnotes":""},"categories":[5],"tags":[36,20,21,24,25,15,19,813,22,23,17,18,13,30,28,29,14,16,1510,26,27,1204,941],"class_list":{"0":"post-54171","1":"post","2":"type-post","3":"status-publish","4":"format-standard","5":"has-post-thumbnail","7":"category-overskrifter","8":"tag-art","9":"tag-breaking-news","10":"tag-breakingnews","11":"tag-featured-news","12":"tag-featurednews","13":"tag-headlines","14":"tag-hovedoppslag","15":"tag-innlandet","16":"tag-latest-news","17":"tag-latestnews","18":"tag-main-news","19":"tag-mainnews","20":"tag-news","21":"tag-no","22":"tag-norge","23":"tag-norway","24":"tag-nyheter","25":"tag-overskrifter","26":"tag-story","27":"tag-top-stories","28":"tag-topstories","29":"tag-ulykker","30":"tag-ulykker-og-hendelser"},"share_on_mastodon":{"url":"","error":""},"_links":{"self":[{"href":"https:\/\/www.europesays.com\/no\/wp-json\/wp\/v2\/posts\/54171","targetHints":{"allow":["GET"]}}],"collection":[{"href":"https:\/\/www.europesays.com\/no\/wp-json\/wp\/v2\/posts"}],"about":[{"href":"https:\/\/www.europesays.com\/no\/wp-json\/wp\/v2\/types\/post"}],"author":[{"embeddable":true,"href":"https:\/\/www.europesays.com\/no\/wp-json\/wp\/v2\/users\/2"}],"replies":[{"embeddable":true,"href":"https:\/\/www.europesays.com\/no\/wp-json\/wp\/v2\/comments?post=54171"}],"version-history":[{"count":0,"href":"https:\/\/www.europesays.com\/no\/wp-json\/wp\/v2\/posts\/54171\/revisions"}],"wp:featuredmedia":[{"embeddable":true,"href":"https:\/\/www.europesays.com\/no\/wp-json\/wp\/v2\/media\/54100"}],"wp:attachment":[{"href":"https:\/\/www.europesays.com\/no\/wp-json\/wp\/v2\/media?parent=54171"}],"wp:term":[{"taxonomy":"category","embeddable":true,"href":"https:\/\/www.europesays.com\/no\/wp-json\/wp\/v2\/categories?post=54171"},{"taxonomy":"post_tag","embeddable":true,"href":"https:\/\/www.europesays.com\/no\/wp-json\/wp\/v2\/tags?post=54171"}],"curies":[{"name":"wp","href":"https:\/\/api.w.org\/{rel}","templated":true}]}}