{"id":54179,"date":"2025-10-06T19:47:22","date_gmt":"2025-10-06T19:47:22","guid":{"rendered":"https:\/\/www.europesays.com\/no\/54179\/"},"modified":"2025-10-06T19:47:22","modified_gmt":"2025-10-06T19:47:22","slug":"hundekjoring-trysil-og-engerdal-vant-nok-en-gang-og-na-venter-de-aller-beste-i-verden","status":"publish","type":"post","link":"https:\/\/www.europesays.com\/no\/54179\/","title":{"rendered":"Hundekj\u00f8ring, Trysil og Engerdal | Vant nok en gang \u2013 og n\u00e5 venter de aller beste i verden"},"content":{"rendered":"\n<p>\u2013 Det er dette jeg liker aller best, forklarer Mikal Lillestu oppgl\u00f8dd.<\/p>\n<p>I helgen ble han norgesmester for \u00e5ttende gang i sn\u00f8rel\u00f8ping med hund.\u00a0<\/p>\n<p>Engerd\u00f8len er den mestvinnende i klassen.<\/p>\n<p>\u2013 Kvek gjorde jobben og jeg hang p\u00e5 s\u00e5 godt jeg kunne. Vi er et bra lag, smiler 31 \u00e5ringen fra Kvilten.<\/p>\n<p>   <img decoding=\"async\" width=\"1366\" height=\"2048\" fetchpriority=\"low\"  loading=\"lazy\"  src=\"https:\/\/www.europesays.com\/no\/wp-content\/uploads\/2025\/10\/att.sikhO2QqFiKy_3Us__jDGrIOnL94LvUwDr824Xu0unU.JPG\" alt=\"\" class=\"brick-c-cFOWSL\" style=\"--brick-image-ratio: 1366 \/ 2048;\"\/><\/p>\n<p>    KVEK: &#8211; Navnet passer bra. Er du kvek, kuter du ogs\u00e5 fort, sier Mikal Lillestu. Her sammen  med hunden Kvek.<br \/>\n    Foto: Yannik Schuster\n  <\/p>\n<p>  Kvek til \u00e5 kute<\/p>\n<p>Ikke uten grunn har hans firbeinte venn f\u00e5tt kallenavnet Kvek.<\/p>\n<p>\u2013 Er du kvek som hund, er du ogs\u00e5 god til \u00e5 kute. Det er viktig \u00e5 bruke dialektiske ord fra Engerdal.<\/p>\n<p>Kvek er en blanding av greyhound og vorsteher, en s\u00e5kalt greyster.\u00a0<\/p>\n<p>Den er rask og utholdende, og en av de fem hundene Mikal trener sammen med sin ungarske samboer, Blanka Czizmadia (28), ogs\u00e5 hun hundekj\u00f8rer.<\/p>\n<p>Sterkt milj\u00f8<\/p>\n<p>I helgen vant samboeren bronse bak Tessa Philippaerts og Kristina Marcelius Hjulstad, alle sammen fra Trysil hundekj\u00f8rerklubb.<\/p>\n<p>\u2013 Vi bor p\u00e5 forskjellige steder, men gleder oss til samlinger og stevner. Milj\u00f8et i Trysil trekkhundklubb l\u00f8fter oss og gj\u00f8r oss bedre, sier Mikal.<\/p>\n<p>Sn\u00f8rel\u00f8ping<\/p>\n<p>I helgens NM utenfor Trondheim vant han seniorklassen for sn\u00f8rel\u00f8ping sammen med Kvek.<\/p>\n<p>Mikal (sn\u00f8rel\u00f8ping) var ogs\u00e5 med p\u00e5 \u00e5 vinne stafettgull for Trysil trekkhundklubb sammen med Malin Fossheim Svimbil (sparkesykkel) og Sigurd Engen \u00d8sterhagen fra Elverum (sn\u00f8rel\u00f8ping).<\/p>\n<p>   <img decoding=\"async\" width=\"1366\" height=\"2048\" fetchpriority=\"low\"  loading=\"lazy\"  src=\"https:\/\/www.europesays.com\/no\/wp-content\/uploads\/2025\/10\/att.r6wCQNRY_1BrbnYAVer60o9Si6cvDDztHQjRKke57fo.JPG\" alt=\"\" class=\"brick-c-cFOWSL\" style=\"--brick-image-ratio: 1366 \/ 2048;\"\/><\/p>\n<p>    Blanka Csizmadia, Trysil trekkhundklubb, samboer til Mikal Lillestu fra Engerdal, merittert hundekj\u00f8rer<br \/>\n    Foto: Rune Hagen\n  <\/p>\n<p>  VM i USA neste<\/p>\n<p>Om 14 dager venter VM i Wisconsin i USA. Samboeren blir med, det gj\u00f8r ogs\u00e5 NM-vinner Tessa Philippaerts.<\/p>\n<p>\u2013 M\u00e5let er en plass p\u00e5 pallen. Formen er god, vi har forberedt oss godt. Men det er t\u00f8ft i toppen n\u00e5r de beste i verden m\u00f8tes, sier Mikal.<\/p>\n<p>Fant tonen<\/p>\n<p>Ekstra stas er det at samboeren fra Ungarn blir med.<\/p>\n<p>\u2013 Vi traff hverandre p\u00e5 en samling p\u00e5 Skeikampen for \u00e5tte \u00e5r siden. Hundekj\u00f8rermilj\u00f8et et lite og tett. Vi fant tonen. Det ble oss. N\u00e5 har vi bodd sammen i sju \u00e5r.<\/p>\n<p>Trives som selger<\/p>\n<p>Mikal og Blanka har bosatt seg i Br\u00f8ttum i Ringsaker.\u00a0<\/p>\n<p>Begge jobber i Non-Stop Dogwear, verdens mestvoksende hundeutstyrfirma, i f\u00f8lge Mikal.\u00a0<\/p>\n<p>Daglig leder er tidligere hundekj\u00f8rer Tonje Wahl Evensen fra Elverum.<\/p>\n<p>\u2013 Jeg stortrives med \u00e5 v\u00e6re ute blant folk som selger. Vi selger hundeutstyr til over hundre land i verden. Mitt hovedansvar er hele det skandinaviske markedet, opplyser Mikal.<\/p>\n<p>   <img decoding=\"async\" width=\"1179\" height=\"998\" fetchpriority=\"low\"  loading=\"lazy\"  src=\"https:\/\/www.europesays.com\/no\/wp-content\/uploads\/2025\/10\/e42064c85e17702bcc6b1f041d220d20.JPEG\" alt=\"\" class=\"brick-c-cFOWSL\" style=\"--brick-image-ratio: 1179 \/ 998;\"\/><\/p>\n<p>    FAVORITTERRENG: Mikal Lillestu trener med hunden Kvek i Engerdal \u00d8stfjell<br \/>\n    Foto: Rune Hagen\n  <\/p>\n<p>  Takker faren<\/p>\n<p>Den utflyttede engerd\u00f8len ble hektet p\u00e5 hundekj\u00f8ring tidlig p\u00e5 2000-tallet. Ikke minst var faren, Jan Lillestu til stor inspirasjon.<\/p>\n<p>\u2013 Han fikk meg interessert i \u00e5 kj\u00f8re hund. Men det tok f\u00f8rst av etter at jeg kom inn p\u00e5 idrettslinjen ved Trysil videreg\u00e5ende. Framgangen og resultatene kom fort, medgir Mikal.<\/p>\n<p>Han deltok sommer som vinter. Men s\u00e6rlig sn\u00f8rel\u00f8ping med l\u00f8pende hund foran falt i smak.\u00a0<\/p>\n<p>Mikal har deltatt i alle barmarks-NM etter 2010.<\/p>\n<p>Beste internasjonale plassering i sn\u00f8rel\u00f8ping er en bronse i EM fra 2014.<\/p>\n<p>   <img decoding=\"async\" width=\"1414\" height=\"2000\" fetchpriority=\"low\"  loading=\"lazy\"  src=\"https:\/\/www.europesays.com\/no\/wp-content\/uploads\/2025\/10\/att.gJGNrxGAEZzlDvxL9AdD3tp5znkNO8ZUi0s_YRzeeZ0.JPG\" alt=\"\" class=\"brick-c-cFOWSL\" style=\"--brick-image-ratio: 1414 \/ 2000;\"\/><\/p>\n<p>    Foto: Yannick Schuster\n  <\/p>\n<p>  Ti \u00e5r igjen?<\/p>\n<p>Etter noen roligere \u00e5r er Mikal tilbake for fullt.<\/p>\n<p>\u2013 Jeg har kanskje ti gode \u00e5r igjen som l\u00f8per bak en hund. De vil jeg gj\u00f8re det beste ut av; derfor best\u00e5r fritiden for det meste av egentrening og trening med hund. Heldigvis har Blanka samme interesse.<\/p>\n<p>Mikal er idrettsutdannet ved Terningen Arena og har trent mye i Stav\u00e5sen og omr\u00e5det rundt Elverum. P\u00e5 det meste er hastigheten over 24 kilometer i timen i snitt.<\/p>\n<p>\u2013 Det er samspillet med hunden som gj\u00f8r idretten s\u00e5 spennende, forklarer han.<\/p>\n<p>Sterke b\u00e5nd til hjembygda<\/p>\n<p>Mikal f\u00f8ler fortsatt sterke b\u00e5nd til Engerdal. I sommer m\u00f8tte vi han l\u00f8pende sammen med Kvek i yndlingsterrenget opp mot Engerdal \u00d8stfjell.<\/p>\n<p>   <img decoding=\"async\" width=\"1179\" height=\"884\" fetchpriority=\"low\"  loading=\"lazy\"  src=\"https:\/\/www.europesays.com\/no\/wp-content\/uploads\/2025\/10\/41329c3c104113f04a0cdfdbbc65d373+%281%29.JPEG\" alt=\"\" class=\"brick-c-cFOWSL\" style=\"--brick-image-ratio: 1179 \/ 884;\"\/><\/p>\n<p>    R\u00d8TTER:<br \/>\n    Foto: Rune Hagen\n  <\/p>\n<p>\u2013 H\u00e5r gang je kjem hematt, har je lyst tel \u00e5 fl\u00f8tte telbake. Her f\u00e5r je ro i sjela. Terrenget er som skapt for aktivitet med hund.<\/p>\n<p><b>\u2013 F\u00e5r du med deg Blanka?<\/b><\/p>\n<p>\u2013 Vi f\u00e5r se. Jeg har ikke gitt opp h\u00e5pet.<\/p>\n","protected":false},"excerpt":{"rendered":"\u2013 Det er dette jeg liker aller best, forklarer Mikal Lillestu oppgl\u00f8dd. I helgen ble han norgesmester for&hellip;\n","protected":false},"author":2,"featured_media":54180,"comment_status":"","ping_status":"","sticky":false,"template":"","format":"standard","meta":{"footnotes":""},"categories":[59],"tags":[36,8137,8197,30,28,29,83,82,1510,7984],"class_list":{"0":"post-54179","1":"post","2":"type-post","3":"status-publish","4":"format-standard","5":"has-post-thumbnail","7":"category-sport","8":"tag-art","9":"tag-engerdal","10":"tag-hundekjoring","11":"tag-no","12":"tag-norge","13":"tag-norway","14":"tag-sport","15":"tag-sports","16":"tag-story","17":"tag-trysil-og-engerdal"},"share_on_mastodon":{"url":"","error":""},"_links":{"self":[{"href":"https:\/\/www.europesays.com\/no\/wp-json\/wp\/v2\/posts\/54179","targetHints":{"allow":["GET"]}}],"collection":[{"href":"https:\/\/www.europesays.com\/no\/wp-json\/wp\/v2\/posts"}],"about":[{"href":"https:\/\/www.europesays.com\/no\/wp-json\/wp\/v2\/types\/post"}],"author":[{"embeddable":true,"href":"https:\/\/www.europesays.com\/no\/wp-json\/wp\/v2\/users\/2"}],"replies":[{"embeddable":true,"href":"https:\/\/www.europesays.com\/no\/wp-json\/wp\/v2\/comments?post=54179"}],"version-history":[{"count":0,"href":"https:\/\/www.europesays.com\/no\/wp-json\/wp\/v2\/posts\/54179\/revisions"}],"wp:featuredmedia":[{"embeddable":true,"href":"https:\/\/www.europesays.com\/no\/wp-json\/wp\/v2\/media\/54180"}],"wp:attachment":[{"href":"https:\/\/www.europesays.com\/no\/wp-json\/wp\/v2\/media?parent=54179"}],"wp:term":[{"taxonomy":"category","embeddable":true,"href":"https:\/\/www.europesays.com\/no\/wp-json\/wp\/v2\/categories?post=54179"},{"taxonomy":"post_tag","embeddable":true,"href":"https:\/\/www.europesays.com\/no\/wp-json\/wp\/v2\/tags?post=54179"}],"curies":[{"name":"wp","href":"https:\/\/api.w.org\/{rel}","templated":true}]}}