{"id":54213,"date":"2025-10-06T20:28:22","date_gmt":"2025-10-06T20:28:22","guid":{"rendered":"https:\/\/www.europesays.com\/no\/54213\/"},"modified":"2025-10-06T20:28:22","modified_gmt":"2025-10-06T20:28:22","slug":"svimlende-maktmisbruk","status":"publish","type":"post","link":"https:\/\/www.europesays.com\/no\/54213\/","title":{"rendered":"&#8211; Svimlende maktmisbruk"},"content":{"rendered":"<p>    Kort fortalt<\/p>\n<ul lang=\"nb-NO\">\n<li>En dommer utnevnt av Trump blokkerte hans fors\u00f8k p\u00e5 \u00e5 sende Oregons nasjonalgarde til Portland.<\/li>\n<li>Trump pr\u00f8ver n\u00e5 \u00e5 sende soldater fra Californias nasjonalgarde, noe som m\u00f8ter sterk motstand fra guvern\u00f8rene i Oregon og California.<\/li>\n<li>Guvern\u00f8rene planlegger rettslige skritt for \u00e5 stoppe Trumps handlinger, som de anser som ulovlige og maktmisbruk.<\/li>\n<li>Trump hevder at han handler for \u00e5 beskytte f\u00f8derale eiendeler etter voldelige oppt\u00f8yer, men lokale ledere bestrider imidlertid presidentens virkelighetsbeskrivelse.<\/li>\n<\/ul>\n<p class=\"italic ai-disclaimer\" data-lab-italic=\"italic\">Sammendraget er laget av ChatGPT og godkjent av Dagbladet.<\/p>\n<p>      Vis mer<br \/>\n      Vis mindre<\/p>\n<p class=\"font-weight-bold m-font-weight-bold\" data-lab-font_weight=\"font-weight-bold\">NEW YORK\/OSLO (Dagbladet):\u00a0\u00a0Den f\u00f8derale dommeren Karin Immergut, som i helgen sa nei til at Trump skulle f\u00e5 sende Oregons nasjonalgarde inn i delstatens st\u00f8rste by Portland, har i natt ogs\u00e5 blokkert presidenten fra \u00e5 sende soldater fra andre delstater.<\/p>\n<p class=\"font-weight-bold m-font-weight-bold\" data-lab-font_weight=\"font-weight-bold\">Beslutningen regnes som et stort tilbakeslag for president Donald Trump.<\/p>\n<p class=\"font-weight-bold m-font-weight-bold\" data-lab-font_weight=\"font-weight-bold\"> &#8211; Hvordan kan det \u00e5 hente inn nasjonalgardister fra California ikke v\u00e6re i direkte strid med avgj\u00f8relsen jeg fattet i g\u00e5r? spurte Immergut da hun avbr\u00f8t justisdepartementets advokat Eric Hamilton under en h\u00f8ring s\u00f8ndag kveld. <\/p>\n<p class=\"font-weight-normal m-font-weight-normal\" data-lab-font_weight=\"font-weight-normal\">Beslutningen kommer etter at Illinois-guvern\u00f8r JB Pritzker varslet i en <a href=\"https:\/\/bsky.app\/profile\/govpritzker.illinois.gov\/post\/3m2iigmldvs2o\" rel=\"nofollow noopener\" target=\"_blank\">uttalelse<\/a>\u00a0natt til mandag at Trump har besluttet \u00e5 sende 400 soldater fra Texas til Illinois, Oregon og andre steder i USA.<\/p>\n<p>    <a itemprop=\"url\" href=\"https:\/\/www.dagbladet.no\/nyheter\/vil-odelegge-relasjonen\/83683271\" rel=\"nofollow noopener\" target=\"_blank\"><\/p>\n<p>      <img loading=\"lazy\" decoding=\"async\" src=\"https:\/\/www.europesays.com\/no\/wp-content\/uploads\/2025\/10\/83683276.webp\" width=\"980\" height=\"441\" title=\"- Vil \u00f8delegge relasjonen\" alt=\"\" class=\"lazyload\" style=\"--aspect-ratio-image: 2.22; \"\/><\/p>\n<p>        &#8211; Vil \u00f8delegge relasjonen<\/p>\n<p>    <\/a><\/p>\n<p>&#8211; Galskap\t<\/p>\n<p> Immergut, som ble utnevnt av Trump under hans f\u00f8rste periode, sa det ikke fantes bevis for at nylige demonstrasjoner gjorde tilstedev\u00e6relsen av nasjonalgardister n\u00f8dvendig, uansett hvor de kommer fra. <\/p>\n<p>Trumps beslutning oppr\u00f8rte lokale myndigheter kraftig.\u00a0<\/p>\n<p>&#8211; Vi m\u00e5 begynne \u00e5 bruke det rette navnet om dette: Trumps invasjon, skrev Pritzker i uttalelsen og fortsatte:<\/p>\n<p>&#8211; Det begynte med f\u00f8derale agenter. Det vil snart inkludere utsendte soldater fra nasjonalgarden i Illinois mot v\u00e5r vilje, og det vil snart involvere \u00e5 sende soldater fra andre delstater.\u00a0<\/p>\n<p>Pritzker oppfordret ogs\u00e5 Texas-guvern\u00f8r Greg Abbott om \u00e5 la v\u00e6re \u00e5 samarbeide med Trump. Han sa ogs\u00e5 at han aldri mener det er riktig at en president sender soldater inn i en suveren delstat mot deres \u00f8nsker, og uten at de blir orientert p\u00e5 forh\u00e5nd.<\/p>\n<p>&#8211; Dette er \u00f8yeblikket hvor alle amerikanere m\u00e5 si ifra og hjelpe til \u00e5 stoppe denne galskapen, skrev Pritzker.\u00a0<\/p>\n<p>Han fikk raskt st\u00f8tte fra den demokratiske California-guvern\u00f8ren, Gavin Newsom.<\/p>\n<p>&#8211; Dette er svimlende misbruk av lov og makt fra USAs president. Amerika er p\u00e5 randen av krigslov. Ikke v\u00e6r stille, sa Newsom i <a href=\"https:\/\/bsky.app\/profile\/governor.ca.gov\/post\/3m2ijhiz6dk2h\" rel=\"nofollow noopener\" target=\"_blank\">en uttalelse<\/a> om opplysningene fra Pritzker.\u00a0<\/p>\n<p>    <a itemprop=\"url\" href=\"https:\/\/www.dagbladet.no\/nyheter\/ut-mot-trump-ultimatum-skandalost\/83681447\" rel=\"nofollow noopener\" target=\"_blank\"><\/p>\n<p>      <img loading=\"lazy\" decoding=\"async\" src=\"https:\/\/www.europesays.com\/no\/wp-content\/uploads\/2025\/10\/83681452.webp\" width=\"980\" height=\"441\" title=\"Ut mot Trump-ultimatum: - Skandal\u00f8st\" alt=\"\" class=\"lazyload\" style=\"--aspect-ratio-image: 2.22; \"\/><\/p>\n<p>        Ut mot Trump-ultimatum: &#8211; Skandal\u00f8st<\/p>\n<p>    <\/a><\/p>\n<p>Reagerer sterkt\t<\/p>\n<p>L\u00f8rdag konkluderte en dommer, som Trump selv utnevnte i sin f\u00f8rste presidentperiode, midlertidig med at presidenten ikke f\u00e5r sende Oregons nasjonalgarde inn i Portland. Deretter fors\u00f8kte han i stedet \u00e5 sende soldater fra nasjonalgarden i nabostaten California.\u00a0<\/p>\n<p>Det melder en rekke amerikanske medier, blant annet <a href=\"https:\/\/www.cnn.com\/2025\/10\/05\/us\/oregon-trump-california-national-guard\" rel=\"nofollow noopener\" target=\"_blank\">CNN<\/a>\u00a0og <a href=\"https:\/\/apnews.com\/article\/national-guard-oregon-california-trump-newsom-3b8e12f8d2d39f195dda73dda31f1681\" rel=\"nofollow noopener\" target=\"_blank\">AP<\/a>.\u00a0<\/p>\n<p class=\"font-weight-bold m-font-weight-bold\" data-lab-font_weight=\"font-weight-bold\">B\u00e5de den demokratiske guvern\u00f8ren i California, Gavin Newsom, og den demokratiske guvern\u00f8ren i Oregon, Tina Kortek, reagerer sv\u00e6rt sterkt og varslet at de vil g\u00e5 til nye rettslige skritt for \u00e5 fors\u00f8ke \u00e5 stanse dette.\u00a0<\/p>\n<p>        STIKK: 800 amerikanske generaler ble hasteinkalt fra hele verden til et sjeldent m\u00f8te. USAs president, Donald Trump brukte tid av talen sin p\u00e5 \u00e5 gi stikk mot tidligere presidenter. Video: AP \/ X. Reporter: Nicolai Alcaniz.<\/p>\n<p>&#8211; Ulovlig\t<\/p>\n<p>&#8211; Det som var ulovlig med nasjonalgarden i Oregon, er ulovlig med nasjonalgarden i California. Dommerens beslutning var ikke et mindre prosedyremessig poeng, som presidenten kan fors\u00f8ke \u00e5 omg\u00e5 slik 14-\u00e5ringen min gj\u00f8r n\u00e5r han ikke liker svarene mine, sier justisminister i Oregon, Dan Rayfield, til CNN.\u00a0<\/p>\n<p class=\"font-weight-bold m-font-weight-bold\" data-lab-font_weight=\"font-weight-bold\">&#8211; Oregon vil absolutt ikke bli en del av presidentens fors\u00f8k p\u00e5 \u00e5 normalisere bruken av USAs milit\u00e6re i v\u00e5re amerikanske byer, sier Rayfield, if\u00f8lge AP.\u00a0<\/p>\n<p>Trump hevder imidlertid at han har full rett til \u00e5 sende inn soldater fra nasjonalgarden til Portland.\u00a0<\/p>\n<p>&#8211; Voldelige oppt\u00f8yer\t<\/p>\n<p>&#8211; Fakta har ikke forandret seg. President Trump ut\u00f8vde sin lovlige autoritet til \u00e5 beskytte f\u00f8derale eiendeler og personell i Portland etter voldelige oppt\u00f8yer og angrep mot politimyndigheter, sier Trumps talsperson, Abigail Jackson, i en uttalelse.\u00a0<\/p>\n<p>If\u00f8lge Kortek har allerede om lag 100 soldater fra Californias nasjonalgarde allerede kommet til Oregon, og flere skal v\u00e6re p\u00e5 vei.\u00a0<\/p>\n<p class=\"font-weight-bold m-font-weight-bold\" data-lab-font_weight=\"font-weight-bold\">&#8211; Fakta p\u00e5 bakken i Oregon har ikke endret seg. Det er ikke noe behov for milit\u00e6r intervensjon i Oregon. Det er ikke noe oppr\u00f8r i Portland. Det er ikke noen trussel mot nasjonal sikkerhet, sier Kortek til AP.\u00a0<\/p>\n<p>    <a itemprop=\"url\" href=\"https:\/\/www.dagbladet.no\/bok\/dette-er-folsomt\/83675713\" rel=\"nofollow noopener\" target=\"_blank\"><\/p>\n<p>      <img loading=\"lazy\" decoding=\"async\" src=\"https:\/\/www.europesays.com\/no\/wp-content\/uploads\/2025\/10\/83679973.webp\" width=\"980\" height=\"441\" title=\"- Dette er f\u00f8lsomt\" alt=\"\" class=\"lazyload\" style=\"--aspect-ratio-image: 2.22; \"\/><\/p>\n<p>        &#8211; Dette er f\u00f8lsomt<\/p>\n<p>    <\/a><\/p>\n<p>Den siste tida har det v\u00e6rt demonstrasjoner i Portland ved bygningen som tilh\u00f8rer U.S. Immigration and Customs Enforcement (ICE). Trump har hevdet at situasjonen utgj\u00f8r en unntakstilstand, og han har beskrevet hele byen som\u00a0\u00abkrigsherjet\u00bb.<\/p>\n<p>Dette stemmer imidlertid sv\u00e6rt d\u00e5rlig med hvordan lokale folkevalgte og ogs\u00e5 den Trump-utnevnte dommeren i delstaten, Karin Immergut, vurderer situasjonen.\u00a0<\/p>\n<p class=\"font-weight-bold m-font-weight-bold\" data-lab-font_weight=\"font-weight-bold\">&#8211; Totalt sett har demonstrasjonene v\u00e6rt sm\u00e5 og begivenhetsl\u00f8se. Presidentens beslutning var helt enkelt ikke knyttet til fakta, skriver Immergut i sin beslutning om \u00e5 stanse ham.\u00a0<\/p>\n<p>Kortek p\u00e5peker at Portland er en by med 650 000 innbyggere, og demonstrasjonene har foreg\u00e5tt i et omr\u00e5de p\u00e5 ett kvartal.\u00a0<\/p>\n<p>&#8211; Fors\u00f8ker \u00e5 fyre opp\t<\/p>\n<p>Ordf\u00f8rer i Portland, Keith Wilson, sier s\u00f8ndag at han har sett f\u00f8derale agenter drive med det han beskriver som overdreven maktbruk. If\u00f8lge Wilson skal de blant annet ha brukt pepperspray og gummikuler mot demonstranter utenfor ICE-bygningen.<\/p>\n<p class=\"font-weight-bold m-font-weight-bold\" data-lab-font_weight=\"font-weight-bold\">&#8211; Dette er en aggressiv tiln\u00e6rming som fors\u00f8ker \u00e5 fyre opp situasjonen, som har v\u00e6rt fredelig bortsett fra dette, sier Wilson til AP.\u00a0<\/p>\n<p>Trump har karakterisert b\u00e5de Portland og Chicago som fullstendig lovl\u00f8se byer fulle av kriminalitet og uroligheter. Han har ogs\u00e5 sendt eller snakket om \u00e5 sende soldater til ti byer, if\u00f8lge nyhetsbyr\u00e5et.<\/p>\n<p>    <a itemprop=\"url\" href=\"https:\/\/www.dagbladet.no\/nyheter\/dukket-opp-igjen\/83674772\" rel=\"nofollow noopener\" target=\"_blank\"><\/p>\n<p>      <img loading=\"lazy\" decoding=\"async\" src=\"https:\/\/www.europesays.com\/no\/wp-content\/uploads\/2025\/10\/83674782.webp\" width=\"980\" height=\"441\" title=\"Dukket opp - igjen\" alt=\"\" class=\"lazyload\" style=\"--aspect-ratio-image: 2.22; \"\/><\/p>\n<p>        Dukket opp &#8211; igjen<\/p>\n<p>    <\/a><\/p>\n<p>&#8211; Uamerikansk\t<\/p>\n<p>L\u00f8rdag godkjente Trump ogs\u00e5 \u00e5 sende 300 soldater fra nasjonalgarden i Illinois til Chicago\u00a0\u00abfor \u00e5 beskytte f\u00f8derale tjenestemenn og aktiva\u00bb.\u00a0<\/p>\n<p>Den demokratiske guvern\u00f8ren i delstaten, JB Pritzker, sier han fikk et ultimatum.<\/p>\n<p>&#8211; I morges ga Trump-administrasjonens krigsdepartement meg et ultimatum: Kall inn styrkene dine, ellers gj\u00f8r vi det. Det er helt skandal\u00f8st og uamerikansk \u00e5 kreve at en guvern\u00f8r sender milit\u00e6re styrker innenfor v\u00e5re egne grenser og mot v\u00e5r vilje. For Donald Trump har dette aldri handlet om sikkerhet. Det handler om kontroll, sier Pritzker i en uttalelse, if\u00f8lge NTB.\u00a0<\/p>\n","protected":false},"excerpt":{"rendered":"Kort fortalt En dommer utnevnt av Trump blokkerte hans fors\u00f8k p\u00e5 \u00e5 sende Oregons nasjonalgarde til Portland. Trump&hellip;\n","protected":false},"author":2,"featured_media":54214,"comment_status":"","ping_status":"","sticky":false,"template":"","format":"standard","meta":{"footnotes":""},"categories":[5],"tags":[20,21,24,25,15,19,22,23,17,18,13,30,28,29,14,16,26,27,412],"class_list":{"0":"post-54213","1":"post","2":"type-post","3":"status-publish","4":"format-standard","5":"has-post-thumbnail","7":"category-overskrifter","8":"tag-breaking-news","9":"tag-breakingnews","10":"tag-featured-news","11":"tag-featurednews","12":"tag-headlines","13":"tag-hovedoppslag","14":"tag-latest-news","15":"tag-latestnews","16":"tag-main-news","17":"tag-mainnews","18":"tag-news","19":"tag-no","20":"tag-norge","21":"tag-norway","22":"tag-nyheter","23":"tag-overskrifter","24":"tag-top-stories","25":"tag-topstories","26":"tag-utenriks"},"share_on_mastodon":{"url":"","error":""},"_links":{"self":[{"href":"https:\/\/www.europesays.com\/no\/wp-json\/wp\/v2\/posts\/54213","targetHints":{"allow":["GET"]}}],"collection":[{"href":"https:\/\/www.europesays.com\/no\/wp-json\/wp\/v2\/posts"}],"about":[{"href":"https:\/\/www.europesays.com\/no\/wp-json\/wp\/v2\/types\/post"}],"author":[{"embeddable":true,"href":"https:\/\/www.europesays.com\/no\/wp-json\/wp\/v2\/users\/2"}],"replies":[{"embeddable":true,"href":"https:\/\/www.europesays.com\/no\/wp-json\/wp\/v2\/comments?post=54213"}],"version-history":[{"count":0,"href":"https:\/\/www.europesays.com\/no\/wp-json\/wp\/v2\/posts\/54213\/revisions"}],"wp:featuredmedia":[{"embeddable":true,"href":"https:\/\/www.europesays.com\/no\/wp-json\/wp\/v2\/media\/54214"}],"wp:attachment":[{"href":"https:\/\/www.europesays.com\/no\/wp-json\/wp\/v2\/media?parent=54213"}],"wp:term":[{"taxonomy":"category","embeddable":true,"href":"https:\/\/www.europesays.com\/no\/wp-json\/wp\/v2\/categories?post=54213"},{"taxonomy":"post_tag","embeddable":true,"href":"https:\/\/www.europesays.com\/no\/wp-json\/wp\/v2\/tags?post=54213"}],"curies":[{"name":"wp","href":"https:\/\/api.w.org\/{rel}","templated":true}]}}