{"id":54225,"date":"2025-10-06T20:42:09","date_gmt":"2025-10-06T20:42:09","guid":{"rendered":"https:\/\/www.europesays.com\/no\/54225\/"},"modified":"2025-10-06T20:42:09","modified_gmt":"2025-10-06T20:42:09","slug":"borgerlig-samling-om-skattestrategi","status":"publish","type":"post","link":"https:\/\/www.europesays.com\/no\/54225\/","title":{"rendered":"Borgerlig samling om skattestrategi"},"content":{"rendered":"\n<ul class=\"_list_1994c_3 _list_64s2r_85 _unordered_1994c_105 text-sans-m\">\n<li class=\"_item_1994c_30\">De fire borgerlige partiene Frp, H\u00f8yre, Venstre og KrF g\u00e5r sammen om en felles skattestrategi, for \u00e5 svare ut en invitasjon fra finansminister Jens Stoltenberg.<\/li>\n<li class=\"_item_1994c_30\">De krever raskere handling enn finansministeren og foresl\u00e5r et hurtigarbeidende utvalg i stedet for en skattekommisjon.<\/li>\n<li class=\"_item_1994c_30\">De borgerlig partiene vil ha forsikringer om ingen skatte\u00f8kninger fra regjeringen under forhandlingene.<\/li>\n<\/ul>\n<p>Vis mer <\/p>\n<p class=\"_paragraph_1994c_4 _paragraph_xtcu6_10 layout-component text-serif-m layout-normal text-serif-m layout-padded\">Frp, H\u00f8yre, Venstre og KrF har samlet seg om en felles skattestrategi, hvor de for \u00e5 v\u00e6re med p\u00e5 \u00e5 skatte-leke med regjeringen, krever at regjeringen ikke lar seg presse av venstresidenvenstresidenSt\u00f8res Ap-regjering m\u00e5 forhandle med R\u00f8dt og SV om statsbudsjettet, to partier som mener skattene m\u00e5 \u00f8kes. De tilh\u00f8rer den s\u00e5kalte r\u00f8dgr\u00f8nne venstresiden. til \u00e5 \u00f8ke skattene mens de forhandler om et mulig skatteforlik i \u00e5rene fremover.<\/p>\n<p class=\"_paragraph_1994c_4 _paragraph_xtcu6_10 layout-component text-serif-m layout-normal text-serif-m layout-padded\">Finansminister Jens Stoltenberg lover lenger nede i saken at skatte- og avgiftsniv\u00e5et ikke skal \u00f8ke. <\/p>\n<p class=\"_paragraph_1994c_4 _paragraph_xtcu6_10 layout-component text-serif-m layout-normal text-serif-m layout-padded\">Bakgrunnen for den borgerlige samlingen borgerlige samlingen De fire borgerlige partiene p\u00e5 Stortinget er Frp, H\u00f8yre, Venstre og KrF.er et brev fra Stoltenberg, hvor han inviterer til at det oppnevnes en skattekommisjonskattekommisjonEn kommisjon som skal fors\u00f8ke \u00e5 legge grunnlag for skatteenighet over blokkene i norske politikk, alts\u00e5 hvor hovedvekten eller alle partier p\u00e5 Stortinget er med p\u00e5 et bredt skatteforlik.  og at den forh\u00e5pentligvis skal lede til et bredt skatteforlik.<\/p>\n<p class=\"_paragraph_1994c_4 _paragraph_xtcu6_10 layout-component text-serif-m layout-normal text-serif-m layout-padded\">Omtrent samtidig som de fire partilederne i Frp, H\u00f8yre, Venstre og KrF sendte sitt svar til Stoltenberg sent onsdag ettermiddag, fikk VG innsyn i brevet \u2013 og intervju.<\/p>\n<p><img alt=\"Foto: Helge Mikalsen \/ VG\" class=\"_image_qp4xg_65 layout-component layout-normal\" data-fullscreen- data-track-element-type=\"Article image fullscreen\" data-track-name=\"ImageFullscreen\" decoding=\"async\" loading=\"lazy\" height=\"5120\" itemprop=\"image\"  src=\"https:\/\/www.europesays.com\/no\/wp-content\/uploads\/2025\/10\/106775d5-8ea1-4e05-bed6-378e1a716543\"  style=\"object-position:0% 0%\" width=\"7680\"\/>Foto: Helge Mikalsen \/ VG<\/p>\n<p class=\"_paragraph_1994c_4 _paragraph_xtcu6_10 layout-component text-serif-m layout-normal text-serif-m layout-padded\">De fire partiene er enige om f\u00f8lgende:<\/p>\n<ul class=\"_list_1994c_3 _list_xtcu6_9 _unordered_1994c_105 layout-component text-serif-m layout-normal text-serif-m layout-padded\">\n<li class=\"_item_1994c_30\">De takker for invitasjonen og foresl\u00e5r at finansministeren inviterer til et felles m\u00f8te med partiene, hvor de skal snakke om rammene for et slikt samarbeid.<\/li>\n<li class=\"_item_1994c_30\">De sier nei til finansministerens forslag til \u00e5 opprette en skattekommisjon, men i stedet sette ned et hurtigarbeidende utvalg med stortingsrepresentanter, ledet av finansministeren.<\/li>\n<li class=\"_item_1994c_30\">En hoved\u00e5rsak til det er at en ferdig stortingsmelding i 2027, slik regjeringen legger opp til, er altfor tregt, if\u00f8lge de fire borgerlige partiene.<\/li>\n<li class=\"_item_1994c_30\">De mener at deres vei kan gi vedtak i Stortinget allerede i 2026, i stedet for 2029, som de mener vi risikerer hvis en skattekommisjon og Stoltenbergs invitt skal gjennomf\u00f8res.<\/li>\n<\/ul>\n<p>\u2013 Positiv, men.<\/p>\n<p class=\"_paragraph_1994c_4 _paragraph_xtcu6_10 layout-component text-serif-m layout-normal text-serif-m layout-padded\">\u2013 Vi er innstilt p\u00e5 \u00e5 sette oss ned sammen med regjeringen og snakke om et skatteforlik. Men vi er ikke enige i prosessen og tidsbruken finansministeren legger opp til. Vi mener det er un\u00f8dvendig med en skattekommisjon og vil g\u00e5 raskere frem, sier Frps 1. nestleder Hans Andreas Limi.<\/p>\n<p class=\"_paragraph_1994c_4 _paragraph_xtcu6_10 layout-component text-serif-m layout-normal text-serif-m layout-padded\">\u2013 Regjeringen har lagt opp til en prosess med en kommisjon og s\u00e5 stortingsmelding og s\u00e5 skal det forhandles om skatteforlik. Vi mener det er fullt mulig \u00e5 g\u00e5 rett p\u00e5 en arbeidsgruppe og forhandlinger. Derfor \u00f8nsker vi et m\u00f8te med regjeringen om denne uenigheten, sier H\u00f8yres nye finanspolitiske talsperson, Nikolai Astrup.<\/p>\n<p><img decoding=\"async\" alt=\"Bilde av \" class=\"_image_ygndg_42\" height=\"27\" itemprop=\"image\" loading=\"lazy\"  src=\"https:\/\/www.europesays.com\/no\/wp-content\/uploads\/2025\/10\/16a09364-2379-4409-a02c-5ac0f44e97e2\"  width=\"40\"\/><strong class=\"_name_ygndg_51 title-serif-xs\"\/><\/p>\n<p class=\"_paragraph_1994c_4 _paragraph_xtcu6_10 layout-component text-serif-m layout-normal text-serif-m layout-padded\">Han legger til:<\/p>\n<p class=\"_paragraph_1994c_4 _paragraph_xtcu6_10 layout-component text-serif-m layout-normal text-serif-m layout-padded\">\u2013 Det er ingen grunn til at vi skal bruke en hel stortingsperiode p\u00e5 dette, frem til 2029. Med de fire borgerlige partienes plan kan arbeidet v\u00e6re ferdig i mai 2026.<\/p>\n<p class=\"_paragraph_1994c_4 _paragraph_xtcu6_10 layout-component text-serif-m layout-normal text-serif-m layout-padded\">KrF-nestleder Ida Lindtveit R\u00f8se sier vi m\u00e5 legge bak oss en periode med \u00abstor ustabilitet\u00bb.<\/p>\n<p class=\"_paragraph_1994c_4 _paragraph_xtcu6_10 layout-component text-serif-m layout-normal text-serif-m layout-padded\">\u2013 Spesielt for n\u00e6ringslivet, med endrede rammevilk\u00e5r og skatte\u00f8kninger. Det er for h\u00f8y eierskapsbeskatning. Vi trenger forutsigbarhet og ro i skattepolitikken. Derfor er vi med p\u00e5 dette.<\/p>\n<p><img decoding=\"async\" alt=\"Bilde av \" class=\"_image_ygndg_42\" height=\"27\" itemprop=\"image\" loading=\"lazy\"  src=\"https:\/\/www.europesays.com\/no\/wp-content\/uploads\/2025\/10\/fb5b38b0-40d2-4335-ba00-da96f2fb48d1\"  width=\"40\"\/><strong class=\"_name_ygndg_51 title-serif-xs\"\/>Krever lettelser<\/p>\n<p class=\"_paragraph_1994c_4 _paragraph_xtcu6_10 layout-component text-serif-m layout-normal text-serif-m layout-padded\">De st\u00e5r ogs\u00e5 sammen om et klokkeklart punkt:<\/p>\n<p class=\"_paragraph_1994c_4 _paragraph_xtcu6_10 layout-component text-serif-m layout-normal text-serif-m layout-padded\">\u00abMandatet b\u00f8r legge opp til lettelser i b\u00e5de det samlede skatte- og avgiftsniv\u00e5et og i kapitalbeskatningen, hvor skattene de siste \u00e5rene er \u00f8kt.\u00bb<\/p>\n<p class=\"_paragraph_1994c_4 _paragraph_xtcu6_10 layout-component text-serif-m layout-normal text-serif-m layout-padded\">\u2013 Venstre g\u00e5r f\u00f8rst og fremst inn i denne prosessen for \u00e5 f\u00e5 ned skattetrykket for n\u00e6ringslivet og de som jobber \u2013 og for \u00e5 skape forutsigbarhet. F\u00e5r vi til et forlik over midtstreken over midtstreken Midtstreken i norsk politikk g\u00e5r mellom borgerlig side &#8211; Frp, H\u00f8yre, Venstre og KrF &#8211; og r\u00f8dgr\u00f8nn side: Ap, Sp, SV og R\u00f8dt.vil det bidra til forutsigbarhet, sier Venstre-nestleder Abid Raja.<\/p>\n<p><img decoding=\"async\" alt=\"Bilde av \" class=\"_image_ygndg_42\" height=\"27\" itemprop=\"image\" loading=\"lazy\"  src=\"https:\/\/www.europesays.com\/no\/wp-content\/uploads\/2025\/10\/82efd6de-6b8a-4062-9e76-7a2d8ae131b1\"  width=\"40\"\/><strong class=\"_name_ygndg_51 title-serif-xs\"\/><\/p>\n<p class=\"_paragraph_1994c_4 _paragraph_xtcu6_10 layout-component text-serif-m layout-normal text-serif-m layout-padded\">Han legger til:<\/p>\n<p class=\"_paragraph_1994c_4 _paragraph_xtcu6_10 layout-component text-serif-m layout-normal text-serif-m layout-padded\">\u2013 Hvis ikke skattetrykket samlet sett kommer ned, s\u00e5 tror jeg det blir vanskelig \u00e5 f\u00e5 med denne siden p\u00e5 et forlik. Regjeringen vet hvor uenighetspunktene ligger. Derfor kan vi g\u00e5 rett til et utvalgsarbeid og forhandlinger. <\/p>\n<p class=\"_paragraph_1994c_4 _paragraph_xtcu6_10 layout-component text-serif-m layout-normal text-serif-m layout-padded\">De tre andre skattenikkerskattenikkerEr enige til det. <\/p>\n<p class=\"_paragraph_1994c_4 _paragraph_xtcu6_10 layout-component text-serif-m layout-normal text-serif-m layout-padded\">\u2013 Finnes det kompromisser som gj\u00f8r at <a href=\"https:\/\/www.skatteetaten.no\/satser\/formuesskatt\/\" class=\"_link_1994c_39\" rel=\"nofollow noopener\" target=\"_blank\">formuesskatten<\/a> kan beholdes?<\/p>\n<p class=\"_paragraph_1994c_4 _paragraph_xtcu6_10 layout-component text-serif-m layout-normal text-serif-m layout-padded\">\u2013 Jeg tror ikke at Ap vil v\u00e6re med p\u00e5 \u00e5 fjerne formuesskatten helt. Men formuesskatten kan ikke bli st\u00e5ende p\u00e5 det niv\u00e5et de har lagt den p\u00e5, sier Raja.<\/p>\n<p class=\"_paragraph_1994c_4 _paragraph_xtcu6_10 layout-component text-serif-m layout-normal text-serif-m layout-padded\">De tre andre skattenikker igjen:<\/p>\n<p class=\"_paragraph_1994c_4 _paragraph_xtcu6_10 layout-component text-serif-m layout-normal text-serif-m layout-padded\">\u2013 Det totale skatte- og avgiftsniv\u00e5et b\u00f8r ned. Spesielt n\u00e5r vi ser til andre land det er naturlig \u00e5 sammenligne seg med, sier Frp-Limi.<\/p>\n<p><img decoding=\"async\" alt=\"Bilde av \" class=\"_image_ygndg_42\" height=\"27\" itemprop=\"image\" loading=\"lazy\"  src=\"https:\/\/www.europesays.com\/no\/wp-content\/uploads\/2025\/10\/1644c45f-fa35-4d4a-b522-b52c01d4e477\"  width=\"40\"\/><strong class=\"_name_ygndg_51 title-serif-xs\"\/><\/p>\n<p class=\"_paragraph_1994c_4 _paragraph_xtcu6_10 layout-component text-serif-m layout-normal text-serif-m layout-padded\">Han sier det er en annen ganske stor utfordring:<\/p>\n<p class=\"_paragraph_1994c_4 _paragraph_xtcu6_10 layout-component text-serif-m layout-normal text-serif-m layout-padded\">\u2013 Regjeringen skal lande budsjett i Stortinget med fire partier, hvor tre av dem \u00f8nsker \u00e5 \u00f8ke skattene med titalls milliarder. Det m\u00e5 vi f\u00e5 en forsikring fra regjeringens side om at ikke skjer.<\/p>\n<p class=\"_paragraph_1994c_4 _paragraph_xtcu6_10 layout-component text-serif-m layout-normal text-serif-m layout-padded\">Denne formuleringen i svarbrevet fra de borgerlige partiene vil legge kraftig press p\u00e5 St\u00f8re og partiene p\u00e5 venstresiden.<\/p>\n<p class=\"_paragraph_1994c_4 _paragraph_xtcu6_10 layout-component text-serif-m layout-normal text-serif-m layout-padded\">Det st\u00e5r:<\/p>\n<p class=\"_paragraph_1994c_4 _paragraph_xtcu6_10 layout-component text-serif-m layout-normal text-serif-m layout-padded\">\u00abMens arbeidet i gruppen p\u00e5g\u00e5r, m\u00e5 vi kunne legge til grunn at regjeringen ikke legger frem forslag eller inng\u00e5r avtaler i Stortinget som medf\u00f8rer \u00f8kte skatter og avgifter, hverken brutto eller netto.\u00bb<\/p>\n<p class=\"_paragraph_1994c_4 _paragraph_xtcu6_10 layout-component text-serif-m layout-normal text-serif-m layout-padded\">\u2013 Vi m\u00e5 ha en forsikring fra regjeringens side om at de ikke kan v\u00e6re med p\u00e5 skatte\u00f8kninger parallelt med at gruppen jobber med en skattereform, sier Limi.<\/p>\n<p class=\"_paragraph_1994c_4 _paragraph_xtcu6_10 layout-component text-serif-m layout-normal text-serif-m layout-padded\">\u2013 Er det realistisk \u00e5 f\u00e5 til et skatteforlik n\u00e5r det er to partier p\u00e5 venstresiden som er veldig klare p\u00e5 at skattene skal opp?<\/p>\n<p class=\"_paragraph_1994c_4 _paragraph_xtcu6_10 layout-component text-serif-m layout-normal text-serif-m layout-padded\">\u2013 Finansministeren har invitert de fire partiene p\u00e5 borgerlig side til forhandlinger om skatt. Da m\u00e5 vi forutsette at finansministeren er villig til \u00e5 komme oss i m\u00f8te i betydelig grad. Hvis ikke blir det ingen enighet, sier H\u00f8yre-Astrup.<\/p>\n<p><img alt=\"Se; borgerlig glede.  Foto: Helge Mikalsen \/ VG\" class=\"_image_qp4xg_65 layout-component layout-normal\" data-fullscreen- data-track-element-type=\"Article image fullscreen\" data-track-name=\"ImageFullscreen\" decoding=\"async\" loading=\"lazy\" height=\"5504\" itemprop=\"image\"  src=\"https:\/\/www.europesays.com\/no\/wp-content\/uploads\/2025\/10\/f6450d87-207c-4cbb-a9e0-a11740255440\"  style=\"object-position:0% 0%\" width=\"8256\"\/>Se; borgerlig glede.  Foto: Helge Mikalsen \/ VG\u2013 Bedre sent enn aldri<\/p>\n<p class=\"_paragraph_1994c_4 _paragraph_xtcu6_10 layout-component text-serif-m layout-normal text-serif-m layout-padded\">KrF-R\u00f8se sier partiene p\u00e5 venstresiden har f\u00e5tt skatte\u00f8kninger p\u00e5 mange omr\u00e5der \u2013 spesielt for n\u00e6ringslivet \u2013 de siste fire \u00e5rene, mens St\u00f8re har regjert \u2013 og at de dermed har f\u00e5tt sitt.<\/p>\n<p class=\"_paragraph_1994c_4 _paragraph_xtcu6_10 layout-component text-serif-m layout-normal text-serif-m layout-padded\">\u2013 Det er skatte- og avgifts\u00f8kninger de siste fire \u00e5rene som har preget n\u00e6ringslivet sterkt. Det er nettopp de \u00f8kningene som har gitt grunnlag for et skatteforlik, sier hun.<\/p>\n<p class=\"_paragraph_1994c_4 _paragraph_xtcu6_10 layout-component text-serif-m layout-normal text-serif-m layout-padded\">\u2013 Denne borgerlige samlingen her er det mange som mener dere burde ha tatt initiativ til for lenge siden \u2013 f\u00f8r valget, ikke om dette temaet, men borgerlig samling om de som samler dere?<\/p>\n<p class=\"_paragraph_1994c_4 _paragraph_xtcu6_10 layout-component text-serif-m layout-normal text-serif-m layout-padded\">\u2013 Bedre sent enn aldri, sier Raja og skaper latter.<\/p>\n<p class=\"_paragraph_1994c_4 _paragraph_xtcu6_10 layout-component text-serif-m layout-normal text-serif-m layout-padded\">\u2013 Det er bra at initiativet kommer fra Stoltenberg, som i sin tid i arbeidet med handlingsregelen, la til grunn at den regelen skulle legge til rette for at overskuddet skulle g\u00e5 til forskning, infrastruktur og \u00abvekstfremmende skattelettelser\u00bb, sier han.<\/p>\n<p>\u2013 Stoltenberg: Glad<\/p>\n<p class=\"_paragraph_1994c_4 _paragraph_xtcu6_10 layout-component text-serif-m layout-normal text-serif-m layout-padded\">Finansminister Jens Stoltenberg tolker den borgerlige samlingen p\u00e5 en positiv m\u00e5te.<\/p>\n<p class=\"_paragraph_1994c_4 _paragraph_xtcu6_10 layout-component text-serif-m layout-normal text-serif-m layout-padded\">\u2013 Jeg er glad for at opposisjonspartiene er \u00e5pne for \u00e5 inng\u00e5 et skatteforlik, og vi vil selvf\u00f8lgelig m\u00f8te dem.<\/p>\n<p><img alt=\"Foto: Gisle Oddstad \/ VG\" class=\"_image_qp4xg_65 layout-component layout-normal\" data-fullscreen- data-track-element-type=\"Article image fullscreen\" data-track-name=\"ImageFullscreen\" decoding=\"async\" loading=\"lazy\" height=\"5142\" itemprop=\"image\"  src=\"https:\/\/www.europesays.com\/no\/wp-content\/uploads\/2025\/10\/66cc3451-8eab-44c1-a38f-11e8825c9354\"  style=\"object-position:0% 0%\" width=\"7088\"\/>Foto: Gisle Oddstad \/ VG\u2013 Skattel\u00f8fte ligger fast<\/p>\n<p class=\"_paragraph_1994c_4 _paragraph_xtcu6_10 layout-component text-serif-m layout-normal text-serif-m layout-padded\">Han sier at regjeringen mener at norske bedrifter og husholdninger fortjener forutsigbarhet, og de derfor tok initiativ til \u00e5 starte dette arbeidet i mars.<\/p>\n<p class=\"_paragraph_1994c_4 _paragraph_xtcu6_10 layout-component text-serif-m layout-normal text-serif-m layout-padded\">\u2013 Selv om vi helst skulle kommet i gang allerede da, er det fint at vi n\u00e5 kan sette i gang.<\/p>\n<p class=\"_paragraph_1994c_4 _paragraph_xtcu6_10 layout-component text-serif-m layout-normal text-serif-m layout-padded\">Han avviser at de vil dr\u00f8ye til 2029.<\/p>\n<p class=\"_paragraph_1994c_4 _paragraph_xtcu6_10 layout-component text-serif-m layout-normal text-serif-m layout-padded\">\u2013 Med tidsplanen vi har foresl\u00e5tt for partiene p\u00e5 Stortinget, kan et forlik v\u00e6re p\u00e5 plass i 2027.<\/p>\n<p class=\"_paragraph_1994c_4 _paragraph_xtcu6_10 layout-component text-serif-m layout-normal text-serif-m layout-padded\">Han lover at skattene ikke skal opp, selv om R\u00f8dt og SV vil det.<\/p>\n<p class=\"_paragraph_1994c_4 _paragraph_xtcu6_10 layout-component text-serif-m layout-normal text-serif-m layout-padded\">\u2013 Arbeiderpartiets skattel\u00f8fte ligger fast: Det samlede skatte- og avgiftsniv\u00e5et skal ikke \u00f8ke.<\/p>\n<p class=\"_paragraph_1994c_4 _paragraph_xtcu6_10 layout-component text-serif-m layout-normal text-serif-m layout-padded\">De borgerliges krav om \u00e5 g\u00e5 en kortere vei via et utvalg og ikke en kommisjon er han kritisk til.<\/p>\n<p class=\"_paragraph_1994c_4 _paragraph_xtcu6_10 layout-component text-serif-m layout-normal text-serif-m layout-padded\">\u2013 For oss er ikke kommisjonen et m\u00e5l i seg selv. M\u00e5let er et skatteforlik, og \u00e5 finne gode l\u00f8sninger som kan st\u00e5 seg over tid. Samtidig er vi klare p\u00e5 at vi mener en kommisjon er den beste veien til en bred enighet. <\/p>\n<p class=\"_paragraph_1994c_4 _paragraph_xtcu6_10 layout-component text-serif-m layout-normal text-serif-m layout-padded\">Han er veldig klar p\u00e5 det:<\/p>\n<p class=\"_paragraph_1994c_4 _paragraph_xtcu6_10 layout-component text-serif-m layout-normal text-serif-m layout-padded\">\u2013 En bredt sammensatt kommisjon kan legge grunnlaget for en enighet om helheten som kan overleve skiftende politiske flertall.<\/p>\n","protected":false},"excerpt":{"rendered":"De fire borgerlige partiene Frp, H\u00f8yre, Venstre og KrF g\u00e5r sammen om en felles skattestrategi, for \u00e5 svare&hellip;\n","protected":false},"author":2,"featured_media":54226,"comment_status":"","ping_status":"","sticky":false,"template":"","format":"standard","meta":{"footnotes":""},"categories":[5],"tags":[20,21,24,25,5219,15,19,1213,240,1841,22,23,17,18,13,30,28,281,29,14,16,4505,26,27,1098],"class_list":{"0":"post-54225","1":"post","2":"type-post","3":"status-publish","4":"format-standard","5":"has-post-thumbnail","7":"category-overskrifter","8":"tag-breaking-news","9":"tag-breakingnews","10":"tag-featured-news","11":"tag-featurednews","12":"tag-framskrittspartiet-frp","13":"tag-headlines","14":"tag-hovedoppslag","15":"tag-hoyre-h","16":"tag-jens-stoltenberg","17":"tag-kristeleg-folkeparti-krf","18":"tag-latest-news","19":"tag-latestnews","20":"tag-main-news","21":"tag-mainnews","22":"tag-news","23":"tag-no","24":"tag-norge","25":"tag-norsk-politikk","26":"tag-norway","27":"tag-nyheter","28":"tag-overskrifter","29":"tag-skattepolitikk","30":"tag-top-stories","31":"tag-topstories","32":"tag-venstre-v"},"share_on_mastodon":{"url":"","error":""},"_links":{"self":[{"href":"https:\/\/www.europesays.com\/no\/wp-json\/wp\/v2\/posts\/54225","targetHints":{"allow":["GET"]}}],"collection":[{"href":"https:\/\/www.europesays.com\/no\/wp-json\/wp\/v2\/posts"}],"about":[{"href":"https:\/\/www.europesays.com\/no\/wp-json\/wp\/v2\/types\/post"}],"author":[{"embeddable":true,"href":"https:\/\/www.europesays.com\/no\/wp-json\/wp\/v2\/users\/2"}],"replies":[{"embeddable":true,"href":"https:\/\/www.europesays.com\/no\/wp-json\/wp\/v2\/comments?post=54225"}],"version-history":[{"count":0,"href":"https:\/\/www.europesays.com\/no\/wp-json\/wp\/v2\/posts\/54225\/revisions"}],"wp:featuredmedia":[{"embeddable":true,"href":"https:\/\/www.europesays.com\/no\/wp-json\/wp\/v2\/media\/54226"}],"wp:attachment":[{"href":"https:\/\/www.europesays.com\/no\/wp-json\/wp\/v2\/media?parent=54225"}],"wp:term":[{"taxonomy":"category","embeddable":true,"href":"https:\/\/www.europesays.com\/no\/wp-json\/wp\/v2\/categories?post=54225"},{"taxonomy":"post_tag","embeddable":true,"href":"https:\/\/www.europesays.com\/no\/wp-json\/wp\/v2\/tags?post=54225"}],"curies":[{"name":"wp","href":"https:\/\/api.w.org\/{rel}","templated":true}]}}