{"id":54235,"date":"2025-10-06T21:01:11","date_gmt":"2025-10-06T21:01:11","guid":{"rendered":"https:\/\/www.europesays.com\/no\/54235\/"},"modified":"2025-10-06T21:01:11","modified_gmt":"2025-10-06T21:01:11","slug":"oyner-hap-om-gaza-avtale-jeg-savner-dem","status":"publish","type":"post","link":"https:\/\/www.europesays.com\/no\/54235\/","title":{"rendered":"\u00d8yner h\u00e5p om Gaza-avtale: &#8211; Jeg savner dem"},"content":{"rendered":"\n<p class=\"_paragraph_1994c_4 _paragraph_xtcu6_10 layout-component text-serif-m layout-normal text-serif-m layout-padded\">\u2013 Vi har n\u00e5 et h\u00e5p om \u00e5 f\u00e5 hjem v\u00e5re gisler. Det er takket v\u00e6re Trump, ikke Netanyahu.<\/p>\n<p class=\"_paragraph_1994c_4 _paragraph_xtcu6_10 layout-component text-serif-m layout-normal text-serif-m layout-padded\">Det sier\u00a0Keren Munder (56)\u00a0til VG, der vi befinner oss p\u00e5 en minnestund i Israelske Nir Oz, dr\u00f8ye to kilometer unna <a href=\"https:\/\/www.vg.no\/tag\/gaza?utm_source=vg-article&amp;utm_medium=auto-tagger&amp;utm_campaign=RzJrka\" class=\"_link_1994c_39\" rel=\"nofollow noopener\" target=\"_blank\">Gaza<\/a>. <\/p>\n<p class=\"_paragraph_1994c_4 _paragraph_xtcu6_10 layout-component text-serif-m layout-normal text-serif-m layout-padded\">Her ble 76 innbyggere kidnappet og 46 drept i angrepet 7. oktober.<\/p>\n<p class=\"_paragraph_1994c_4 _paragraph_xtcu6_10 layout-component text-serif-m layout-normal text-serif-m layout-padded\">Den dagen for to \u00e5r siden stormet hundrevis av Hamas-krigere inn i kibbutzenkibbutzenEn type kollektivt samfunn i Israel, ofte basert p\u00e5 jordbruk.. Keren, s\u00f8nnen hennes, samt moren og faren, ble kidnappet og brakt tilbake til Gaza. Broren hennes ble skutt og drept utenfor hjemmet sitt.<\/p>\n<p class=\"_paragraph_1994c_4 _paragraph_xtcu6_10 layout-component text-serif-m layout-normal text-serif-m layout-padded\">I 49 dager ble hun holdt fanget i Gaza f\u00f8r hun ble sluppet fri i en gisselavtale i november 2023.<\/p>\n<p class=\"_paragraph_1994c_4 _paragraph_xtcu6_10 layout-component text-serif-m layout-normal text-serif-m layout-padded\">N\u00e5 h\u00e5per hun at en ny avtale kan f\u00e5 hjem vennene og naboene hennes.<\/p>\n<p><img alt=\"Foto: Kyrre Lien \/ VG\" class=\"_image_qp4xg_65 layout-component layout-normal\" data-fullscreen- data-track-element-type=\"Article image fullscreen\" data-track-name=\"ImageFullscreen\" decoding=\"async\" loading=\"lazy\" height=\"5464\" itemprop=\"image\"  src=\"https:\/\/www.europesays.com\/no\/wp-content\/uploads\/2025\/10\/dd3daa67-6bf4-4746-bc5f-0e53a8a76902\"  style=\"object-position:0% 0%\" width=\"8192\"\/>Foto: Kyrre Lien \/ VG<\/p>\n<p class=\"_paragraph_1994c_4 _paragraph_xtcu6_10 layout-component text-serif-m layout-normal text-serif-m layout-padded\">\u2013 Det gj\u00f8r vondt \u00e5 tenke p\u00e5 dem som fortsatt er der inne, under s\u00e5 vanskelige forhold, sier hun.<\/p>\n<p class=\"_paragraph_1994c_4 _paragraph_xtcu6_10 layout-component text-serif-m layout-normal text-serif-m layout-padded\">I det fjerne h\u00f8res lyden av israelske angrep mot Gazastripen, der over 65.000 palestinere er blitt drept.<\/p>\n<p class=\"_paragraph_1994c_4 _paragraph_xtcu6_10 layout-component text-serif-m layout-normal text-serif-m layout-padded\">\u2013 Det er ikke normalt \u00e5 hele tiden skulle h\u00f8re dette. Men s\u00e5nn er det, sier hun og trekker p\u00e5 skuldrene. <\/p>\n<p><img alt=\"Minnestund for ofre etter Hamas-angrepet 7. oktober 2023.   Foto: Kyrre Lien \/ VG\" class=\"_image_qp4xg_65 layout-component layout-normal\" data-fullscreen- data-track-element-type=\"Article image fullscreen\" data-track-name=\"ImageFullscreen\" decoding=\"async\" loading=\"lazy\" height=\"5061\" itemprop=\"image\"  src=\"https:\/\/www.europesays.com\/no\/wp-content\/uploads\/2025\/10\/2f06797e-37b3-4ce7-a54b-4b387e373326\"  style=\"object-position:0% 0%\" width=\"7588\"\/>Minnestund for ofre etter Hamas-angrepet 7. oktober 2023.   Foto: Kyrre Lien \/ VG<\/p>\n<p class=\"_paragraph_1994c_4 _paragraph_xtcu6_10 layout-component text-serif-m layout-normal text-serif-m layout-padded\">Mandag har Hamas og israelske representanter holdt samtaler i Egypt. Det uttalte m\u00e5let er \u00e5 f\u00e5 p\u00e5 plass en\u00a0v\u00e5penhvile\u00a0som bringer hjem de israelske gislene i Gaza og f\u00e5r en slutt p\u00e5 krigen.<\/p>\n<p class=\"_paragraph_1994c_4 _paragraph_xtcu6_10 layout-component text-serif-m layout-normal text-serif-m layout-padded\"><strong class=\"_strong_1994c_25\">USAs president Donald Trump sier mandag kveld at han \u00abforventer en Gaza-avtale snart\u00bb, og at han mener det er stor fremgang i forhandlingene.<\/strong><\/p>\n<p class=\"_paragraph_1994c_4 _paragraph_xtcu6_10 layout-component text-serif-m layout-normal text-serif-m layout-padded\">Men det er ogs\u00e5 flere ubesvarte sp\u00f8rsm\u00e5l. Blant annet er det et krav fra Israel og USA om at Hamas legger ned v\u00e5pnene og gir fra seg makten. N\u00f8yaktig hvordan Hamas stiller seg til dette, er fortsatt uklart.<\/p>\n<p class=\"_paragraph_1994c_4 _paragraph_xtcu6_10 layout-component text-serif-m layout-normal text-serif-m layout-padded\">Uansett h\u00e5per Keren at de neste dagene skal gi et gjennombrudd. <\/p>\n<p><img alt=\"Keren ved graven til hennes bror.   Foto: Kyrre Lien \/ VG\" class=\"_image_qp4xg_65 layout-component layout-normal\" data-fullscreen- data-track-element-type=\"Article image fullscreen\" data-track-name=\"ImageFullscreen\" decoding=\"async\" loading=\"lazy\" height=\"5233\" itemprop=\"image\"  src=\"https:\/\/www.europesays.com\/no\/wp-content\/uploads\/2025\/10\/6297fc72-a899-421c-8cf4-076e40717e9a\"  style=\"object-position:0% 0%\" width=\"7846\"\/>Keren ved graven til hennes bror.   Foto: Kyrre Lien \/ VG<\/p>\n<p class=\"_paragraph_1994c_4 _paragraph_xtcu6_10 layout-component text-serif-m layout-normal text-serif-m layout-padded\">Fremdeles er\u00a0ni medlemmer fra kibbutzen holdt inne i Gaza. De tror at fem av dem fortsatt er i live, dette er mennesker hun kjenner godt. <\/p>\n<p class=\"_paragraph_1994c_4 _paragraph_xtcu6_10 layout-component text-serif-m layout-normal text-serif-m layout-padded\">\u2013 Jeg f\u00f8ler meg trist p\u00e5 en dag som dette, for jeg savner dem. Jeg savner dem som er borte, dem som er d\u00f8de.<\/p>\n<p class=\"_paragraph_1994c_4 _paragraph_xtcu6_10 layout-component text-serif-m layout-normal text-serif-m layout-padded\">For israelere er det \u00e5 f\u00e5 gislene tilbake helt sentralt.<\/p>\n<p class=\"_paragraph_1994c_4 _paragraph_xtcu6_10 layout-component text-serif-m layout-normal text-serif-m layout-padded\">\u2013 Samtidig er jeg redd for \u00e5 f\u00e5 opp h\u00e5pet for mye. Gang p\u00e5 gang har vi h\u00f8rt at gislene skal vende tilbake, f\u00f8r samtalene igjen har strandet, sier hun.<\/p>\n<p><img alt=\"Foto: Kyrre Lien \/ VG\" class=\"_image_qp4xg_65 layout-component layout-left\" data-fullscreen- data-track-element-type=\"Article image fullscreen\" data-track-name=\"ImageFullscreen\" decoding=\"async\" loading=\"lazy\" height=\"5464\" itemprop=\"image\"  src=\"https:\/\/www.europesays.com\/no\/wp-content\/uploads\/2025\/10\/678ea2ac-f0e5-49e8-8433-2be5e46c07fa\"  style=\"object-position:0% 0%\" width=\"8192\"\/>Foto: Kyrre Lien \/ VG<img alt=\"Foto: Kyrre Lien \/ VG\" class=\"_image_qp4xg_65 layout-component layout-right\" data-fullscreen- data-track-element-type=\"Article image fullscreen\" data-track-name=\"ImageFullscreen\" decoding=\"async\" loading=\"lazy\" height=\"5464\" itemprop=\"image\"  src=\"https:\/\/www.europesays.com\/no\/wp-content\/uploads\/2025\/10\/d1eaeb0e-6957-4bc9-baf3-7a3b9d1ccafa\"  style=\"object-position:0% 0%\" width=\"8192\"\/>Foto: Kyrre Lien \/ VG<\/p>\n<p class=\"_paragraph_1994c_4 _paragraph_xtcu6_10 layout-component text-serif-m layout-normal text-serif-m layout-padded\">Kerens far d\u00f8de i Hamas-fangenskap, og det var f\u00f8rst i august i fjor at israelske soldater klarte \u00e5 finne kroppen hans inne i Gaza \u2013 40 meter under bakken i en tunnel.<\/p>\n<p class=\"_paragraph_1994c_4 _paragraph_xtcu6_10 layout-component text-serif-m layout-normal text-serif-m layout-padded\">\u2013 Det er smertefullt \u00e5 vite at min far, som var blitt gammel, m\u00e5tte tilbringe tid i tunnelene. Det har v\u00e6rt s\u00e5 vanskelig \u00e5 ikke ha en grav \u00e5 g\u00e5 til, forteller hun.<\/p>\n<p class=\"_paragraph_1994c_4 _paragraph_xtcu6_10 layout-component text-serif-m layout-normal text-serif-m layout-padded\">For mens kroppen til faren l\u00e5 igjen, kunne Keren, moren og s\u00f8nnen puste lettet ut da de kom ut:<\/p>\n<p class=\"_paragraph_1994c_4 _paragraph_xtcu6_10 layout-component text-serif-m layout-normal layout-padded\"><strong class=\"_strong_1994c_25\">Les ogs\u00e5:<\/strong> <a href=\"https:\/\/www.vg.no\/i\/5E9K2b\" data-track-element-type=\"Link\" data-track-id=\"link:5E9K2b\" class=\"_link_1994c_39\" rel=\"nofollow noopener\" target=\"_blank\">Gaza-innbyggere om fredsplan: \u2013 Alt annet er bagateller<\/a><\/p>\n<p class=\"_paragraph_1994c_4 _paragraph_xtcu6_10 layout-component text-serif-m layout-normal text-serif-m layout-padded\">Det er to parallelle verdener her, begge traumatiserte: <\/p>\n<p class=\"_paragraph_1994c_4 _paragraph_xtcu6_10 layout-component text-serif-m layout-normal text-serif-m layout-padded\">I Nir Oz i Israel er mange av husene \u00f8delagt. Sotbelagte vegger, blomsterpotter som har smeltet, og minneplakater med bilder av drepte og kidnappede som ble dratt ut av hjemmene sine.<\/p>\n<p class=\"_paragraph_1994c_4 _paragraph_xtcu6_10 layout-component text-serif-m layout-normal text-serif-m layout-padded\">Hadde det ikke v\u00e6rt en krigssone, ville det tatt en halvtime \u00e5 g\u00e5 til Gaza fra Nir Oz.<\/p>\n<p class=\"_paragraph_1994c_4 _paragraph_xtcu6_10 layout-component text-serif-m layout-normal text-serif-m layout-padded\">Der, inne p\u00e5 Gazastripen, er 80 prosent av alle bygninger \u00f8delagt eller skadet, hjem er blitt bombet, og familier f\u00e5r sjelden mulighet til \u00e5 holde begravelser fordi det er for farlig.<\/p>\n<p class=\"_paragraph_1994c_4 _paragraph_xtcu6_10 layout-component text-serif-m layout-normal text-serif-m layout-padded\">Israel nekter ogs\u00e5 journalister innreise til Gaza for \u00e5 rapportere. <\/p>\n<p><img alt=\"Gaza, sett fra Israel, mandag 6. oktober.   Foto: Kyrre Lien \/ VG\" class=\"_image_qp4xg_65 layout-component layout-normal\" data-fullscreen- data-track-element-type=\"Article image fullscreen\" data-track-name=\"ImageFullscreen\" decoding=\"async\" loading=\"lazy\" height=\"4452\" itemprop=\"image\"  src=\"https:\/\/www.europesays.com\/no\/wp-content\/uploads\/2025\/10\/88ee6fde-ed8c-4f89-8622-b98c895aba4a\"  style=\"object-position:0% 0%\" width=\"6674\"\/>Gaza, sett fra Israel, mandag 6. oktober.   Foto: Kyrre Lien \/ VG<\/p>\n<p class=\"_paragraph_1994c_4 _paragraph_xtcu6_10 layout-component text-serif-m layout-normal text-serif-m layout-padded\">Keren h\u00e5per at livet i kibbutzen en gang kan vende tilbake og at husene bygges opp igjen.<\/p>\n<p class=\"_paragraph_1994c_4 _paragraph_xtcu6_10 layout-component text-serif-m layout-normal text-serif-m layout-padded\">Samtidig h\u00e5per hun at palestinerne kan leve i Gaza, og israelerne kan fortsette \u00e5 bo i kibbutzen \u2013 i sikkerhet og trygghet, side om side, forteller hun. <\/p>\n<p class=\"_paragraph_1994c_4 _paragraph_xtcu6_10 layout-component text-serif-m layout-normal text-serif-m layout-padded\">\u2013 I snart to \u00e5r har Israel kriget. Hva tenker du om konsekvensene for palestinerne, med s\u00e5 mange drepte kvinner og barn?<\/p>\n<p class=\"_paragraph_1994c_4 _paragraph_xtcu6_10 layout-component text-serif-m layout-normal text-serif-m layout-padded\">\u2013 Jeg tenker f\u00f8rst og fremst p\u00e5 hva de gjorde mot oss, at de kom hit, brant landsbyen, drepte barn. Jeg hater ikke alle arabere, men det de gjorde mot oss var grufullt. Jeg \u00f8nsker virkelig ikke at barn skal d\u00f8, det er ikke mine verdier. Men de m\u00e5 ogs\u00e5 se hvem de har som ledere, sier hun. <\/p>\n<p class=\"_paragraph_1994c_4 _paragraph_xtcu6_10 layout-component text-serif-m layout-normal text-serif-m layout-padded\">\u2013 N\u00e5 kritiseres ogs\u00e5 Israel for \u00e5 beg\u00e5 et folkemord av flere internasjonale menneskerettighetsorganisasjoner.<\/p>\n<p class=\"_paragraph_1994c_4 _paragraph_xtcu6_10 layout-component text-serif-m layout-normal text-serif-m layout-padded\">\u2013 V\u00e5r h\u00e6r er den mest moralske, men i alle kriger er det ogs\u00e5 problemer. Vi fors\u00f8ker \u00e5 drepe terroristene, ikke barna, sier hun. <\/p>\n<p class=\"_paragraph_1994c_4 _paragraph_xtcu6_10 layout-component text-serif-m layout-normal layout-padded\"><strong class=\"_strong_1994c_25\">Les ogs\u00e5:<\/strong> <a href=\"https:\/\/www.vg.no\/i\/XjKrMo\" data-track-element-type=\"Link\" data-track-id=\"link:XjKrMo\" class=\"_link_1994c_39\" rel=\"nofollow noopener\" target=\"_blank\">Hvordan ser et folkemord ut?<\/a><\/p>\n","protected":false},"excerpt":{"rendered":"\u2013 Vi har n\u00e5 et h\u00e5p om \u00e5 f\u00e5 hjem v\u00e5re gisler. Det er takket v\u00e6re Trump, ikke&hellip;\n","protected":false},"author":2,"featured_media":54236,"comment_status":"","ping_status":"","sticky":false,"template":"","format":"standard","meta":{"footnotes":""},"categories":[12],"tags":[20,21,24,25,53,566,15,1243,22,23,13,30,28,29,14,16,26,27,42,43,44,45],"class_list":{"0":"post-54235","1":"post","2":"type-post","3":"status-publish","4":"format-standard","5":"has-post-thumbnail","7":"category-verden","8":"tag-breaking-news","9":"tag-breakingnews","10":"tag-featured-news","11":"tag-featurednews","12":"tag-gaza","13":"tag-hamas","14":"tag-headlines","15":"tag-israel-palestina","16":"tag-latest-news","17":"tag-latestnews","18":"tag-news","19":"tag-no","20":"tag-norge","21":"tag-norway","22":"tag-nyheter","23":"tag-overskrifter","24":"tag-top-stories","25":"tag-topstories","26":"tag-verden","27":"tag-world","28":"tag-world-news","29":"tag-worldnews"},"share_on_mastodon":{"url":"","error":""},"_links":{"self":[{"href":"https:\/\/www.europesays.com\/no\/wp-json\/wp\/v2\/posts\/54235","targetHints":{"allow":["GET"]}}],"collection":[{"href":"https:\/\/www.europesays.com\/no\/wp-json\/wp\/v2\/posts"}],"about":[{"href":"https:\/\/www.europesays.com\/no\/wp-json\/wp\/v2\/types\/post"}],"author":[{"embeddable":true,"href":"https:\/\/www.europesays.com\/no\/wp-json\/wp\/v2\/users\/2"}],"replies":[{"embeddable":true,"href":"https:\/\/www.europesays.com\/no\/wp-json\/wp\/v2\/comments?post=54235"}],"version-history":[{"count":0,"href":"https:\/\/www.europesays.com\/no\/wp-json\/wp\/v2\/posts\/54235\/revisions"}],"wp:featuredmedia":[{"embeddable":true,"href":"https:\/\/www.europesays.com\/no\/wp-json\/wp\/v2\/media\/54236"}],"wp:attachment":[{"href":"https:\/\/www.europesays.com\/no\/wp-json\/wp\/v2\/media?parent=54235"}],"wp:term":[{"taxonomy":"category","embeddable":true,"href":"https:\/\/www.europesays.com\/no\/wp-json\/wp\/v2\/categories?post=54235"},{"taxonomy":"post_tag","embeddable":true,"href":"https:\/\/www.europesays.com\/no\/wp-json\/wp\/v2\/tags?post=54235"}],"curies":[{"name":"wp","href":"https:\/\/api.w.org\/{rel}","templated":true}]}}