{"id":54245,"date":"2025-10-06T21:11:11","date_gmt":"2025-10-06T21:11:11","guid":{"rendered":"https:\/\/www.europesays.com\/no\/54245\/"},"modified":"2025-10-06T21:11:11","modified_gmt":"2025-10-06T21:11:11","slug":"liverpool-stjernen-mohamed-salah-far-kritikk-etter-svak-sesongapning","status":"publish","type":"post","link":"https:\/\/www.europesays.com\/no\/54245\/","title":{"rendered":"Liverpool-stjernen Mohamed Salah f\u00e5r kritikk etter svak sesong\u00e5pning"},"content":{"rendered":"\n<p class=\"_lead_1994c_2 _lead_xtcu6_50 layout-component text-serif-m layout-normal text-serif-l layout-component layout-wide layout-padded _wide_17hqh_1 layout-padded\">Mohamed Salah (33) f\u00e5r gjennomg\u00e5 etter en svak sesong\u00e5pning.<\/p>\n<p><img alt=\" Foto: David Klein \/ Reuters \/ NTB\" class=\"_image_qp4xg_65 layout-component layout-wide\" data-fullscreen- data-track-element-type=\"Article image fullscreen\" data-track-name=\"ImageFullscreen\" fetchpriority=\"high\" decoding=\"sync\" loading=\"eager\" height=\"2263\" itemprop=\"image\"  src=\"https:\/\/www.europesays.com\/no\/wp-content\/uploads\/2025\/10\/e754a1a1-989d-442f-9861-2a25c97f38d0\"  style=\"object-position:0% 0%\" width=\"3131\"\/> Foto: David Klein \/ Reuters \/ NTB<\/p>\n<ul aria-hidden=\"true\" class=\"_images_1y6fe_106\">\n<li><a class=\"_link_1y6fe_111\" href=\"https:\/\/www.vg.no\/forfatter\/sindre-espe\" style=\"z-index:1\" title=\"Sindre Espe\" rel=\"nofollow noopener\" target=\"_blank\"><img alt=\"Bilde av Sindre Espe\" class=\"_image_1y6fe_88\" fetchpriority=\"low\" loading=\"lazy\" decoding=\"async\" itemprop=\"image\"  src=\"https:\/\/www.europesays.com\/no\/wp-content\/uploads\/2025\/10\/1759785069_527_5d41d29b-af5f-421d-80e6-42e6d80fe76e\"  width=\"480\"\/><\/a><\/li>\n<\/ul>\n<p> Oppdatert mandag 6. oktober kl. 22:48     <\/p>\n<p class=\"_paragraph_1994c_4 _paragraph_xtcu6_10 layout-component text-serif-m layout-normal text-serif-m layout-padded\">\u2013 Akkurat n\u00e5 kunne han ikke truffet en l\u00e5ved\u00f8r selv om han sto rett foran, er Liverpool-legende Steve Nicols knallharde dom. <\/p>\n<p class=\"_paragraph_1994c_4 _paragraph_xtcu6_10 layout-component text-serif-m layout-normal text-serif-m layout-padded\">Liverpool-stjernen <a href=\"https:\/\/www.vg.no\/tag\/mohamed-salah?utm_source=vg-article&amp;utm_medium=auto-tagger&amp;utm_campaign=W0QjQa\" class=\"_link_1994c_39\" rel=\"nofollow noopener\" target=\"_blank\">Mohamed Salah<\/a> f\u00e5r kritikk fra flere hold etter 1-2-tapet mot Chelsea i helgen. <\/p>\n<p class=\"_paragraph_1994c_4 _paragraph_xtcu6_10 layout-component text-serif-m layout-normal text-serif-m layout-padded\">\u2013 Han sliter mer enn noen andre, mye fordi Liverpool ikke klarer \u00e5 holde i ballen. Salah har aldri v\u00e6rt typen som tar vare p\u00e5 ballen \u2013 han mister den, men pleier \u00e5 score. Det gj\u00f8r han ikke n\u00e5, fortsetter Nicol p\u00e5 ESPN-sendingen, if\u00f8lge <a href=\"https:\/\/www.liverpool.com\/liverpool-fc-news\/features\/liverpool-legend-calls-club-shambles-32616276\" class=\"_link_1994c_39\" rel=\"nofollow noopener\" target=\"_blank\">Liverpool.com<\/a>. <\/p>\n<p class=\"_paragraph_1994c_4 _paragraph_xtcu6_10 layout-component text-serif-m layout-normal text-serif-m layout-padded\">S\u00e5 langt i sesongen har Salah \u00abbare\u00bb scoret tre m\u00e5l p\u00e5 ti kamper for Liverpool. <\/p>\n<p class=\"_paragraph_1994c_4 _paragraph_xtcu6_10 layout-component text-serif-m layout-normal text-serif-m layout-padded\">\u2013 Akkurat n\u00e5 mangler han den ene tingen som har gjort ham s\u00e5 viktig \u2013 m\u00e5lene.<\/p>\n<p><img decoding=\"async\" alt=\"Bilde av Steve Nicol\" class=\"_image_ygndg_42\" height=\"30\" itemprop=\"image\" loading=\"lazy\"  src=\"https:\/\/www.europesays.com\/no\/wp-content\/uploads\/2025\/10\/c6926091-0769-495d-a731-ee4412934f7d\"  width=\"40\"\/><strong class=\"_name_ygndg_51 title-serif-xs\">Steve Nicol<\/strong><\/p>\n<p class=\"_paragraph_1994c_4 text-sans-m _description_ygndg_56\">Spilte 468 kamper for Liverpool p\u00e5 80- og starten av 90-tallet. Bildet er fra starten av 2000-tallet. <\/p>\n<p class=\"_paragraph_1994c_4 _paragraph_xtcu6_10 layout-component text-serif-m layout-normal text-serif-m layout-padded\">Den tidligere Manchester United-stjernen Wayne Rooney mener egypteren ikke bidrar nok defensivt.<\/p>\n<p class=\"_paragraph_1994c_4 _paragraph_xtcu6_10 layout-component text-serif-m layout-normal text-serif-m layout-padded\">\u2013 I Chelsea-kampen blir h\u00f8yrebacken hans revet i stykker, og han bare ser p\u00e5, sier Manchester United-legenden i podkasten med det prangende navnet \u00abThe Wayne Rooney Show\u00bb, if\u00f8lge <a href=\"https:\/\/www.dailymail.co.uk\/sport\/football\/article-15165531\/Wayne-Rooney-Mo-Salah-Alexander-Isak-Florian-Wirtz-Liverpool.html\" class=\"_link_1994c_39\" rel=\"nofollow noopener\" target=\"_blank\">Daily Mail<\/a>.<\/p>\n<p class=\"_paragraph_1994c_4 _paragraph_xtcu6_10 layout-component text-serif-m layout-normal text-serif-m layout-padded\">Se h\u00f8ydepunktene fra kampen her:<\/p>\n<p class=\"_paragraph_1994c_4 _paragraph_xtcu6_10 layout-component text-serif-m layout-normal text-serif-m layout-padded\">BBCs sjefsskribent Danny Murphy er inne p\u00e5 det samme i sin <a href=\"https:\/\/www.bbc.com\/sport\/football\/articles\/c79vgyyx0vdo\" class=\"_link_1994c_39\" rel=\"nofollow noopener\" target=\"_blank\">analyse<\/a>.<\/p>\n<p class=\"_paragraph_1994c_4 _paragraph_xtcu6_10 layout-component text-serif-m layout-normal text-serif-m layout-padded\">\u2013 Enten det har v\u00e6rt Jeremie Frimpong, Conor Bradley eller Dominik Szoboszlai, havner de i tr\u00f8bbel fordi de stadig utsettes for 2 mot 1-situasjoner p\u00e5 sin side, forklarer Murphy.<\/p>\n<p class=\"_paragraph_1994c_4 _paragraph_xtcu6_10 layout-component text-serif-m layout-normal text-serif-m layout-padded\">\u2013 Det f\u00f8les som Mohamed Salahs manglende defensive jobbing har blitt et lite problem for Liverpool, skriver han.<\/p>\n<p class=\"_paragraph_1994c_4 _paragraph_xtcu6_10 layout-component text-serif-m layout-normal text-serif-m layout-padded\">Dette ble tydelig i l\u00f8rdagens tap mot Chelsea, hvor nettopp dette f\u00f8rte til Chelseas vinnerm\u00e5l langt inne i overtiden:<\/p>\n<p class=\"_paragraph_1994c_4 _paragraph_xtcu6_10 layout-component text-serif-m layout-normal text-serif-m layout-padded\">For f\u00f8rste gang under Arne Slot har Liverpool tapt tre kamper p\u00e5 rad.<\/p>\n<p class=\"_paragraph_1994c_4 _paragraph_xtcu6_10 layout-component text-serif-m layout-normal text-serif-m layout-padded\">Den nye treneren \u00f8nsket \u00e5 videreutvikle laget i sommer, og klubben brukte n\u00e6rmere seks milliarder norske kroner p\u00e5 nye spillere \u2013 inkludert gigantsigneringene Alexander Isak og Florian Wirtz, som hver kostet godt over \u00e9n milliard.<\/p>\n<p class=\"_paragraph_1994c_4 _paragraph_xtcu6_10 layout-component text-serif-m layout-normal text-serif-m layout-padded\">Wayne Rooney tror Mohamed Salahs ego kan ha f\u00e5tt seg en knekk etter at nettopp disse to ble hentet inn.<\/p>\n<p class=\"_paragraph_1994c_4 _paragraph_xtcu6_10 layout-component text-serif-m layout-normal text-serif-m layout-padded\">\u2013 Toppspillere har et ego, og Mo Salah har v\u00e6rt en av de beste spillerne i ligaen lenge. Men den siste uken har vist at n\u00e5r det ikke g\u00e5r bra, stiller jeg sp\u00f8rsm\u00e5l ved arbeidsinnsatsen hans, <\/p>\n<p class=\"_paragraph_1994c_4 _paragraph_xtcu6_10 layout-component text-serif-m layout-normal text-serif-m layout-padded\">Han mener det er p\u00e5 h\u00f8y tid at kaptein Virgil van Dijk tar ansvar og setter skapet p\u00e5 plass.<\/p>\n<p class=\"_paragraph_1994c_4 _paragraph_xtcu6_10 layout-component text-serif-m layout-normal text-serif-m layout-padded\">\u2013 Spillere som Van Dijk og Alisson i garderoben burde fortelle ham at han m\u00e5 hjelpe til. For meg var det bekymringsfullt, sier Rooney.<\/p>\n<p class=\"_paragraph_1994c_4 _paragraph_xtcu6_10 layout-component text-serif-m layout-normal text-serif-m layout-padded\">Men med s\u00e5 store endringer har de mistet kontrollen som gjorde fjor\u00e5rets tittelkamp til en parademarsj, skriver anerkjente James Pearce for <a href=\"https:\/\/www.nytimes.com\/athletic\/6689410\/2025\/10\/05\/liverpool-slot-analysis-chelsea\/\" class=\"_link_1994c_39\" rel=\"nofollow noopener\" target=\"_blank\">The Athletic<\/a>.<\/p>\n<p class=\"_paragraph_1994c_4 _paragraph_xtcu6_10 layout-component text-serif-m layout-normal text-serif-m layout-padded\">\u2013 Det er ingen kontroll, ingen balanse, ingen soliditet, ingen selvtillit, skriver han.<\/p>\n<p class=\"_paragraph_1994c_4 _paragraph_xtcu6_10 layout-component text-serif-m layout-normal text-serif-m layout-padded\">Pearce trekker frem Ibrahima Konat\u00e9, Alexis Mac Allister og Cody Gakpo som spillere som \u2013 i likhet med Mohamed Salah \u2013 n\u00e5 sliter.<\/p>\n<p class=\"_paragraph_1994c_4 _paragraph_xtcu6_10 layout-component text-serif-m layout-normal text-serif-m layout-padded\">\u2013 Mohamed Salah, som gang p\u00e5 gang mislyktes i sitt comeback p\u00e5 Stamford Bridge, er bare en skygge av spilleren som herjet med Premier League-forsvarere i fjor h\u00f8st, fortsetter han.<\/p>\n<p class=\"_paragraph_1994c_4 _paragraph_xtcu6_10 layout-component text-serif-m layout-normal text-serif-m layout-padded\">Salah scorer lavere p\u00e5 de fleste parametere sammenlignet med fjor\u00e5rssesongen:<\/p>\n<p><img alt=\"\" class=\"_image_qp4xg_65 layout-component layout-normal\" data-fullscreen- data-track-element-type=\"Article image fullscreen\" data-track-name=\"ImageFullscreen\" decoding=\"async\" loading=\"lazy\" height=\"2449\" itemprop=\"image\"  src=\"https:\/\/www.europesays.com\/no\/wp-content\/uploads\/2025\/10\/7339be22-7f32-414f-a431-f3b9a2d53c33\"  style=\"object-position:0% 0%\" width=\"2048\"\/><\/p>\n<p class=\"_paragraph_1994c_4 _paragraph_xtcu6_10 layout-component text-serif-m layout-normal text-serif-m layout-padded\"><strong class=\"_strong_1994c_25\">Grafikk:<\/strong> <a href=\"https:\/\/www.sofascore.com\/football\/player\/mohamed-salah\/159665?utm_source=vg.no&amp;utm_medium=FootballH2H\" class=\"_link_1994c_39\" rel=\"nofollow noopener\" target=\"_blank\">Sofascore.com<\/a><\/p>\n<p class=\"_paragraph_1994c_4 _paragraph_xtcu6_10 layout-component text-serif-m layout-normal text-serif-m layout-padded\">BBC-skribent Murphy mener problemet ikke f\u00f8rst og fremst ligger hos Salah, men i hvordan Liverpool er organisert bak ham. <\/p>\n<p class=\"_paragraph_1994c_4 _paragraph_xtcu6_10 layout-component text-serif-m layout-normal text-serif-m layout-padded\">Han peker p\u00e5 at midtbanespillerne ofte kommer for sent ut for \u00e5 gi st\u00f8tte, noe som \u00e5pner rom for motstanderen \u00e5 utnytte.<\/p>\n<p class=\"_paragraph_1994c_4 _paragraph_xtcu6_10 layout-component text-serif-m layout-normal text-serif-m layout-padded\">\u2013 Alt dette blir mindre av et problem n\u00e5r du spiller lag hvor du dominerer ballen, men de m\u00e5 stramme inn fordi topplagene vil utnytte det.<\/p>\n<p class=\"_paragraph_1994c_4 _paragraph_xtcu6_10 layout-component text-serif-m layout-normal text-serif-m layout-padded\">Til tross for tretreEtt i Champions League. strake tap ligger laget p\u00e5 2.-plass p\u00e5 Premier League-tabellen etter en resultatmessigresultatmessigLiverpool vant syv kamper p\u00e5 rad f\u00f8r de tre tapene.  str\u00e5lende sesongstart. <\/p>\n","protected":false},"excerpt":{"rendered":"Mohamed Salah (33) f\u00e5r gjennomg\u00e5 etter en svak sesong\u00e5pning. Foto: David Klein \/ Reuters \/ NTB Oppdatert mandag&hellip;\n","protected":false},"author":2,"featured_media":54246,"comment_status":"","ping_status":"","sticky":false,"template":"","format":"standard","meta":{"footnotes":""},"categories":[59],"tags":[114,4144,30,28,29,161,83,82],"class_list":{"0":"post-54245","1":"post","2":"type-post","3":"status-publish","4":"format-standard","5":"has-post-thumbnail","7":"category-sport","8":"tag-liverpool-fc","9":"tag-mohamed-salah","10":"tag-no","11":"tag-norge","12":"tag-norway","13":"tag-premier-league","14":"tag-sport","15":"tag-sports"},"share_on_mastodon":{"url":"","error":""},"_links":{"self":[{"href":"https:\/\/www.europesays.com\/no\/wp-json\/wp\/v2\/posts\/54245","targetHints":{"allow":["GET"]}}],"collection":[{"href":"https:\/\/www.europesays.com\/no\/wp-json\/wp\/v2\/posts"}],"about":[{"href":"https:\/\/www.europesays.com\/no\/wp-json\/wp\/v2\/types\/post"}],"author":[{"embeddable":true,"href":"https:\/\/www.europesays.com\/no\/wp-json\/wp\/v2\/users\/2"}],"replies":[{"embeddable":true,"href":"https:\/\/www.europesays.com\/no\/wp-json\/wp\/v2\/comments?post=54245"}],"version-history":[{"count":0,"href":"https:\/\/www.europesays.com\/no\/wp-json\/wp\/v2\/posts\/54245\/revisions"}],"wp:featuredmedia":[{"embeddable":true,"href":"https:\/\/www.europesays.com\/no\/wp-json\/wp\/v2\/media\/54246"}],"wp:attachment":[{"href":"https:\/\/www.europesays.com\/no\/wp-json\/wp\/v2\/media?parent=54245"}],"wp:term":[{"taxonomy":"category","embeddable":true,"href":"https:\/\/www.europesays.com\/no\/wp-json\/wp\/v2\/categories?post=54245"},{"taxonomy":"post_tag","embeddable":true,"href":"https:\/\/www.europesays.com\/no\/wp-json\/wp\/v2\/tags?post=54245"}],"curies":[{"name":"wp","href":"https:\/\/api.w.org\/{rel}","templated":true}]}}