{"id":54250,"date":"2025-10-06T21:17:08","date_gmt":"2025-10-06T21:17:08","guid":{"rendered":"https:\/\/www.europesays.com\/no\/54250\/"},"modified":"2025-10-06T21:17:08","modified_gmt":"2025-10-06T21:17:08","slug":"kidman-viser-seg-pa-moteuken-i-paris","status":"publish","type":"post","link":"https:\/\/www.europesays.com\/no\/54250\/","title":{"rendered":"Kidman viser seg p\u00e5 moteuken i Paris"},"content":{"rendered":"<p class=\"kicker \" style=\"\">Nicole Kidman:<\/p>\n<p>  Sjerneparet g\u00e5r hvert til sitt etter 19 \u00e5r ved hverandre side. N\u00e5 viser skuespilleren seg i offentligheten for f\u00f8rste gang etter bruddet.\u00a0<\/p>\n<p>\n    DUKKET OPP: Hollywood-stjernen har vist seg offentlig ved flere tilfeller den siste tiden. Her vinker hun til fotografene under moteuken i Paris. Foto: NTB\n  <\/p>\n<p>Forrige uke kom nyheten som overrasket mange: Stjerneparet Nicole Kidman (58) og Keith Urban (57) g\u00e5r hvert til sitt etter 19 \u00e5r sammen.<\/p>\n<p>Det er forel\u00f8pig uklart hva som ligger bak bruddet, men flere medier &#8211; blant dem PageSix &#8211; har de siste dagene spekulert p\u00e5 ulike \u00e5rsaker.<\/p>\n<p>    <a itemprop=\"url\" href=\"https:\/\/www.seher.no\/kjendis\/dukket-opp-etter-bruddet\/83683139\" rel=\"nofollow noopener\" target=\"_blank\"><\/p>\n<p>      <img loading=\"lazy\" decoding=\"async\" src=\"https:\/\/www.europesays.com\/no\/wp-content\/uploads\/2025\/10\/1759785428_106_83683165.webp\" width=\"980\" height=\"441\" title=\"Dukket opp etter bruddet\" alt=\"\" class=\"lazyload\" style=\"--aspect-ratio-image: 2.22; \"\/><\/p>\n<p>        Dukket opp etter bruddet<\/p>\n<p>    <\/a><\/p>\n<p>Det tok nemlig ikke lang tid f\u00f8r rykter om isfront og utroskap meldte sin ankomst, og bare noen timer etter bruddnyheten ble det hevdet at Keith allerede skal ha en ny kvinne i sengen.<\/p>\n<p>Kilder knyttet til Kidman sa ogs\u00e5 at \u00aballe tegn peker p\u00e5 at Keith er sammen med en annen kvinne\u00bb.<\/p>\n<p>          <img loading=\"lazy\" decoding=\"async\" src=\"https:\/\/www.europesays.com\/no\/wp-content\/uploads\/2025\/10\/83688049.webp\" width=\"686\" height=\"714\" title=\"19 \u00c5RS EKTESKAP: Nicole Kidman og Keith Urban har g\u00e5tt fra hverandre etter 20 \u00e5r som par. Foto: Richard Milnes \/ Shutterstock\" alt=\"\" class=\"\" style=\"--aspect-ratio-image: 0.96; \"\/><\/p>\n<p>\n          19 \u00c5RS EKTESKAP: Nicole Kidman og Keith Urban har g\u00e5tt fra hverandre etter 20 \u00e5r som par. Foto: Richard Milnes \/ Shutterstock\n      <\/p>\n<p>Skilsmissen har imidlertid ikke f\u00e5tt Kidman til \u00e5 trekke seg tilbake fra rampelyset. De siste dagene har hun vist seg offentlig ved flere tilfeller.<\/p>\n<p>L\u00f8rdag <a href=\"https:\/\/www.seher.no\/kjendis\/dukket-opp-etter-bruddet\/83683139\" rel=\"nofollow noopener\" target=\"_blank\">deltok hun p\u00e5 amFAR-auksjonen i Dallas<\/a>, der hun overrakte en pris til manusforfatter Taylor Sheridan.\u00a0<\/p>\n<p>        TATT P\u00c5 FERSKEN: Etter realitydeltakeren nekter for \u00e5 ha v\u00e6rt utro mot kj\u00e6resten, tar programlederen grep. Video: ITVX\/ \u00abBad Boyfriends\u00bb\/ R\u00f8d L\u00f8per<\/p>\n<p> Kidman ankom i en elegant svart kjole og holdt en r\u00f8rende tale om samhold og medf\u00f8lelse. Hun holdt masken for publikum, og var elegant som alltid, if\u00f8lge People som har rapportert fra evenementet. <\/p>\n<p>Mandag dukket hun ogs\u00e5 opp under moteuken i Paris, p\u00e5 motehuset Chanels visning &#8211; denne gang sammen med d\u00f8trene Sunday Rose (17) og Faith Margaret (14), som hun har sammen med Urban.<\/p>\n<p>          <img loading=\"lazy\" decoding=\"async\" src=\"https:\/\/www.europesays.com\/no\/wp-content\/uploads\/2025\/10\/83688055.webp\" width=\"686\" height=\"1029\" title=\"MOTEVISNING I PARIS: Motel\u00f8ven Kidman lar ikke en skilsmisse stoppe henne fra offentlige arrangement. Foto: NTB\" alt=\"\" class=\"\" style=\"--aspect-ratio-image: 0.67; \"\/><\/p>\n<p>\n          MOTEVISNING I PARIS: Motel\u00f8ven Kidman lar ikke en skilsmisse stoppe henne fra offentlige arrangement. Foto: NTB\n      <\/p>\n<p>Kidman er ambassad\u00f8r for Chanel, mens datteren Sunday Rose nylig har tatt sine f\u00f8rste steg inn i modellbransjen. Tidligere i oktober gikk hun p\u00e5 catwalken i en motevisning for Dior.<\/p>\n<p>If\u00f8lge TMZ skal det v\u00e6re Kidman som har levert skilsmisses\u00f8knaden, men verken hun eller Urban har forel\u00f8pig kommentert bruddet.<\/p>\n","protected":false},"excerpt":{"rendered":"Nicole Kidman: Sjerneparet g\u00e5r hvert til sitt etter 19 \u00e5r ved hverandre side. N\u00e5 viser skuespilleren seg i&hellip;\n","protected":false},"author":2,"featured_media":54251,"comment_status":"","ping_status":"","sticky":false,"template":"","format":"standard","meta":{"footnotes":""},"categories":[5],"tags":[20,21,24,25,15,19,7507,479,22,23,17,18,13,7305,30,28,29,14,16,4031,26,27,8202],"class_list":{"0":"post-54250","1":"post","2":"type-post","3":"status-publish","4":"format-standard","5":"has-post-thumbnail","7":"category-overskrifter","8":"tag-breaking-news","9":"tag-breakingnews","10":"tag-featured-news","11":"tag-featurednews","12":"tag-headlines","13":"tag-hovedoppslag","14":"tag-keith-urban","15":"tag-kjendis","16":"tag-latest-news","17":"tag-latestnews","18":"tag-main-news","19":"tag-mainnews","20":"tag-news","21":"tag-nicole-kidman","22":"tag-no","23":"tag-norge","24":"tag-norway","25":"tag-nyheter","26":"tag-overskrifter","27":"tag-skilsmisse","28":"tag-top-stories","29":"tag-topstories","30":"tag-viser-seg"},"share_on_mastodon":{"url":"","error":""},"_links":{"self":[{"href":"https:\/\/www.europesays.com\/no\/wp-json\/wp\/v2\/posts\/54250","targetHints":{"allow":["GET"]}}],"collection":[{"href":"https:\/\/www.europesays.com\/no\/wp-json\/wp\/v2\/posts"}],"about":[{"href":"https:\/\/www.europesays.com\/no\/wp-json\/wp\/v2\/types\/post"}],"author":[{"embeddable":true,"href":"https:\/\/www.europesays.com\/no\/wp-json\/wp\/v2\/users\/2"}],"replies":[{"embeddable":true,"href":"https:\/\/www.europesays.com\/no\/wp-json\/wp\/v2\/comments?post=54250"}],"version-history":[{"count":0,"href":"https:\/\/www.europesays.com\/no\/wp-json\/wp\/v2\/posts\/54250\/revisions"}],"wp:featuredmedia":[{"embeddable":true,"href":"https:\/\/www.europesays.com\/no\/wp-json\/wp\/v2\/media\/54251"}],"wp:attachment":[{"href":"https:\/\/www.europesays.com\/no\/wp-json\/wp\/v2\/media?parent=54250"}],"wp:term":[{"taxonomy":"category","embeddable":true,"href":"https:\/\/www.europesays.com\/no\/wp-json\/wp\/v2\/categories?post=54250"},{"taxonomy":"post_tag","embeddable":true,"href":"https:\/\/www.europesays.com\/no\/wp-json\/wp\/v2\/tags?post=54250"}],"curies":[{"name":"wp","href":"https:\/\/api.w.org\/{rel}","templated":true}]}}