{"id":54279,"date":"2025-10-06T22:16:08","date_gmt":"2025-10-06T22:16:08","guid":{"rendered":"https:\/\/www.europesays.com\/no\/54279\/"},"modified":"2025-10-06T22:16:08","modified_gmt":"2025-10-06T22:16:08","slug":"apple-skroter-vision-pro-for-ai-briller","status":"publish","type":"post","link":"https:\/\/www.europesays.com\/no\/54279\/","title":{"rendered":"Apple skroter Vision Pro for AI-briller"},"content":{"rendered":"<p class=\"kicker \" style=\"\">DEBATT | Hans-Petter Nyg\u00e5rd-Hansen<\/p>\n<p>\n        TETT P\u00c5: Vi st\u00e5r foran en b\u00f8lge av skjermer enda tettere p\u00e5 kroppen v\u00e5r, skriver Hans-Petter Nyg\u00e5rd-Hansen.<br \/>\n        (Foto: Istock\/ gorodenkoff)\n    <\/p>\n<p>    Ett \u00e5r etter at jeg skrev at Apple ville m\u00e5tte gi opp Vision Pro, er prosjektet offisielt skrotet. N\u00e5 satser selskapet p\u00e5 AI-briller som minner om Metas Ray-Ban \u2013 skjermer tett p\u00e5 \u00f8ynene v\u00e5re, pakket inn som mote og frihet. Sp\u00f8rsm\u00e5let er om dette er innovasjon eller et nytt skritt inn i et digitalt fengsel.<\/p>\n<p>Bloomberg kunne nylig avsl\u00f8re at <a href=\"https:\/\/www.bloomberg.com\/news\/articles\/2025-10-01\/apple-shelves-vision-headset-revamp-to-prioritize-meta-like-ai-smart-glasses\" rel=\"nofollow noopener\" target=\"_blank\">Apple har bestemt seg for \u00e5 fullstendig stanse<br \/>\nutviklingen av Vision Pro<\/a>. I stedet vil Apple flytte ressurser over<br \/>\ntil \u00e5 utvikle smartbriller som kan konkurrere med Metas Ray-Ban-briller.<br \/>\nNyheten kommer bare ett \u00e5r etter at jeg skrev at <a href=\"https:\/\/hanspetter.info\/apple-setter-endelig-ned-foten-vision-pro-en-seier-det-virkelige-livet\/\" rel=\"nofollow noopener\" target=\"_blank\">Apple vil komme til \u00e5 sette foten ned for Vision Pro<\/a>.<br \/>\nMarkedet hadde ikke behov for en svinedyr skjerm tett p\u00e5 ansiktet. Den gang<br \/>\nskulle Apple fokusere p\u00e5 \u00e5 utvikle en billigere utgave av Vision Pro. N\u00e5<br \/>\nskrotes hele prosjektet og de ansatte er flyttet til et nytt \u201cbrilleprosjekt\u201d.<\/p>\n<p>Dette er b\u00e5de en bekreftelse og en<br \/>\nadvarsel. P\u00e5 den ene siden viser det at Apple faktisk ser begrensningene ved \u00e5<br \/>\nselge VR som en \u201cny virkelighet\u201d. P\u00e5<br \/>\nden andre siden betyr det at vi st\u00e5r foran en b\u00f8lge av skjermer enda tettere p\u00e5<br \/>\nkroppen v\u00e5r. AI-briller pakket inn som mote, innovasjon og \u201cfrihet\u201d.<\/p>\n<p>Fra isolasjon til \u201cAI i brillene\u201d<\/p>\n<p><a href=\"https:\/\/hanspetter.info\/apple-vision-pro-skremmende-gode-xr-briller\/\" rel=\"nofollow noopener\" target=\"_blank\">Vision Pro ble lansert i 2023 med massiv fanfare<\/a>,<br \/>\nmen floppet raskt p\u00e5 grunn av h\u00f8y pris, manglende innhold og en underliggende<br \/>\nskepsis i markedet. Apple hadde sett for seg en ny \u00e6ra av \u201cSpatial Computing\u201d, der XR-brillene deres skulle erstatte skjermer,<br \/>\nm\u00f8ter og til og med sosiale relasjoner. I stedet ble det enda et eksempel p\u00e5 at<br \/>\n<a href=\"https:\/\/hanspetter.info\/vr-gamere-kommer-aldri-til-ta-av\/\" rel=\"nofollow noopener\" target=\"_blank\">VR-briller aldri blir et \u201c<\/a><a href=\"https:\/\/hanspetter.info\/vr-gamere-kommer-aldri-til-ta-av\/\" rel=\"nofollow noopener\" target=\"_blank\">mainstream<\/a><a href=\"https:\/\/hanspetter.info\/vr-gamere-kommer-aldri-til-ta-av\/\" rel=\"nofollow noopener\" target=\"_blank\">\u201d-produkt<\/a>. <\/p>\n<p>                <img decoding=\"async\" src=\"https:\/\/www.europesays.com\/no\/wp-content\/uploads\/2025\/10\/2411565.webp\" width=\"480\" height=\"274\" title=\"Hans-Petter Nyg\u00e5rd-Hansen er kommunikasjonsr\u00e5dgiver i Kommfrem.\" alt=\"\" loading=\"lazy\" style=\"\"\/><\/p>\n<p>\n            Hans-Petter Nyg\u00e5rd-Hansen er kommunikasjonsr\u00e5dgiver i Kommfrem.<br \/>\n            (Foto: Kristoffer Sandven)\n        <\/p>\n<p>At Apple n\u00e5 satser p\u00e5 briller som minner<br \/>\nom Metas Ray-Ban er ikke overraskende. Disse er enklere \u00e5 bruke, lettere \u00e5<br \/>\nakseptere sosialt og kobles direkte til smarttelefonen. Men faren er \u00e5penbar:<br \/>\nvi flytter nettet, algoritmene og oppmerksomhets\u00f8konomien bare enda n\u00e6rmere<br \/>\n\u00f8ynene v\u00e5re.<\/p>\n<p>Meta sitt digitale fengsel<\/p>\n<p>Jeg skrev nylig en kritisk artikkel om <a href=\"https:\/\/hanspetter.info\/de-nye-meta-brillene-markerer-enda-et-skritt-inn-det-digitale-fengselet\/\" rel=\"nofollow noopener\" target=\"_blank\">Meta sine nye Ray-Ban-briller,<\/a> og poenget er<br \/>\nlike gyldig her, for dette handler ikke om innovasjon, men om kontroll. Meta<br \/>\nselger brillene som en revolusjon, men i realiteten fanger de oss enda mer i en<br \/>\ndigital hverdag vi allerede sliter med \u00e5 balansere. N\u00e5r skjermene ikke lenger<br \/>\nbare omgir oss, men blir en del av kroppen v\u00e5r, g\u00e5r vi fra \u00e5 v\u00e6re brukere til \u00e5<br \/>\nbli fors\u00f8kskaniner i et globalt eksperiment styrt av noen f\u00e5 teknologigiganter.<\/p>\n<p>        Skal vi virkelig invitere denne virkeligheten enda tettere inn i synsfeltet v\u00e5rt \u2013 centimeter fra \u00f8ynene?<\/p>\n<p>Meta har gjennom \u00e5rene vist oss hva de<br \/>\negentlig st\u00e5r for. Zuckerbergs forretningsmodell bel\u00f8nner polarisering,<br \/>\ndesinformasjon og innhold som \u00f8delegger b\u00e5de psykisk helse og demokratisk<br \/>\nsamtale. Norske medier bl\u00f8r annonseinntekter p\u00e5 grunn av denne utviklingen, og<br \/>\ndermed undergraves selve fundamentet for en opplyst offentlighet. Skal vi<br \/>\nvirkelig invitere denne virkeligheten enda tettere inn i synsfeltet v\u00e5rt \u2013<br \/>\ncentimeter fra \u00f8ynene?<\/p>\n<p>De unges virkelighet er f\u00f8rst<br \/>\nog fremst digital<\/p>\n<p>Jeg mener det alvorlig n\u00e5r barn og unges<br \/>\nprim\u00e6re virkelighet i dag er digital. Den fysiske verden er sekund\u00e6r. Vi ser<br \/>\nallerede konsekvensene i form av svekket konsentrasjon, lese- og skrivevansker,<br \/>\nd\u00e5rligere s\u00f8vn, mer ensomhet og \u00f8kt psykisk uhelse. N\u00e5r vi n\u00e5 skal f\u00e5 internett<br \/>\nog sosiale medier plassert bokstavelig talt rett foran \u00f8ynene v\u00e5re, vil denne<br \/>\nutviklingen akselereres og forverres. Vi trenger f\u00e6rre skjermer, ikke flere. Vi<br \/>\ntrenger teknologi som styrker v\u00e5r relasjon til den virkelige verden, ikke teknologi<br \/>\nsom trekker oss dypere inn i et digitalt fengsel.<\/p>\n<p>At Apple n\u00e5 vender ryggen til Vision Pro<br \/>\nkan tolkes som et nederlag for VR, men det kan ogs\u00e5 sees som en seier for det<br \/>\nvirkelige livet. Problemet er bare at de ikke trekker i bremsen \u2013 de skifter<br \/>\nbare gir. Sp\u00f8rsm\u00e5let vi m\u00e5 stille oss er ikke hva Apple og Meta kan levere<br \/>\nneste \u00e5r, men hva vi faktisk trenger som samfunn. Trenger vi virkelig flere<br \/>\nskjermer? Eller trenger vi \u00e5 gjenvinne evnen til \u00e5 v\u00e6re til stede \u2013 med<br \/>\nhverandre, med naturen og med oss selv?<\/p>\n<p>\u00a0<\/p>\n","protected":false},"excerpt":{"rendered":"DEBATT | Hans-Petter Nyg\u00e5rd-Hansen TETT P\u00c5: Vi st\u00e5r foran en b\u00f8lge av skjermer enda tettere p\u00e5 kroppen v\u00e5r,&hellip;\n","protected":false},"author":2,"featured_media":54280,"comment_status":"","ping_status":"","sticky":false,"template":"","format":"standard","meta":{"footnotes":""},"categories":[57],"tags":[30,28,29,65,63,64,66,70,69,67,68],"class_list":{"0":"post-54279","1":"post","2":"type-post","3":"status-publish","4":"format-standard","5":"has-post-thumbnail","7":"category-vitenskap-og-teknologi","8":"tag-no","9":"tag-norge","10":"tag-norway","11":"tag-science","12":"tag-science-and-technology","13":"tag-scienceandtechnology","14":"tag-technology","15":"tag-teknologi","16":"tag-vitenskap","17":"tag-vitenskap-og-teknologi","18":"tag-vitenskapteknologi"},"share_on_mastodon":{"url":"","error":""},"_links":{"self":[{"href":"https:\/\/www.europesays.com\/no\/wp-json\/wp\/v2\/posts\/54279","targetHints":{"allow":["GET"]}}],"collection":[{"href":"https:\/\/www.europesays.com\/no\/wp-json\/wp\/v2\/posts"}],"about":[{"href":"https:\/\/www.europesays.com\/no\/wp-json\/wp\/v2\/types\/post"}],"author":[{"embeddable":true,"href":"https:\/\/www.europesays.com\/no\/wp-json\/wp\/v2\/users\/2"}],"replies":[{"embeddable":true,"href":"https:\/\/www.europesays.com\/no\/wp-json\/wp\/v2\/comments?post=54279"}],"version-history":[{"count":0,"href":"https:\/\/www.europesays.com\/no\/wp-json\/wp\/v2\/posts\/54279\/revisions"}],"wp:featuredmedia":[{"embeddable":true,"href":"https:\/\/www.europesays.com\/no\/wp-json\/wp\/v2\/media\/54280"}],"wp:attachment":[{"href":"https:\/\/www.europesays.com\/no\/wp-json\/wp\/v2\/media?parent=54279"}],"wp:term":[{"taxonomy":"category","embeddable":true,"href":"https:\/\/www.europesays.com\/no\/wp-json\/wp\/v2\/categories?post=54279"},{"taxonomy":"post_tag","embeddable":true,"href":"https:\/\/www.europesays.com\/no\/wp-json\/wp\/v2\/tags?post=54279"}],"curies":[{"name":"wp","href":"https:\/\/api.w.org\/{rel}","templated":true}]}}