{"id":54297,"date":"2025-10-06T23:30:14","date_gmt":"2025-10-06T23:30:14","guid":{"rendered":"https:\/\/www.europesays.com\/no\/54297\/"},"modified":"2025-10-06T23:30:14","modified_gmt":"2025-10-06T23:30:14","slug":"krisen-forverres","status":"publish","type":"post","link":"https:\/\/www.europesays.com\/no\/54297\/","title":{"rendered":"Krisen forverres"},"content":{"rendered":"<p>  Mandag m\u00e5tte Frankrikes nyutnevnte statsminister g\u00e5 av etter bare 27 dager. N\u00e5 krever ytre h\u00f8yres Marine Le Pen nyvalg.\u00a0<\/p>\n<p>\n    M\u00c5TTE G\u00c5: President Emmanuel Macron sammen med den n\u00e5 avg\u00e5tte statsministeren Sebastien Lecornu. Foto: Ludovic Marin \/ AFP \/ NTB\n  <\/p>\n<p> Frankrikes statsminister S\u00e9bastien Lecornu har mandag morgen bedt president Emmanuel Macron om \u00e5 f\u00e5 g\u00e5 av, noe Macron har akseptert.\u00a0<\/p>\n<p>Det melder Reuters. <\/p>\n<p>39-\u00e5ringen ble utnevnt som statsminister av president Macron 9. september, etter at tidligere statsminister Fran\u00e7ois Bayrou m\u00e5tte g\u00e5 av samme uke. Lecornus 27 dager som statsminister er det korteste noen fransk statsminister har sittet, if\u00f8lge avisa\u00a0<a href=\"https:\/\/www.lefigaro.fr\/politique\/en-direct-gouvernement-lecornu-crise-fronde-des-republicains-menace-de-demission-de-retailleau-critiques-conseil-des-ministres-implosion-20251006\" target=\"_blank\" rel=\"nofollow noopener\">Le Figaro<\/a>.\u00a0<\/p>\n<p>N\u00e5 krever\u00a0det ytre h\u00f8yre-partiet\u00a0Nasjonal\u00a0Samling omvalg i et stadig mer splittet Frankrike.\u00a0<\/p>\n<p>    <a itemprop=\"url\" href=\"https:\/\/www.dagbladet.no\/nyheter\/lukter-regjeringskrise\/83683236\" rel=\"nofollow noopener\" target=\"_blank\"><\/p>\n<p>      <img loading=\"lazy\" decoding=\"async\" src=\"https:\/\/www.europesays.com\/no\/wp-content\/uploads\/2025\/10\/83683338.webp\" width=\"147\" height=\"98\" title=\"- Lukter regjerings\u00adkrise\" alt=\"\" class=\"lazyload\" style=\"--aspect-ratio-image: 1.50; \"\/><\/p>\n<p>        &#8211; Lukter regjerings\u00adkrise<\/p>\n<p>    <\/a><\/p>\n<p>Forverret\t<\/p>\n<p>Den n\u00e5 avg\u00e5tte statsministeren utnevnte en ny regjering s\u00f8ndag, som i stor grad besto av de samme statsr\u00e5dene.<\/p>\n<p>Det var fare for at Lecornus regjering ville bli felt i nasjonalforsamlingen, der den sliter med \u00e5 f\u00e5 vedtatt et budsjett.<\/p>\n<p>Allerede ved utnevnelsen s\u00f8ndag var det tydelig uro internt i regjeringen. Blant annet mente innenriksminister Bruno Retailleau at heller ikke denne regjeringen kunne gi den omstarten som trengs i landet.<\/p>\n<p>I en uttalelse sier\u00a0Lecornu at landets partier alle oppf\u00f8rer seg som om de har et flertall bak seg i parlamentet.\u00a0<\/p>\n<p>Det er langt fra tilfellet. Fransk politikk har blitt mer og mer ustabil etter Macron ble gjenvalgt i 2022 fordi ingen partier eller grupperinger har flertall i nasjonalforsamlingen. Macrons beslutning om \u00e5 utlyse et ekstraordin\u00e6rt valg i fjor forverret krisen ved \u00e5 skape et enda mer fragmentert parlament.<\/p>\n<p> Lecornu var den femte statsminister p\u00e5 to \u00e5r under Macron. <\/p>\n<p>          <img loading=\"lazy\" decoding=\"async\" src=\"https:\/\/www.europesays.com\/no\/wp-content\/uploads\/2025\/10\/83684721.webp\" width=\"980\" height=\"559\" title=\"G\u00c5R AV: Statsminister Sebastien Lecornu. Foto: Alain Jocard \/ POOL \/ AFP\" alt=\"\" class=\"\" style=\"--aspect-ratio-image: 1.75; \"\/><\/p>\n<p>\n          G\u00c5R AV: Statsminister Sebastien Lecornu. Foto: Alain Jocard \/ POOL \/ AFP\n      <\/p>\n<p>Krav om nyvalg\t<\/p>\n<p>Nasjonal samlings (RN) partileder Jordan Bardella krever nyvalg.<\/p>\n<p>&#8211;\u00a0 Det er helt tydelig at Emmanuel Macron selv satte sammen denne regjeringen, sier han i et intervju med BFMTV.<\/p>\n<p>Bardella anklager president Macron for \u00e5 \u00abikke forst\u00e5 noe som helst om situasjonen vi befinner oss i\u00bb.<\/p>\n<p>&#8211; Stabiliteten kan ikke gjenopprettes med mindre vi g\u00e5r tilbake til valgurnene og oppl\u00f8ser nasjonalforsamlingen, sier Bardella.<\/p>\n<p>Ogs\u00e5 partitopp Marine Le Pen krever omvalg og hevder det er eneste mulighet. Hun har flere ganger fors\u00f8kt \u00e5 bli Frankrikes president, og ber n\u00e5 Macron om \u00e5 oppl\u00f8se nasjonalforsamlingen.\u00a0<\/p>\n<p>&#8211; Denne sp\u00f8ken har p\u00e5g\u00e5tt lenge nok. Farsen m\u00e5 ta slutt, sier hun i en uttalelse.\u00a0<\/p>\n<p>Den konservative politikeren Xavier Bertrand, som er\u00a0president for regionsr\u00e5det i regionen Hauts-de-France, krever at Macron kommer med en uttalelse, if\u00f8lge avisa <a href=\"https:\/\/www.lemonde.fr\/politique\/live\/2025\/10\/06\/en-direct-gouvernement-lecornu-ps-et-rn-promettent-la-censure-lr-menace-de-quitter-le-gouvernement_6644534_823448.html\" rel=\"nofollow noopener\" target=\"_blank\">Le Monde.<\/a>\u00a0<\/p>\n<p>&#8211; Han m\u00e5 snakke, sier Bertrand og understreker at Macron er den som har ansvaret for dette.\u00a0<\/p>\n<p> Jean-Luc M\u00e9lenchon,\u00a0som leder det st\u00f8rste partiet i venstre-alliansen, ber om riksrett mot Macron.\u00a0<\/p>\n<p>Den franske aksjeindeksen CAC 40 falt br\u00e5tt da nyheten om Lecornu kom. Mandag formiddag hadde den falt nesten 2 prosent.<\/p>\n<p>En talsperson for Tysklands regjering sier at et stabilt Frankrike er et viktig bidrag for europeisk stabilitet, melder Reuters.\u00a0<\/p>\n<p>    <a itemprop=\"url\" href=\"https:\/\/www.dagbladet.no\/nyheter\/skuddrama-som-en-film\/83683469\" rel=\"nofollow noopener\" target=\"_blank\"><\/p>\n<p>      <img loading=\"lazy\" decoding=\"async\" src=\"https:\/\/www.europesays.com\/no\/wp-content\/uploads\/2025\/10\/83683521.webp\" width=\"980\" height=\"441\" title=\"Skuddrama: - Som en film\" alt=\"\" class=\"lazyload\" style=\"--aspect-ratio-image: 2.22; \"\/><\/p>\n<p>        Skuddrama: &#8211; Som en film<\/p>\n<p>    <\/a><\/p>\n<p>Forslag om kraftige kutt\t<\/p>\n<p>I starten av forrige m\u00e5ned tapte Fran\u00e7ois Bayrou tillitsvotumet i nasjonalforsamlingen etter ni m\u00e5neder som statsminister. Han hadde selv bedt om avstemningen, og bakgrunnen var hans forslag til omfattende kutt i offentlige utgifter.<\/p>\n<p>Begrunnelsen for Bayrous foresl\u00e5tte innstramminger er behovet for \u00e5 f\u00e5 kontroll p\u00e5 Frankrikes statsgjeld og budsjettunderskudd.<\/p>\n<p>Den franske staten skylder 3400 milliarder euro, viste tall fra statistikkbyr\u00e5et INSEE i september. Statsgjelden i andre kvartal i \u00e5r tilsvarer nesten 40.000 milliarder kroner og 115,6 prosent av Frankrikes brutto nasjonalprodukt.<\/p>\n<p>Frankrikes statsgjeld som andel av BNP er n\u00e5 den tredje h\u00f8yeste i EU etter Hellas og Italia, og den n\u00e6rmer seg det dobbelte av 60 prosent, som er andelen EUs regelverk egentlig tillater.<\/p>\n<p>18. september demonstrerte det som if\u00f8lge arrang\u00f8rene var 1 million mennesker mot president Emmanuel Macron og regjeringens \u00f8konomiske politikk.<\/p>\n","protected":false},"excerpt":{"rendered":"Mandag m\u00e5tte Frankrikes nyutnevnte statsminister g\u00e5 av etter bare 27 dager. N\u00e5 krever ytre h\u00f8yres Marine Le Pen&hellip;\n","protected":false},"author":2,"featured_media":54298,"comment_status":"","ping_status":"","sticky":false,"template":"","format":"standard","meta":{"footnotes":""},"categories":[5],"tags":[20,21,1241,24,25,1244,15,19,22,23,17,18,13,30,28,29,14,16,26,27,412],"class_list":{"0":"post-54297","1":"post","2":"type-post","3":"status-publish","4":"format-standard","5":"has-post-thumbnail","7":"category-overskrifter","8":"tag-breaking-news","9":"tag-breakingnews","10":"tag-emmanuel-macron","11":"tag-featured-news","12":"tag-featurednews","13":"tag-frankrike","14":"tag-headlines","15":"tag-hovedoppslag","16":"tag-latest-news","17":"tag-latestnews","18":"tag-main-news","19":"tag-mainnews","20":"tag-news","21":"tag-no","22":"tag-norge","23":"tag-norway","24":"tag-nyheter","25":"tag-overskrifter","26":"tag-top-stories","27":"tag-topstories","28":"tag-utenriks"},"share_on_mastodon":{"url":"","error":""},"_links":{"self":[{"href":"https:\/\/www.europesays.com\/no\/wp-json\/wp\/v2\/posts\/54297","targetHints":{"allow":["GET"]}}],"collection":[{"href":"https:\/\/www.europesays.com\/no\/wp-json\/wp\/v2\/posts"}],"about":[{"href":"https:\/\/www.europesays.com\/no\/wp-json\/wp\/v2\/types\/post"}],"author":[{"embeddable":true,"href":"https:\/\/www.europesays.com\/no\/wp-json\/wp\/v2\/users\/2"}],"replies":[{"embeddable":true,"href":"https:\/\/www.europesays.com\/no\/wp-json\/wp\/v2\/comments?post=54297"}],"version-history":[{"count":0,"href":"https:\/\/www.europesays.com\/no\/wp-json\/wp\/v2\/posts\/54297\/revisions"}],"wp:featuredmedia":[{"embeddable":true,"href":"https:\/\/www.europesays.com\/no\/wp-json\/wp\/v2\/media\/54298"}],"wp:attachment":[{"href":"https:\/\/www.europesays.com\/no\/wp-json\/wp\/v2\/media?parent=54297"}],"wp:term":[{"taxonomy":"category","embeddable":true,"href":"https:\/\/www.europesays.com\/no\/wp-json\/wp\/v2\/categories?post=54297"},{"taxonomy":"post_tag","embeddable":true,"href":"https:\/\/www.europesays.com\/no\/wp-json\/wp\/v2\/tags?post=54297"}],"curies":[{"name":"wp","href":"https:\/\/api.w.org\/{rel}","templated":true}]}}