{"id":54305,"date":"2025-10-07T00:00:18","date_gmt":"2025-10-07T00:00:18","guid":{"rendered":"https:\/\/www.europesays.com\/no\/54305\/"},"modified":"2025-10-07T00:00:18","modified_gmt":"2025-10-07T00:00:18","slug":"skal-vi-danse-aktuelle-vendela-kirsebom","status":"publish","type":"post","link":"https:\/\/www.europesays.com\/no\/54305\/","title":{"rendered":"Skal vi danse-aktuelle Vendela Kirsebom:"},"content":{"rendered":"<p class=\"kicker \" style=\"\">Vendela Kirsebom<\/p>\n<p>  For Vendela Kirsebom tok det tid \u00e5 forst\u00e5 hva som gjorde henne s\u00e5 mye mer engstelig enn hun pleide \u00e5 v\u00e6re.\u00a0<\/p>\n<p>\n    EKTEPAR: Petter Pilgaard og Vendela Kirsebom giftet seg i 2022, etter \u00e5 ha m\u00f8tt hverandre p\u00e5 \u00abFarmen kjendis\u00bb noen \u00e5r tidligere. Foto: Andreas Fadum \/ Se og h\u00f8r\n  <\/p>\n<p>L\u00f8rdag var det premiere p\u00e5 TV 2 programmet \u00abSkal vi danse\u00bb og blant deltakerne som skal svinge seg p\u00e5 parketten denne h\u00f8sten er Vendela Kirsebom (58).<\/p>\n<p>Hun skal ha blitt spurt hele 19 ganger tidligere om \u00e5 delta, og i et <a href=\"https:\/\/www.vg.no\/rampelys\/i\/kw2B0v\/vendela-kirsbom-om-overgangsalder-er-dette-slutten-paa-meg\" rel=\"nofollow noopener\" target=\"_blank\">VG-intervju<\/a> forteller hun om hva som gjorde at hun takket ja den 20. gangen.<\/p>\n<p> &#8211; Jeg vil vise for meg selv at jeg t\u00f8r \u00e5 l\u00e6re meg noe nytt, og at alder ikke skal sette begrensninger \u2013 noe det ofte gj\u00f8r. <\/p>\n<p>          <img loading=\"lazy\" decoding=\"async\" src=\"https:\/\/www.europesays.com\/no\/wp-content\/uploads\/2025\/10\/1759795210_946_83681949.webp\" width=\"686\" height=\"453\" title=\"DANSEDEBUT: Vendela Kirsebom og dansepartner Ivo Havranek viste sin aller f\u00f8rste dans for tv-seerne l\u00f8rdag kveld, da \u00abSkal vi danse\u00bb hadde premiere. Foto: Thomas Andersen \/ TV 2\" alt=\"\" class=\"\" style=\"--aspect-ratio-image: 1.51; \"\/><\/p>\n<p>\n          DANSEDEBUT: Vendela Kirsebom og dansepartner Ivo Havranek viste sin aller f\u00f8rste dans for tv-seerne l\u00f8rdag kveld, da \u00abSkal vi danse\u00bb hadde premiere. Foto: Thomas Andersen \/ TV 2\n      <\/p>\n<p> I intervjuet forteller hun ogs\u00e5 at hun er bevisst p\u00e5 at hun er den eldste av deltakerne denne sesongen &#8211; og at hun vil danse for alle kvinner. <\/p>\n<p>    <a itemprop=\"url\" href=\"https:\/\/www.kk.no\/underholdning\/jeg-synes-det-er-veldig-skummelt-1\/83470774\" rel=\"nofollow noopener\" target=\"_blank\"><\/p>\n<p>      <img loading=\"lazy\" decoding=\"async\" src=\"https:\/\/www.europesays.com\/no\/wp-content\/uploads\/2025\/10\/83470868.webp\" width=\"980\" height=\"441\" title=\"\u2013 Jeg synes det er veldig skummelt\" alt=\"\" class=\"lazyload\" style=\"--aspect-ratio-image: 2.22; \"\/><\/p>\n<p>        \u2013 Jeg synes det er veldig skummelt<\/p>\n<p>    <\/a><\/p>\n<p> \u00abAlt er slutt, og alt er negativt\u00bb\t<\/p>\n<p>De siste fire \u00e5rene har hun nemlig kjempet med overgangsalderen &#8211; og mange vanskelige tanker og f\u00f8lelser knyttet til hvilken verdi hun n\u00e5 har som kvinne.\u00a0<\/p>\n<p>          <img loading=\"lazy\" decoding=\"async\" src=\"https:\/\/www.europesays.com\/no\/wp-content\/uploads\/2025\/10\/83685676.webp\" width=\"686\" height=\"638\" title=\"MODELLKARRIERE: Vendela Kirsebom har bak seg en stor og internasjonal karriere som modell. Foto: Julie Pike\" alt=\"\" class=\"\" style=\"--aspect-ratio-image: 1.08; \"\/><\/p>\n<p>\n          MODELLKARRIERE: Vendela Kirsebom har bak seg en stor og internasjonal karriere som modell. Foto: Julie Pike\n      <\/p>\n<p>&#8211; Jeg var ikke s\u00e5nn: \u00abYes, jeg er i overgangsalderen og slipper mensen\u00bb, liksom. I stedet tenkte jeg: Er livet mitt over n\u00e5, er jeg gammel, er jeg stygg, er dette slutten p\u00e5 meg p\u00e5 en m\u00e5te?, forteller hun til VG.\u00a0<\/p>\n<p>    <a itemprop=\"url\" href=\"https:\/\/www.kk.no\/livet\/en-veldig-vond-opplevelse\/81865132\" rel=\"nofollow noopener\" target=\"_blank\"><\/p>\n<p>      <img loading=\"lazy\" decoding=\"async\" src=\"https:\/\/www.europesays.com\/no\/wp-content\/uploads\/2025\/10\/76508747.webp\" width=\"980\" height=\"441\" title=\"- En veldig vond opplevelse\" alt=\"\" class=\"lazyload\" style=\"--aspect-ratio-image: 2.22; \"\/><\/p>\n<p>        &#8211; En veldig vond opplevelse<\/p>\n<p>    <\/a><\/p>\n<p> &#8211; Shit, er dette her bra nok for ham? \t<\/p>\n<p> Det er f\u00f8rste gang Kirsebom \u00e5pner opp om overgangsalderen og hvor hardt den traff henne.\u00a0<\/p>\n<p>Selv om hun etterhvert fikk god hjelp av \u00f8strogenbehandling, snek den nye engstelsen seg inn ogs\u00e5 i forholdet til hennes tretten \u00e5r yngre ektemann Petter Pilgaard, forteller hun til VG.\u00a0<\/p>\n<p>&#8211; Shit, er dette her bra nok for ham? Alle mulige s\u00e5nne dumme, negative ting. Men s\u00e5 fort jeg forteller ham om det, s\u00e5 forsvinner tvilen. Petter blir jo ogs\u00e5 eldre. Kroppen forandrer seg for menn ogs\u00e5.<\/p>\n<p>N\u00e5 \u00f8nsker hun selv \u00e5 v\u00e6re en som bidrar til st\u00f8rre \u00e5penhet om temaet, som hun opplever at fortsatt er tabubelagt og snakkes for lite om.<\/p>\n<p>Og ikke minst: Danse for alle kvinner i \u00abSkal vi danse\u00bb denne h\u00f8sten.<\/p>\n<p>    <a itemprop=\"url\" href=\"https:\/\/www.kk.no\/livet\/endte-pa-sykehus-1\/82178938\" rel=\"nofollow noopener\" target=\"_blank\"><\/p>\n<p>      <img loading=\"lazy\" decoding=\"async\" src=\"https:\/\/www.europesays.com\/no\/wp-content\/uploads\/2025\/10\/82178967.webp\" width=\"980\" height=\"441\" title=\"Endte p\u00e5 sykehus\" alt=\"\" class=\"lazyload\" style=\"--aspect-ratio-image: 2.22; \"\/><\/p>\n<p>        Endte p\u00e5 sykehus<\/p>\n<p>    <\/a><\/p>\n<p> &#8211; Jeg vet hva dette har kostet deg \t<\/p>\n<p>Etter \u00e5 ha framf\u00f8rt sin dans i l\u00f8rdagens premieresending, fikk hun st\u00e5ende applaus fra ektemannen \u2013 som ogs\u00e5 t\u00f8rket noen t\u00e5rer etter \u00e5 ha sett kona i aksjon.<\/p>\n<p>Kirseboms gode venn Jan Thomas var ogs\u00e5 tydelig ber\u00f8rt.\u00a0<\/p>\n<p>          <img loading=\"lazy\" decoding=\"async\" src=\"https:\/\/www.europesays.com\/no\/wp-content\/uploads\/2025\/10\/83668120.webp\" width=\"686\" height=\"638\" title=\"SKAL VI DANSE- GJENGEN 2025: Fra venstre: Tobias Brandal Bus\u00e6t, Carina Dahl, Trygve Bennetsen, Danby Choi, Bernt Hulsker, Tale Torjussen, Desta Marie Beeder, Emilie Enger Mehl, Halvor Bakke, Emma Ellingsen, Tiril Ekchoff, Vendela Kirsebom og Viggo Venn.\" alt=\"\" class=\"\" style=\"--aspect-ratio-image: 1.08; \"\/><\/p>\n<p>\n          SKAL VI DANSE- GJENGEN 2025: Fra venstre: Tobias Brandal Bus\u00e6t, Carina Dahl, Trygve Bennetsen, Danby Choi, Bernt Hulsker, Tale Torjussen, Desta Marie Beeder, Emilie Enger Mehl, Halvor Bakke, Emma Ellingsen, Tiril Ekchoff, Vendela Kirsebom og Viggo Venn.\n      <\/p>\n<p>Kjendisstylisten, som er en av sesongens to nye dommere, trengte tid til \u00e5 summe seg f\u00f8r har klarte \u00e5 si noe om venninnens innsats p\u00e5 parketten.<\/p>\n<p>&#8211; Jeg vet hva dette har kostet deg, sa han gr\u00e5tkvalt.<\/p>\n","protected":false},"excerpt":{"rendered":"Vendela Kirsebom For Vendela Kirsebom tok det tid \u00e5 forst\u00e5 hva som gjorde henne s\u00e5 mye mer engstelig&hellip;\n","protected":false},"author":2,"featured_media":54306,"comment_status":"","ping_status":"","sticky":false,"template":"","format":"standard","meta":{"footnotes":""},"categories":[58],"tags":[71,4016,30,28,29,6953,8079,2280,72,2281],"class_list":{"0":"post-54305","1":"post","2":"type-post","3":"status-publish","4":"format-standard","5":"has-post-thumbnail","7":"category-underholdning","8":"tag-entertainment","9":"tag-livet","10":"tag-no","11":"tag-norge","12":"tag-norway","13":"tag-overgangsalder","14":"tag-petter-pilgaard","15":"tag-skal-vi-danse","16":"tag-underholdning","17":"tag-vendela-kirsebom"},"share_on_mastodon":{"url":"","error":""},"_links":{"self":[{"href":"https:\/\/www.europesays.com\/no\/wp-json\/wp\/v2\/posts\/54305","targetHints":{"allow":["GET"]}}],"collection":[{"href":"https:\/\/www.europesays.com\/no\/wp-json\/wp\/v2\/posts"}],"about":[{"href":"https:\/\/www.europesays.com\/no\/wp-json\/wp\/v2\/types\/post"}],"author":[{"embeddable":true,"href":"https:\/\/www.europesays.com\/no\/wp-json\/wp\/v2\/users\/2"}],"replies":[{"embeddable":true,"href":"https:\/\/www.europesays.com\/no\/wp-json\/wp\/v2\/comments?post=54305"}],"version-history":[{"count":0,"href":"https:\/\/www.europesays.com\/no\/wp-json\/wp\/v2\/posts\/54305\/revisions"}],"wp:featuredmedia":[{"embeddable":true,"href":"https:\/\/www.europesays.com\/no\/wp-json\/wp\/v2\/media\/54306"}],"wp:attachment":[{"href":"https:\/\/www.europesays.com\/no\/wp-json\/wp\/v2\/media?parent=54305"}],"wp:term":[{"taxonomy":"category","embeddable":true,"href":"https:\/\/www.europesays.com\/no\/wp-json\/wp\/v2\/categories?post=54305"},{"taxonomy":"post_tag","embeddable":true,"href":"https:\/\/www.europesays.com\/no\/wp-json\/wp\/v2\/tags?post=54305"}],"curies":[{"name":"wp","href":"https:\/\/api.w.org\/{rel}","templated":true}]}}