{"id":54315,"date":"2025-10-07T01:22:18","date_gmt":"2025-10-07T01:22:18","guid":{"rendered":"https:\/\/www.europesays.com\/no\/54315\/"},"modified":"2025-10-07T01:22:18","modified_gmt":"2025-10-07T01:22:18","slug":"stormen-amy-vaer-opplever-telefonstorm-etter-amy-det-er-hoyt-trykk-pa-skadesentrene-vare","status":"publish","type":"post","link":"https:\/\/www.europesays.com\/no\/54315\/","title":{"rendered":"Stormen Amy, V\u00e6r | Opplever telefonstorm etter \u00abAmy\u00bb: \u2013 Det er h\u00f8yt trykk p\u00e5 skadesentrene v\u00e5re"},"content":{"rendered":"\n<p><b>NAMSOS:<\/b> If\u00f8lge kommunikasjonssjef P\u00e5l Rune Eklo i Gjensidige ble Tr\u00f8ndelag hardt rammet av uv\u00e6ret. Forsikringsselskapet, som dekker 25 prosent av markedet, har mottatt rundt 360 skademeldinger fra fylket.<\/p>\n<p>\u2013 Det er h\u00f8yt trykk p\u00e5 skadesentrene v\u00e5re, og vi forventer det kommer flere utover dagen og uka n\u00e5r folk f\u00e5r sett over eiendommene sine, sier Eklo.<\/p>\n<p>  <a href=\"https:\/\/www.namdalsavisa.no\/5-121-1492289\" class=\"related-teaser has-image default-gallery-teaser article--c-eRUmMG article--c-eRUmMG-jKCPdD-design-default\" rel=\"nofollow noopener\" target=\"_blank\"><\/p>\n<p>    <img decoding=\"async\" loading=\"lazy\"  src=\"https:\/\/www.europesays.com\/no\/wp-content\/uploads\/2025\/10\/IMG_0448_1.jpeg\" alt=\"\" class=\"brick-c-cFOWSL\" style=\"\"\/><\/p>\n<p>\n            Bildeserie<\/p>\n<p>              Se lesernes egne stormbilder\n        <\/p>\n<p>  <\/a><\/p>\n<p>Frende forsikring melder ogs\u00e5 om mange skader. Kommunikasjonssjef Heidi Tofter\u00e5 Slettemoen i Frende sier de har registrert over 600 skader totalt. Av disse gjelder 40 b\u00e5ter og 80 biler. Men de fleste er skader p\u00e5 hus og bygg.<\/p>\n<p>\u2013 Det er garantert mange skader som ikke er oppdaget enda. Sjekk hytter, b\u00e5t og naust s\u00e5 fort som mulig, s\u00e5 ikke skadene blir enda st\u00f8rre, oppfordrer Slettemoen.<\/p>\n<p>Hun minner om at mange har h\u00f8stferie n\u00e5. Da er det lurt \u00e5 ta en ekstra sjekk.<\/p>\n<p><b>Lokale tall fra Namdalen:<\/b><\/p>\n<p>Skader som veltede tr\u00e6r, takskader, lekkasjer og vann i kjellere og garasjer er vanlig. Lange str\u00f8mbrudd etter stormen skjer ogs\u00e5 ofte.<\/p>\n<p>Gjensidige advarer mot \u00f8delagt mat i kj\u00f8leskap og frysere.<\/p>\n<p>Kommunikasjonssjef P\u00e5l Rune Eklo gir et r\u00e5d:<\/p>\n<p>\u2013 Mange gj\u00f8r en stor feil \u2013 de \u00e5pner fryseren for \u00e5 sjekke hvordan det g\u00e5r med maten. Det gj\u00f8r vondt verre. Aldri \u00e5pne lokket f\u00f8r str\u00f8mmen er tilbake. \u00c5pner du lokket slipper du ut kulda, og det er enda st\u00f8rre sjanse for at matvarene blir \u00f8delagt.<\/p>\n<p>Gjensidige har betalt ut 3,5 millioner kroner i Tr\u00f8ndelag i \u00e5r for \u00f8delagt mat p\u00e5 grunn av str\u00f8mbrudd.<\/p>\n<p>Heidi Tofter\u00e5 Slettemoen i Frende sier skader etter storm dekkes av forsikringa. Mange av bygningsskadene h\u00e5ndteres av Norsk Naturskadepool.<\/p>\n<p>\u2013 Dette merker imidlertid ikke du som er kunde. Du trenger kun \u00e5 forholde deg til forsikringsselskapet ditt, b\u00e5de n\u00e5r det gjelder \u00e5 melde skade og oppgj\u00f8ret i etterkant, sier Slettemoen.<\/p>\n<p>Begge selskapene jobber for \u00e5 h\u00e5ndtere skadene. Men de sier det kan bli noe ventetid, da de tar de viktigste skadene f\u00f8rst.<\/p>\n<p>  <a href=\"https:\/\/www.namdalsavisa.no\/5-121-1492639\" class=\"related-teaser has-image default-story-teaser article--c-eRUmMG article--c-eRUmMG-jKCPdD-design-default\" rel=\"nofollow noopener\" target=\"_blank\"><\/p>\n<p>    <img decoding=\"async\" loading=\"lazy\"  src=\"https:\/\/www.europesays.com\/no\/wp-content\/uploads\/2025\/10\/image4_00.jpeg\" alt=\"\" class=\"brick-c-cFOWSL\" style=\"\"\/><\/p>\n<p>\n            Les ogs\u00e5<\/p>\n<p>              Torbj\u00f8rn (31) og Frida (26) ble uten str\u00f8m i bryllupet: \u2013 Heldigvis kjenner vi mange g\u00e6rninger som hjalp til\n        <\/p>\n<p>  <\/a><\/p>\n<p>  <a href=\"https:\/\/www.namdalsavisa.no\/5-121-1492613\" class=\"related-teaser has-image default-story-teaser article--c-eRUmMG article--c-eRUmMG-jKCPdD-design-default\" rel=\"nofollow noopener\" target=\"_blank\"><\/p>\n<p>    <img decoding=\"async\" loading=\"lazy\"  src=\"https:\/\/www.europesays.com\/no\/wp-content\/uploads\/2025\/10\/IMG_3112_01.JPG\" alt=\"\" class=\"brick-c-cFOWSL\" style=\"\"\/><\/p>\n<p>\n            Les ogs\u00e5<\/p>\n<p>              Storm (11) lot seg ikke stresse av uv\u00e6ret \u2013 selv om \u00abAmy\u00bb stjal internett-tilgangen i tre timer\n        <\/p>\n<p>  <\/a><\/p>\n","protected":false},"excerpt":{"rendered":"NAMSOS: If\u00f8lge kommunikasjonssjef P\u00e5l Rune Eklo i Gjensidige ble Tr\u00f8ndelag hardt rammet av uv\u00e6ret. Forsikringsselskapet, som dekker 25&hellip;\n","protected":false},"author":2,"featured_media":54316,"comment_status":"","ping_status":"","sticky":false,"template":"","format":"standard","meta":{"footnotes":""},"categories":[5],"tags":[36,237,20,21,24,25,8205,15,19,22,23,17,18,13,30,28,29,14,16,8206,8204,1510,26,27,224,553],"class_list":{"0":"post-54315","1":"post","2":"type-post","3":"status-publish","4":"format-standard","5":"has-post-thumbnail","7":"category-overskrifter","8":"tag-art","9":"tag-bolig","10":"tag-breaking-news","11":"tag-breakingnews","12":"tag-featured-news","13":"tag-featurednews","14":"tag-forsikringsselskap","15":"tag-headlines","16":"tag-hovedoppslag","17":"tag-latest-news","18":"tag-latestnews","19":"tag-main-news","20":"tag-mainnews","21":"tag-news","22":"tag-no","23":"tag-norge","24":"tag-norway","25":"tag-nyheter","26":"tag-overskrifter","27":"tag-skademeldinger","28":"tag-stormen-amy","29":"tag-story","30":"tag-top-stories","31":"tag-topstories","32":"tag-trafikk","33":"tag-vaer"},"share_on_mastodon":{"url":"","error":""},"_links":{"self":[{"href":"https:\/\/www.europesays.com\/no\/wp-json\/wp\/v2\/posts\/54315","targetHints":{"allow":["GET"]}}],"collection":[{"href":"https:\/\/www.europesays.com\/no\/wp-json\/wp\/v2\/posts"}],"about":[{"href":"https:\/\/www.europesays.com\/no\/wp-json\/wp\/v2\/types\/post"}],"author":[{"embeddable":true,"href":"https:\/\/www.europesays.com\/no\/wp-json\/wp\/v2\/users\/2"}],"replies":[{"embeddable":true,"href":"https:\/\/www.europesays.com\/no\/wp-json\/wp\/v2\/comments?post=54315"}],"version-history":[{"count":0,"href":"https:\/\/www.europesays.com\/no\/wp-json\/wp\/v2\/posts\/54315\/revisions"}],"wp:featuredmedia":[{"embeddable":true,"href":"https:\/\/www.europesays.com\/no\/wp-json\/wp\/v2\/media\/54316"}],"wp:attachment":[{"href":"https:\/\/www.europesays.com\/no\/wp-json\/wp\/v2\/media?parent=54315"}],"wp:term":[{"taxonomy":"category","embeddable":true,"href":"https:\/\/www.europesays.com\/no\/wp-json\/wp\/v2\/categories?post=54315"},{"taxonomy":"post_tag","embeddable":true,"href":"https:\/\/www.europesays.com\/no\/wp-json\/wp\/v2\/tags?post=54315"}],"curies":[{"name":"wp","href":"https:\/\/api.w.org\/{rel}","templated":true}]}}