{"id":54369,"date":"2025-10-07T04:59:08","date_gmt":"2025-10-07T04:59:08","guid":{"rendered":"https:\/\/www.europesays.com\/no\/54369\/"},"modified":"2025-10-07T04:59:08","modified_gmt":"2025-10-07T04:59:08","slug":"alle-de-nye-flytogene-ma-til-spania-for-reparasjoner","status":"publish","type":"post","link":"https:\/\/www.europesays.com\/no\/54369\/","title":{"rendered":"Alle de nye flytogene m\u00e5 til Spania for reparasjoner"},"content":{"rendered":"\n<p class=\"_lead_1994c_2 _lead_xtcu6_50 layout-component text-serif-m layout-normal text-serif-l layout-component layout-wide layout-padded _wide_17hqh_1 layout-padded\">De \u00e5tte nye flytogsettene skal repareres i Spania etter nye omfattende problemer, fire \u00e5r etter at de ble satt i drift for f\u00f8rste gang. <\/p>\n<p><img alt=\"De nye togsettene til Flytoget har v\u00e6rt preget av problemer siden de ble introdusert i 2021.  Foto: Ole Berg-Rusten \/ NTB\" class=\"_image_qp4xg_65 layout-component layout-wide\" data-fullscreen- data-track-element-type=\"Article image fullscreen\" data-track-name=\"ImageFullscreen\" fetchpriority=\"high\" decoding=\"sync\" loading=\"eager\" height=\"6116\" itemprop=\"image\"  src=\"https:\/\/www.europesays.com\/no\/wp-content\/uploads\/2025\/10\/cfdbcad0-8356-42e7-8040-6aad06195389\"  style=\"object-position:0% 0%\" width=\"9270\"\/>De nye togsettene til Flytoget har v\u00e6rt preget av problemer siden de ble introdusert i 2021.  Foto: Ole Berg-Rusten \/ NTB<\/p>\n<ul aria-hidden=\"true\" class=\"_images_1y6fe_106\">\n<li><a class=\"_link_1y6fe_111\" href=\"https:\/\/www.vg.no\/forfatter\/ntb\" style=\"z-index:1\" title=\"NTB\" rel=\"nofollow noopener\" target=\"_blank\"><img alt=\"Bilde av NTB\" class=\"_image_1y6fe_88\" fetchpriority=\"low\" loading=\"lazy\" decoding=\"async\" itemprop=\"image\"  src=\"https:\/\/www.europesays.com\/no\/wp-content\/uploads\/2025\/10\/1759813148_58_c33980b0-5d07-4027-84a1-813f90a7c8d6\"  width=\"480\"\/><\/a><\/li>\n<\/ul>\n<p> Oppdatert tirsdag 7. oktober kl. 06:20     <\/p>\n<p class=\"_paragraph_1994c_4 _paragraph_xtcu6_10 layout-component text-serif-m layout-normal text-serif-m layout-padded\">\u2013 Grunnet flere systematiske feil har CAF og Norske tog avtalt at det skal gjennomf\u00f8res en \u00abnullstilling\u00bb p\u00e5 alle \u00e5tte kj\u00f8ret\u00f8y, sier teknisk direkt\u00f8r for flytog Thomas Berntsen i Norske tog til <a href=\"https:\/\/www.aftenposten.no\/norge\/i\/5E9X1X\/nye-flytog-sendes-tilbake-til-produsenten\" class=\"_link_1994c_39\" rel=\"nofollow noopener\" target=\"_blank\">Aftenposten<\/a>.<\/p>\n<p class=\"_paragraph_1994c_4 _paragraph_xtcu6_10 layout-component text-serif-m layout-normal text-serif-m layout-padded\">Dermed blir de \u00e5tte nye togsettene sendt til produsenten CAF i Spania for reparasjoner. Problemene med de nye togsettene som kom i 2021, startet allerede p\u00e5 den f\u00f8rste rutinesjekken. Da ble det oppdaget sprekker i understellet.<\/p>\n<p class=\"_paragraph_1994c_4 _paragraph_xtcu6_10 layout-component text-serif-m layout-normal text-serif-m layout-padded\">Tre av de nye togene har f\u00e5tt en midlertidig fiks for de mest sentrale feilene og er dermed i drift i dag. Disse skal ogs\u00e5 til Spania for utbedringer. Fagbladet Lokomotivmands Tidende omtalte saken f\u00f8rst.<\/p>\n<p class=\"_paragraph_1994c_4 _paragraph_xtcu6_10 layout-component text-serif-m layout-normal text-serif-m layout-padded\">\u2013 Hovedutfordringen er montering og tilpasning av utvendige d\u00f8rer. Videre er det behov for kontroll og utskifting av tetning rundt utvendige vinduer, sier Berntsen. <\/p>\n<p class=\"_paragraph_1994c_4 _paragraph_xtcu6_10 layout-component text-serif-m layout-normal text-serif-m layout-padded\">Det vil ta minst ett \u00e5r f\u00f8r alle de nye togene er i drift igjen. <a href=\"https:\/\/www.vg.no\/tag\/flytoget-2?utm_source=vg-article&amp;utm_medium=auto-tagger&amp;utm_campaign=kwAwzk\" class=\"_link_1994c_39\" rel=\"nofollow noopener\" target=\"_blank\">Flytoget<\/a> opplyser til Aftenposten at trafikken ikke vil bli p\u00e5virket og at de har \u00abnok tog til v\u00e5r turnering\u00bb. Norske tog forventer \u00e5 ha f\u00e5tt alle togene tilbake innen september neste \u00e5r.<\/p>\n","protected":false},"excerpt":{"rendered":"De \u00e5tte nye flytogsettene skal repareres i Spania etter nye omfattende problemer, fire \u00e5r etter at de ble&hellip;\n","protected":false},"author":2,"featured_media":54370,"comment_status":"","ping_status":"","sticky":false,"template":"","format":"standard","meta":{"footnotes":""},"categories":[5],"tags":[20,21,24,25,5295,15,19,22,23,17,18,13,30,28,29,14,16,1515,1923,26,27],"class_list":{"0":"post-54369","1":"post","2":"type-post","3":"status-publish","4":"format-standard","5":"has-post-thumbnail","7":"category-overskrifter","8":"tag-breaking-news","9":"tag-breakingnews","10":"tag-featured-news","11":"tag-featurednews","12":"tag-flytoget","13":"tag-headlines","14":"tag-hovedoppslag","15":"tag-latest-news","16":"tag-latestnews","17":"tag-main-news","18":"tag-mainnews","19":"tag-news","20":"tag-no","21":"tag-norge","22":"tag-norway","23":"tag-nyheter","24":"tag-overskrifter","25":"tag-spania","26":"tag-tog","27":"tag-top-stories","28":"tag-topstories"},"share_on_mastodon":{"url":"","error":""},"_links":{"self":[{"href":"https:\/\/www.europesays.com\/no\/wp-json\/wp\/v2\/posts\/54369","targetHints":{"allow":["GET"]}}],"collection":[{"href":"https:\/\/www.europesays.com\/no\/wp-json\/wp\/v2\/posts"}],"about":[{"href":"https:\/\/www.europesays.com\/no\/wp-json\/wp\/v2\/types\/post"}],"author":[{"embeddable":true,"href":"https:\/\/www.europesays.com\/no\/wp-json\/wp\/v2\/users\/2"}],"replies":[{"embeddable":true,"href":"https:\/\/www.europesays.com\/no\/wp-json\/wp\/v2\/comments?post=54369"}],"version-history":[{"count":0,"href":"https:\/\/www.europesays.com\/no\/wp-json\/wp\/v2\/posts\/54369\/revisions"}],"wp:featuredmedia":[{"embeddable":true,"href":"https:\/\/www.europesays.com\/no\/wp-json\/wp\/v2\/media\/54370"}],"wp:attachment":[{"href":"https:\/\/www.europesays.com\/no\/wp-json\/wp\/v2\/media?parent=54369"}],"wp:term":[{"taxonomy":"category","embeddable":true,"href":"https:\/\/www.europesays.com\/no\/wp-json\/wp\/v2\/categories?post=54369"},{"taxonomy":"post_tag","embeddable":true,"href":"https:\/\/www.europesays.com\/no\/wp-json\/wp\/v2\/tags?post=54369"}],"curies":[{"name":"wp","href":"https:\/\/api.w.org\/{rel}","templated":true}]}}