{"id":54391,"date":"2025-10-07T05:33:17","date_gmt":"2025-10-07T05:33:17","guid":{"rendered":"https:\/\/www.europesays.com\/no\/54391\/"},"modified":"2025-10-07T05:33:17","modified_gmt":"2025-10-07T05:33:17","slug":"vare-barn-og-unge-er-utsatt-for-et-farlig-eksperiment-fvn-no","status":"publish","type":"post","link":"https:\/\/www.europesays.com\/no\/54391\/","title":{"rendered":"(+) V\u00e5re barn og unge er utsatt for et farlig eksperiment &#8211; fvn.no"},"content":{"rendered":"<ol>\n<li><a href=\"https:\/\/news.google.com\/rss\/articles\/CBMicEFVX3lxTE9FaGJBTGZrQzgzUmJVbzFrYWxuUWZacUNEdG1mTWxhcmllSW45QmgwSjhEaG0zQ2hRUTFMNFZIbW1Sd3I1VTBFWERFQnQ2ZjRWeHpuTHVCa2p4b0kxclU4ME1RbTlnZ21CYlFuUEZzdDA?oc=5\" target=\"_blank\" rel=\"nofollow noopener\">(+) V\u00e5re barn og unge er utsatt for et farlig eksperiment<\/a>&nbsp;&nbsp;fvn.no<\/li>\n<li><a href=\"https:\/\/news.google.com\/rss\/articles\/CBMivwFBVV95cUxOTl9WSFNXTFRnVGRjT2NpQTdTbTBFcm1EQ3Y5TEVCcjROUjlYSU5lYXJGeWE0QVRqWk00Zm96VGNYVF9mYUlneTJlaDhXNWtMYnhNZ3JpaWoyZUs1eXpxTTFmZG5hT2RJMTJ5ano3dGRRMnlGVzVTZDFnX1pBREJ3WGpTRDN3UGtZbXZlWmt3UGpIZWtIeTJqZTAwQWZKdWUxd1dVRUYwemNtOVdZalVzYzlGR3pEd1RZcHRZb3d5aw?oc=5\" target=\"_blank\" rel=\"nofollow noopener\">Mobbeekspert er sv\u00e6rt kritisk til at Snapchat kan f\u00e5 unntak fra SoMe-aldersgrensen<\/a>&nbsp;&nbsp;NRK<\/li>\n<li><a href=\"https:\/\/news.google.com\/rss\/articles\/CBMizgFBVV95cUxQZnNqTGNuVjhBbFZOVVNkSzhLN2VuTXpaQ0lWR1ZaZVhDeGNqNnhqNEotd0oybEhBUU96RHdSQ3VNR1M3ZzI1SXItS090bjZXUXhVdGFDNXpHYW94dUxXWThyaTFDdUFpdnJicEhxRnpZVmVRVlo2V05tU3ZabXpYcVJPZzBDT0dPZVZ4UTdobWxlTU15OV91V0d6eE1wdl9EN21PcFNPYmJaZUlTVWh5YkxjYWx2MjRaTVJmR2ZpOXVtTzg4RHZ6YXl4SEtTQQ?oc=5\" target=\"_blank\" rel=\"nofollow noopener\">F\u00e5r med seg stygge kommentarer og u\u00f8nsket innhold p\u00e5 sosiale medier \u2013 dette mener de om lovforslaget<\/a>&nbsp;&nbsp;Hamar Arbeiderblad<\/li>\n<li><a href=\"https:\/\/news.google.com\/rss\/articles\/CBMingFBVV95cUxNQXRualVPRjl0b0ZfUUhuZC1XbHZyZWZkNzVaRG8tUTQtNTQtekNhY254VFcxZ09rZDRaWmtzUVRjdFI5UHdma2RPdzRxTGFFZlhSMlplV05raUVnckZxUEpJS1VIT1FxTkhBdmVVSVlOT0hqeUlERG5YMERsT3RJZjJUbkhHclZpcktxei1Lc2Q2ajRtVGR0ZVVNVG5Hdw?oc=5\" target=\"_blank\" rel=\"nofollow noopener\">\u2212 Tek Norge forsvarer plattformmakten, ikke barnas frihet<\/a>&nbsp;&nbsp;Digi.no<\/li>\n<li><a href=\"https:\/\/news.google.com\/rss\/articles\/CBMitgFBVV95cUxQRjVIUWgwZ01sdkdiM1JWcnNhQ1FzSkd6TWRTVjg2bFFGVEZKT08yUm5tY2FicDBOeTE4X1JGV0VCaEVwX252bGZSTUs5RjZieW9SLU5nNWtJNXBhVzBDWHFqRlVRZFkzNnR1Y1BLdDV5WGRHeHB1LWpXV0dmR2tyVm1pRkNvcHlxNzBRanlNQjV6cHlRU2V1X1dTc0pYWFNOZ0tGTHRtUDNMVnhrUmRFbDk0cl9sQQ?oc=5\" target=\"_blank\" rel=\"nofollow noopener\">Ras av h\u00f8yringssvar til forslaget om 15-\u00e5rsgrense for sosiale medium<\/a>&nbsp;&nbsp;fjordabladet.no<\/li>\n<\/ol>\n","protected":false},"excerpt":{"rendered":"(+) V\u00e5re barn og unge er utsatt for et farlig eksperiment&nbsp;&nbsp;fvn.no Mobbeekspert er sv\u00e6rt kritisk til at Snapchat&hellip;\n","protected":false},"author":2,"featured_media":54392,"comment_status":"","ping_status":"","sticky":false,"template":"","format":"standard","meta":{"footnotes":""},"categories":[10],"tags":[1301,20,21,24,25,15,22,23,13,30,28,29,14,16,5352,26,27],"class_list":{"0":"post-54391","1":"post","2":"type-post","3":"status-publish","4":"format-standard","5":"has-post-thumbnail","7":"category-norge","8":"tag-barn","9":"tag-breaking-news","10":"tag-breakingnews","11":"tag-featured-news","12":"tag-featurednews","13":"tag-headlines","14":"tag-latest-news","15":"tag-latestnews","16":"tag-news","17":"tag-no","18":"tag-norge","19":"tag-norway","20":"tag-nyheter","21":"tag-overskrifter","22":"tag-skjerm","23":"tag-top-stories","24":"tag-topstories"},"share_on_mastodon":{"url":"","error":""},"_links":{"self":[{"href":"https:\/\/www.europesays.com\/no\/wp-json\/wp\/v2\/posts\/54391","targetHints":{"allow":["GET"]}}],"collection":[{"href":"https:\/\/www.europesays.com\/no\/wp-json\/wp\/v2\/posts"}],"about":[{"href":"https:\/\/www.europesays.com\/no\/wp-json\/wp\/v2\/types\/post"}],"author":[{"embeddable":true,"href":"https:\/\/www.europesays.com\/no\/wp-json\/wp\/v2\/users\/2"}],"replies":[{"embeddable":true,"href":"https:\/\/www.europesays.com\/no\/wp-json\/wp\/v2\/comments?post=54391"}],"version-history":[{"count":0,"href":"https:\/\/www.europesays.com\/no\/wp-json\/wp\/v2\/posts\/54391\/revisions"}],"wp:featuredmedia":[{"embeddable":true,"href":"https:\/\/www.europesays.com\/no\/wp-json\/wp\/v2\/media\/54392"}],"wp:attachment":[{"href":"https:\/\/www.europesays.com\/no\/wp-json\/wp\/v2\/media?parent=54391"}],"wp:term":[{"taxonomy":"category","embeddable":true,"href":"https:\/\/www.europesays.com\/no\/wp-json\/wp\/v2\/categories?post=54391"},{"taxonomy":"post_tag","embeddable":true,"href":"https:\/\/www.europesays.com\/no\/wp-json\/wp\/v2\/tags?post=54391"}],"curies":[{"name":"wp","href":"https:\/\/api.w.org\/{rel}","templated":true}]}}