{"id":54405,"date":"2025-10-07T05:49:10","date_gmt":"2025-10-07T05:49:10","guid":{"rendered":"https:\/\/www.europesays.com\/no\/54405\/"},"modified":"2025-10-07T05:49:10","modified_gmt":"2025-10-07T05:49:10","slug":"jennifer-lopez-og-ben-affleck-overrasker-pa-rod-loper-etter-brudd","status":"publish","type":"post","link":"https:\/\/www.europesays.com\/no\/54405\/","title":{"rendered":"Jennifer Lopez og Ben Affleck overrasker p\u00e5 r\u00f8d l\u00f8per etter brudd"},"content":{"rendered":"<p class=\"kicker \" style=\"\">M\u00e5per:\u00a0<\/p>\n<p>  Nils Johan Semb om Erling Braut Haaland: &#8211; Hva er han laget av?<\/p>\n<p>\n    PRIVATFLY: Erling Braut Haaland og samboer Isabel Haugseng Johansen ankommer Gardermoen standsmessig ved en tidligere anledning.\n  <\/p>\n<ul>\n<li class=\"lab-bodytext-line font-weight-bold m-font-weight-bold\" data-lab-font_weight=\"font-weight-bold\">Norge &#8211; Israel, klokka 18.00 l\u00f8rdag<\/li>\n<\/ul>\n<p>Han er god for 4,1 milliarder kroner, if\u00f8lge <a href=\"https:\/\/www.finansavisen.no\/kapital-index\/norges-400-rikeste\" rel=\"nofollow noopener\" target=\"_blank\">Kapital<\/a>. Han reiser med privatfly. Han scorer p\u00e5 bestilling. Og han f\u00f8ler seg bedre enn noen gang.<\/p>\n<p>Erling Braut Haaland (25) er den norske suksesshistorien som aldri tar slutt. N\u00e5 er han i Oslo f\u00f8r VM-kvaliken mot Israel l\u00f8rdag.<\/p>\n<p>    <a itemprop=\"url\" href=\"https:\/\/www.dagbladet.no\/sport\/bekrefter\/83686558\" rel=\"nofollow noopener\" target=\"_blank\"><\/p>\n<p>      <img loading=\"lazy\" decoding=\"async\" src=\"https:\/\/www.europesays.com\/no\/wp-content\/uploads\/2025\/10\/1759816149_172_83686713.webp\" width=\"147\" height=\"98\" title=\"Blir kaptein\" alt=\"\" class=\"lazyload\" style=\"--aspect-ratio-image: 1.50; \"\/><\/p>\n<p>        Blir kaptein<\/p>\n<p>    <\/a><\/p>\n<p>&#8211; Du g\u00e5r litt tom for ord. Vi har brukt opp alle superlativer, sier ekspert Nils Johan Semb til Viaplay.<\/p>\n<p>&#8211; Vi analyserer og vi holder p\u00e5. S\u00e5 gjenskaper han det hver eneste runde. Det er helt, helt vanvittig. Det er bare \u00e5 se og nyte det.<\/p>\n<p>          <img loading=\"lazy\" decoding=\"async\" src=\"https:\/\/www.europesays.com\/no\/wp-content\/uploads\/2025\/10\/1759816150_456_83688008.webp\" width=\"686\" height=\"412\" title=\"VIAPLAY-EKSPERT: Tidligere landslagstrener og toppfotballsjef Nils Johan Semb. Foto: NTB\" alt=\"\" class=\"\" style=\"--aspect-ratio-image: 1.67; \"\/><\/p>\n<p>\n          VIAPLAY-EKSPERT: Tidligere landslagstrener og toppfotballsjef Nils Johan Semb. Foto: NTB\n      <\/p>\n<p>Nordmannen ble matchvinner da Manchester City slo Brentford 1-0 s\u00f8ndag. Totalt har han 12 m\u00e5l i alle turneringer denne sesongen.\u00a0<\/p>\n<p>Han har scoret p\u00e5 22 av 23 stadioner han har spilt p\u00e5 i Premier League. Bare Anfield i Liverpool mangler den norske gigantens nettsus.<\/p>\n<p class=\"italic m-italic\" data-lab-italic=\"italic\">&#8211; Semb er tom for ord. Hvordan vil du beskrive fenomenet Haaland?<\/p>\n<p>&#8211; Da slipper jeg \u00e5 svare. Jeg er enig med Nils Johan, sier landslagstrener St\u00e5le Solbakken til Dagbladet.<\/p>\n<p>    <a itemprop=\"url\" href=\"https:\/\/www.dagbladet.no\/sport\/stenger-omrade\/83687265\" rel=\"nofollow noopener\" target=\"_blank\"><\/p>\n<p>      <img loading=\"lazy\" decoding=\"async\" src=\"https:\/\/www.europesays.com\/no\/wp-content\/uploads\/2025\/10\/1759816150_705_83687283.webp\" width=\"147\" height=\"98\" title=\"Stenger omr\u00e5de\" alt=\"\" class=\"lazyload\" style=\"--aspect-ratio-image: 1.50; \"\/><\/p>\n<p>        Stenger omr\u00e5de<\/p>\n<p>    <\/a><\/p>\n<p>&#8211; Hva er han laget av? sp\u00f8r Semb.<\/p>\n<p>&#8211; Jeg er s\u00e5 imponert over balansen og orienteringsevnen. Han mister aldri fokuset p\u00e5 ballen. Han g\u00e5r aldri i offside. Og han scorer m\u00e5l p\u00e5 s\u00e5 mange forskjellige m\u00e5ter. Det er et beist som bryter gjennom.<\/p>\n<p>Verden vil v\u00e6re desperat etter \u00e5 se Haaland i fotball-VM neste sommer.<\/p>\n<p>&#8211; Jeg har aldri f\u00f8lt meg bedre enn n\u00e5, sier han til Sky Sports.<\/p>\n<p>          <img loading=\"lazy\" decoding=\"async\" src=\"https:\/\/www.europesays.com\/no\/wp-content\/uploads\/2025\/10\/1759816150_305_83688014.webp\" width=\"686\" height=\"467\" title=\"TELLER NED: St\u00e5le Solbakken m\u00f8tte mediene p\u00e5 Ullevaal stadion mandag. Foto: Cornelius Poppe \/ NTB\" alt=\"\" class=\"\" style=\"--aspect-ratio-image: 1.47; \"\/><\/p>\n<p>\n          TELLER NED: St\u00e5le Solbakken m\u00f8tte mediene p\u00e5 Ullevaal stadion mandag. Foto: Cornelius Poppe \/ NTB\n      <\/p>\n<p class=\"italic m-italic\" data-lab-italic=\"italic\">&#8211; Hvorfor er han s\u00e5 god n\u00e5? blir Solbakken spurt.<\/p>\n<p>&#8211; Han har g\u00e5tt skadefri veldig lenge. Manchester City ble sl\u00e5tt ut av klubb-VM tidlig. De fikk ferie. Jeg tror han f\u00f8ler seg vel. Jeg tror ogs\u00e5 at han har det generelt bra i livet, sier Solbakken og sikter til rollen som far.<\/p>\n<p>En seier over Israel kan langt p\u00e5 vei sende Norge til VM. Men frav\u00e6ret av en kneskadd Martin \u00d8degaard skaper nerv\u00f8sitet i rekkene.<\/p>\n<p>    <a itemprop=\"url\" href=\"https:\/\/www.dagbladet.no\/sport\/kanskje-en-porsche\/83683650\" rel=\"nofollow noopener\" target=\"_blank\"><\/p>\n<p>      <img loading=\"lazy\" decoding=\"async\" src=\"https:\/\/www.europesays.com\/no\/wp-content\/uploads\/2025\/10\/1759816150_728_83683683.webp\" width=\"980\" height=\"441\" title=\"- Kanskje en Porsche\" alt=\"\" class=\"lazyload\" style=\"--aspect-ratio-image: 2.22; \"\/><\/p>\n<p>        &#8211; Kanskje en Porsche<\/p>\n<p>    <\/a><\/p>\n<p>&#8211; Det er synd. Det er ikke bra for oss, sier Haaland.<\/p>\n<p>&#8211; Jeg h\u00e5per ikke det er s\u00e5 alvorlig. Jeg har ikke snakket med ham, men det s\u00e5 ikke s\u00e6rlig bra ut. Vi kommer til \u00e5 savne kapteinen v\u00e5r.<\/p>\n<p>Avspark: Klokka 18.00 l\u00f8rdag.<\/p>\n","protected":false},"excerpt":{"rendered":"M\u00e5per:\u00a0 Nils Johan Semb om Erling Braut Haaland: &#8211; Hva er han laget av? PRIVATFLY: Erling Braut Haaland&hellip;\n","protected":false},"author":2,"featured_media":54406,"comment_status":"","ping_status":"","sticky":false,"template":"","format":"standard","meta":{"footnotes":""},"categories":[59],"tags":[7454,7455,479,30,28,29,83,82],"class_list":{"0":"post-54405","1":"post","2":"type-post","3":"status-publish","4":"format-standard","5":"has-post-thumbnail","7":"category-sport","8":"tag-ben-affleck","9":"tag-jennifer-lopez","10":"tag-kjendis","11":"tag-no","12":"tag-norge","13":"tag-norway","14":"tag-sport","15":"tag-sports"},"share_on_mastodon":{"url":"","error":""},"_links":{"self":[{"href":"https:\/\/www.europesays.com\/no\/wp-json\/wp\/v2\/posts\/54405","targetHints":{"allow":["GET"]}}],"collection":[{"href":"https:\/\/www.europesays.com\/no\/wp-json\/wp\/v2\/posts"}],"about":[{"href":"https:\/\/www.europesays.com\/no\/wp-json\/wp\/v2\/types\/post"}],"author":[{"embeddable":true,"href":"https:\/\/www.europesays.com\/no\/wp-json\/wp\/v2\/users\/2"}],"replies":[{"embeddable":true,"href":"https:\/\/www.europesays.com\/no\/wp-json\/wp\/v2\/comments?post=54405"}],"version-history":[{"count":0,"href":"https:\/\/www.europesays.com\/no\/wp-json\/wp\/v2\/posts\/54405\/revisions"}],"wp:featuredmedia":[{"embeddable":true,"href":"https:\/\/www.europesays.com\/no\/wp-json\/wp\/v2\/media\/54406"}],"wp:attachment":[{"href":"https:\/\/www.europesays.com\/no\/wp-json\/wp\/v2\/media?parent=54405"}],"wp:term":[{"taxonomy":"category","embeddable":true,"href":"https:\/\/www.europesays.com\/no\/wp-json\/wp\/v2\/categories?post=54405"},{"taxonomy":"post_tag","embeddable":true,"href":"https:\/\/www.europesays.com\/no\/wp-json\/wp\/v2\/tags?post=54405"}],"curies":[{"name":"wp","href":"https:\/\/api.w.org\/{rel}","templated":true}]}}