{"id":54417,"date":"2025-10-07T06:04:09","date_gmt":"2025-10-07T06:04:09","guid":{"rendered":"https:\/\/www.europesays.com\/no\/54417\/"},"modified":"2025-10-07T06:04:09","modified_gmt":"2025-10-07T06:04:09","slug":"tone-damli-ubehagelig","status":"publish","type":"post","link":"https:\/\/www.europesays.com\/no\/54417\/","title":{"rendered":"Tone Damli: \u2013 Ubehagelig"},"content":{"rendered":"\n<p class=\"_lead_1994c_2 _lead_xtcu6_50 layout-component text-serif-m layout-normal text-serif-l layout-component layout-wide layout-padded _wide_17hqh_1 layout-padded\">Artisten forteller p\u00e5 Snapchat at hun har krasjet bilen.<\/p>\n<p><img alt=\" Foto: Lise \u00c5serud \/ NTB\" class=\"_image_qp4xg_65 layout-component layout-wide\" data-fullscreen- data-track-element-type=\"Article image fullscreen\" data-track-name=\"ImageFullscreen\" fetchpriority=\"high\" decoding=\"sync\" loading=\"eager\" height=\"2704\" itemprop=\"image\"  src=\"https:\/\/www.europesays.com\/no\/wp-content\/uploads\/2025\/10\/78022959-b45c-4bdb-9d05-fc10d828e936\"  style=\"object-position:0% 0%\" width=\"4056\"\/> Foto: Lise \u00c5serud \/ NTB<\/p>\n<ul aria-hidden=\"true\" class=\"_images_1y6fe_106\">\n<li><a class=\"_link_1y6fe_111\" href=\"https:\/\/www.vg.no\/forfatter\/siri-berge-christensen\" style=\"z-index:2\" title=\"Siri B. Christensen\" rel=\"nofollow noopener\" target=\"_blank\"><img alt=\"Bilde av Siri B. Christensen\" class=\"_image_1y6fe_88\" fetchpriority=\"low\" loading=\"lazy\" decoding=\"async\" itemprop=\"image\"  src=\"https:\/\/www.europesays.com\/no\/wp-content\/uploads\/2025\/10\/a212173d-addc-4415-bc7f-65a81611930f\"  width=\"480\"\/><\/a><\/li>\n<li><a class=\"_link_1y6fe_111\" href=\"https:\/\/www.vg.no\/forfatter\/hanne-kretuz-hansen\" style=\"z-index:1\" title=\"Hanne Kreutz-Hansen\" rel=\"nofollow noopener\" target=\"_blank\"><img alt=\"Bilde av Hanne Kreutz-Hansen\" class=\"_image_1y6fe_88\" fetchpriority=\"low\" loading=\"lazy\" decoding=\"async\" itemprop=\"image\"  src=\"https:\/\/www.europesays.com\/no\/wp-content\/uploads\/2025\/10\/1759817049_738_91499188-43f5-43fa-b038-5716eac94ffb\"  width=\"480\"\/><\/a><\/li>\n<\/ul>\n<p> Oppdatert tirsdag 7. oktober kl. 07:35     <\/p>\n<p class=\"_paragraph_1994c_4 _paragraph_xtcu6_10 layout-component text-serif-m layout-normal text-serif-m layout-padded\">Innlegget ble lagt ut mandag ettermiddag, der Tone Damli (40) forteller om den da ferske hendelsen.<\/p>\n<p class=\"_paragraph_1994c_4 _paragraph_xtcu6_10 layout-component text-serif-m layout-normal text-serif-m layout-padded\">\u2013  Jeg har akkurat krasjet bilen, sier hun og legger til: <\/p>\n<p class=\"_paragraph_1994c_4 _paragraph_xtcu6_10 layout-component text-serif-m layout-normal text-serif-m layout-padded\">\u2013 Pulsen begynner \u00e5 g\u00e5 litt ned n\u00e5, men jeg blir litt s\u00e5nn \u00abshaky\u00bb og uvel av det. <\/p>\n<p class=\"_paragraph_1994c_4 _paragraph_xtcu6_10 layout-component text-serif-m layout-normal text-serif-m layout-padded\">I videoen forteller hun \u00e6rlig at hendelsen opplevdes som \u00abordentlig ubehagelig\u00bb. Samtidig understreker hun at det g\u00e5r bra med b\u00e5de henne og de andre involverte.<\/p>\n<p class=\"_paragraph_1994c_4 _paragraph_xtcu6_10 layout-component text-serif-m layout-normal text-serif-m layout-padded\">Damli har ikke delt bilder av bilen, men sier at hun har v\u00e6rt i kontakt med forsikringsselskapet. Hvor ulykken fant sted, er forel\u00f8pig uklart.<\/p>\n<p class=\"_paragraph_1994c_4 _paragraph_xtcu6_10 layout-component text-serif-m layout-normal text-serif-m layout-padded\">Hun innr\u00f8mmer at hun er oppgitt over seg selv, men understreker at det kunne ha g\u00e5tt verre.<\/p>\n<p class=\"_paragraph_1994c_4 _paragraph_xtcu6_10 layout-component text-serif-m layout-normal text-serif-m layout-padded\">VG har fors\u00f8kt \u00e5 f\u00e5 en kommentar fra Damli og hennes manager, David Eriksen, men har forel\u00f8pig ikke lykkes.<\/p>\n","protected":false},"excerpt":{"rendered":"Artisten forteller p\u00e5 Snapchat at hun har krasjet bilen. Foto: Lise \u00c5serud \/ NTB Oppdatert tirsdag 7. oktober&hellip;\n","protected":false},"author":2,"featured_media":54418,"comment_status":"","ping_status":"","sticky":false,"template":"","format":"standard","meta":{"footnotes":""},"categories":[58],"tags":[71,30,28,29,3518,72],"class_list":{"0":"post-54417","1":"post","2":"type-post","3":"status-publish","4":"format-standard","5":"has-post-thumbnail","7":"category-underholdning","8":"tag-entertainment","9":"tag-no","10":"tag-norge","11":"tag-norway","12":"tag-tone-damli-aaberge","13":"tag-underholdning"},"share_on_mastodon":{"url":"","error":""},"_links":{"self":[{"href":"https:\/\/www.europesays.com\/no\/wp-json\/wp\/v2\/posts\/54417","targetHints":{"allow":["GET"]}}],"collection":[{"href":"https:\/\/www.europesays.com\/no\/wp-json\/wp\/v2\/posts"}],"about":[{"href":"https:\/\/www.europesays.com\/no\/wp-json\/wp\/v2\/types\/post"}],"author":[{"embeddable":true,"href":"https:\/\/www.europesays.com\/no\/wp-json\/wp\/v2\/users\/2"}],"replies":[{"embeddable":true,"href":"https:\/\/www.europesays.com\/no\/wp-json\/wp\/v2\/comments?post=54417"}],"version-history":[{"count":0,"href":"https:\/\/www.europesays.com\/no\/wp-json\/wp\/v2\/posts\/54417\/revisions"}],"wp:featuredmedia":[{"embeddable":true,"href":"https:\/\/www.europesays.com\/no\/wp-json\/wp\/v2\/media\/54418"}],"wp:attachment":[{"href":"https:\/\/www.europesays.com\/no\/wp-json\/wp\/v2\/media?parent=54417"}],"wp:term":[{"taxonomy":"category","embeddable":true,"href":"https:\/\/www.europesays.com\/no\/wp-json\/wp\/v2\/categories?post=54417"},{"taxonomy":"post_tag","embeddable":true,"href":"https:\/\/www.europesays.com\/no\/wp-json\/wp\/v2\/tags?post=54417"}],"curies":[{"name":"wp","href":"https:\/\/api.w.org\/{rel}","templated":true}]}}