{"id":54419,"date":"2025-10-07T06:06:10","date_gmt":"2025-10-07T06:06:10","guid":{"rendered":"https:\/\/www.europesays.com\/no\/54419\/"},"modified":"2025-10-07T06:06:10","modified_gmt":"2025-10-07T06:06:10","slug":"renault-scenic-eier-morten-fikk-monsterregning-for-odelagt-armlene","status":"publish","type":"post","link":"https:\/\/www.europesays.com\/no\/54419\/","title":{"rendered":"Renault Scenic-eier Morten fikk monsterregning for \u00f8delagt armlene"},"content":{"rendered":"<p class=\"kicker text-red color_mobile_text-red\" style=\"\">Renault Scenic:<\/p>\n<p>  Reservedelen til Mortens nye bil var langt fra billig.<\/p>\n<p>\n    Her ser du midtarmlenet i baksetet p\u00e5 en Renault Scenic. Illustrasjonsfoto: Fred Magne Skilleb\u00e6k.\n  <\/p>\n<p>(Elbil24): Danske Morten Jespersen har f\u00e5tt oppmerksomhet i hjemlandet etter at han fortalte om en uventet og ikke annet enn sjokkerende regning han fikk tilsendt av Renault.<\/p>\n<p>Jespersen eier en Renault Scenic som han kj\u00f8pte i 2024. Bilen ble k\u00e5ret til <a href=\"https:\/\/www.elbil24.no\/nyheter\/renault-scenic-er-car-of-the-year-2024\/81032226\" rel=\"nofollow noopener\" target=\"_blank\">Car of the Year 2024<\/a> og Renault har v\u00e6rt s\u00e5 forn\u00f8yd med modellen sin at de <a href=\"https:\/\/www.elbil24.no\/nyheter\/erter-tesla-eiere-sjekk-denne-frekke-reklamen\/81829059\" rel=\"nofollow noopener\" target=\"_blank\">ertet Tesla-eiere i et frekt reklame-stunt<\/a>.<\/p>\n<p>Renault har gjort et poeng ut av at de tilbyr det de mener er lang rekkevidde for en lav pris, men n\u00e5 m\u00e5 det sies at ikke alt av Scenic-priser imponerer. Det fikk nevnte Jespersen erfare da armlenet i baksetet m\u00e5tte repareres.<\/p>\n<p>I et intervju med <a href=\"https:\/\/jyllands-posten.dk\/biler\/ECE18560800\/simpel-reservedel-i-morten-jespersens-nye-elbil-koster-en-formue-og-garantien-daekker-ikke\" rel=\"nofollow noopener\" target=\"_blank\">Jyllands-Posten<\/a>\u00a0(krever abonnement) forteller Jesperen om at han forventet en regning p\u00e5 noen tusen kroner for \u00e5 erstatte den \u00f8delagte braketten i armlenet. I stedet mottok han en oppsiktsvekkende faktura.<\/p>\n<p>    <a itemprop=\"url\" href=\"https:\/\/www.elbil24.no\/pro\/hva-klarer-nye-renault-scenic-i-18-minus\/80989892\" rel=\"nofollow noopener\" target=\"_blank\"><\/p>\n<p>      <img loading=\"lazy\" decoding=\"async\" src=\"https:\/\/www.europesays.com\/no\/wp-content\/uploads\/2025\/10\/80990015.webp\" width=\"147\" height=\"98\" title=\"Hva klarer Renault Scenic i 18 minus?\" alt=\"\" class=\"lazyload\" style=\"--aspect-ratio-image: 1.50; \"\/><\/p>\n<p>        Hva klarer Renault Scenic i 18 minus?<\/p>\n<p>    <\/a><\/p>\n<p>&#8211; Ble helt paff\t<\/p>\n<p>Renault \u00f8nsket ikke mindre enn 48 643,84 danske kroner for armlenet (dr\u00f8ye 75\u00a0000 norske kroner). Og da er ikke en gang arbeidet med \u00e5 bytte den inkludert.<\/p>\n<p>\u2013 Da de sa prisen, ble jeg helt paff. F\u00f8rst trodde jeg at de kanskje hadde regnet feil ved omregningen fra euro, men det ble bekreftet flere ganger, forteller han.<\/p>\n<p>Armlenet i Scenic er spesialdesignet for nettopp Scenic og huser b\u00e5de koppholdere og ladeuttak.<\/p>\n<p>          <img loading=\"lazy\" decoding=\"async\" src=\"https:\/\/www.europesays.com\/no\/wp-content\/uploads\/2025\/10\/83685919.webp\" width=\"686\" height=\"392\" title=\"Her er det muligheter for \u00e5 oppbevare drikke og lade telefonen. Foto: Fred Magne Skilleb\u00e6k.\" alt=\"\" class=\"\" style=\"--aspect-ratio-image: 1.75; \"\/><\/p>\n<p>\n          Her er det muligheter for \u00e5 oppbevare drikke og lade telefonen. Foto: Fred Magne Skilleb\u00e6k.\n      <\/p>\n<p>Ettersom braketten i armlenet r\u00f8k av en \u00abytre p\u00e5virkning\u00bb, var Renault klar p\u00e5 at skaden ikke dekkes av garantien:<\/p>\n<p>\u2013 B\u00e5de verkstedet og Renaults garantiansvarlige er, etter n\u00f8ye gjennomgang og fotodokumentasjon, av den klare oppfatning at armlenet har blitt \u00f8delagt som f\u00f8lge av en ytre p\u00e5virkning. Det er alts\u00e5 ikke snakk om en konstruksjonsfeil, skriver import\u00f8ren til den danske avisa.<\/p>\n<p>Dermed fikk Jespersen beskjed om at han m\u00e5tte betale av egen lomme for \u00e5 fikse armlenet, og ble oppfordret til \u00e5 henvende seg til eget forsikringsselskap for st\u00f8tte.<\/p>\n<p>Han undrer seg hvordan det kan v\u00e6re s\u00e5 dyrt \u00e5 f\u00e5 byttet et plastlokk til midtarmlenet:<\/p>\n<p>\u2013 Det m\u00e5 enten bunne i at Renault har mistet grepet og skrudd prisene opp til et niv\u00e5 som er fullstendig umenneskelig, eller at konstruksjonen er gjennomf\u00f8rt idiotisk laget, sier han.<\/p>\n<p>    <a itemprop=\"url\" href=\"https:\/\/www.elbil24.no\/pro\/disse-bilene-kom-til-norge-i-september\/83666173\" rel=\"nofollow noopener\" target=\"_blank\"><\/p>\n<p>      <img loading=\"lazy\" decoding=\"async\" src=\"https:\/\/www.europesays.com\/no\/wp-content\/uploads\/2025\/10\/83666532.webp\" width=\"980\" height=\"441\" title=\"Disse bilene kom til Norge i september\" alt=\"\" class=\"lazyload\" style=\"--aspect-ratio-image: 2.22; \"\/><\/p>\n<p>        Disse bilene kom til Norge i september<\/p>\n<p>    <\/a><\/p>\n<p>Renault har snudd\t<\/p>\n<p>Jespersen har nektet \u00e5 betale regningen, og saken har f\u00e5tt mye oppmerksomhet i Danmark. Andre Scenic-eiere har naturlig nok engasjert seg, og det samme har biljournalisten Anders Berner.<\/p>\n<p>Berner er kjent blant annet for sin egen Youtube-kanal og for \u00e5 fungere som en slags vaktbikkje for danske bilkj\u00f8pere. Han gikk knallhardt ut mot Renault etter \u00e5 ha satt seg inn i saken.<\/p>\n<p>\u00abJeg er ikke i tvil om hva dette handler om: \u00e5 tjene penger p\u00e5 biler de ikke tjente penger p\u00e5 i utgangspunktet\u00bb, skrev Berner p\u00e5 egen Facebook-side if\u00f8lge danske <a href=\"https:\/\/www.inputmag.dk\/nyt-armlaen-til-renault-scenic-koster-dansker-50-000-kroner\/\" rel=\"nofollow noopener\" target=\"_blank\">Inputmag<\/a>.<\/p>\n<p>Renault Danmark har i etterkant snudd og vil likevel ikke kreve penger av Jesepersen. Inputmag skriver f\u00f8lgende:<\/p>\n<p>\u00abEtter at saken kom fram i pressen, har Renault valgt \u00e5 holde Morten Jespersen skadesl\u00f8s og \u00e5 dekke liknende saker i fremtiden\u00bb.<\/p>\n<p>Det er gledelig for b\u00e5de Jespersen og eventuelt andre eiere som skulle vise seg \u00e5 v\u00e6re uheldige. At reservedeler til nye og moderne biler kan v\u00e6re dyre, er imidlertid ikke noe nytt. Det gj\u00f8r at du m\u00e5 regne med h\u00f8ye egenandeler om noe skulle g\u00e5 i stykker, og ofte betyr det ogs\u00e5 dyrere forsikring:<\/p>\n<p>    <a itemprop=\"url\" href=\"https:\/\/www.elbil24.no\/nyheter\/steinspruten-kan-bli-svindyr\/82296940\" rel=\"nofollow noopener\" target=\"_blank\"><\/p>\n<p>      <img loading=\"lazy\" decoding=\"async\" src=\"https:\/\/www.europesays.com\/no\/wp-content\/uploads\/2025\/10\/82265272.webp\" width=\"980\" height=\"441\" title=\"Steinspruten kan i verste fall bli svindyr\" alt=\"\" class=\"lazyload\" style=\"--aspect-ratio-image: 2.22; \"\/><\/p>\n<p>        Steinspruten kan i verste fall bli svindyr<\/p>\n<p>    <\/a><\/p>\n","protected":false},"excerpt":{"rendered":"Renault Scenic: Reservedelen til Mortens nye bil var langt fra billig. Her ser du midtarmlenet i baksetet p\u00e5&hellip;\n","protected":false},"author":2,"featured_media":54420,"comment_status":"","ping_status":"","sticky":false,"template":"","format":"standard","meta":{"footnotes":""},"categories":[56],"tags":[8216,60,61,267,62,30,28,29,14,4119,8219,8218,8217],"class_list":{"0":"post-54419","1":"post","2":"type-post","3":"status-publish","4":"format-standard","5":"has-post-thumbnail","7":"category-naeringsliv","8":"tag-armlene","9":"tag-business","10":"tag-economy","11":"tag-elbil","12":"tag-naeringsliv","13":"tag-no","14":"tag-norge","15":"tag-norway","16":"tag-nyheter","17":"tag-renault","18":"tag-renault-scenic","19":"tag-reservedeler","20":"tag-scenic"},"share_on_mastodon":{"url":"","error":""},"_links":{"self":[{"href":"https:\/\/www.europesays.com\/no\/wp-json\/wp\/v2\/posts\/54419","targetHints":{"allow":["GET"]}}],"collection":[{"href":"https:\/\/www.europesays.com\/no\/wp-json\/wp\/v2\/posts"}],"about":[{"href":"https:\/\/www.europesays.com\/no\/wp-json\/wp\/v2\/types\/post"}],"author":[{"embeddable":true,"href":"https:\/\/www.europesays.com\/no\/wp-json\/wp\/v2\/users\/2"}],"replies":[{"embeddable":true,"href":"https:\/\/www.europesays.com\/no\/wp-json\/wp\/v2\/comments?post=54419"}],"version-history":[{"count":0,"href":"https:\/\/www.europesays.com\/no\/wp-json\/wp\/v2\/posts\/54419\/revisions"}],"wp:featuredmedia":[{"embeddable":true,"href":"https:\/\/www.europesays.com\/no\/wp-json\/wp\/v2\/media\/54420"}],"wp:attachment":[{"href":"https:\/\/www.europesays.com\/no\/wp-json\/wp\/v2\/media?parent=54419"}],"wp:term":[{"taxonomy":"category","embeddable":true,"href":"https:\/\/www.europesays.com\/no\/wp-json\/wp\/v2\/categories?post=54419"},{"taxonomy":"post_tag","embeddable":true,"href":"https:\/\/www.europesays.com\/no\/wp-json\/wp\/v2\/tags?post=54419"}],"curies":[{"name":"wp","href":"https:\/\/api.w.org\/{rel}","templated":true}]}}